{"id":373806,"date":"2025-08-26T05:56:23","date_gmt":"2025-08-26T05:56:23","guid":{"rendered":"https:\/\/www.europesays.com\/de\/373806\/"},"modified":"2025-08-26T05:56:23","modified_gmt":"2025-08-26T05:56:23","slug":"baum-unternehmensgruppe-erwirbt-wohnungsportfolio-in-hannover","status":"publish","type":"post","link":"https:\/\/www.europesays.com\/de\/373806\/","title":{"rendered":"Baum Unternehmensgruppe erwirbt Wohnungsportfolio in Hannover"},"content":{"rendered":"<p>\t\t\t\t\t<img width=\"662\" height=\"244\" src=\"https:\/\/www.europesays.com\/de\/wp-content\/uploads\/2025\/08\/Baum-Immobilienkauf-25.jpg\" class=\"attachment-full size-full wp-post-image\" alt=\"Baum Unternehmensgruppe erwirbt Wohnungsportfolio in Hannover\" decoding=\"async\" fetchpriority=\"high\"  \/><\/p>\n<p>F\u00fcnf Mehrfamilienh\u00e4user hat die Baum Unternehmensgruppe im Zooviertel erworben &#8211; Foto: Baum<\/p>\n<p>\t\t\tAnzeige<br \/><a href=\"https:\/\/www.daniela-busche.de\" target=\"_blank\" rel=\"nofollow noopener\"><img decoding=\"async\" src=\"https:\/\/www.europesays.com\/de\/wp-content\/uploads\/2025\/07\/DB_SehndeNews_Anzeige_022.gif\" alt=\"Werben Sie bei Sehnde-News\"\/><\/a><\/p>\n<p>Die Baum Unternehmensgruppe hat im August 2025 f\u00fcnf Mehrfamilienh\u00e4user im Zooviertel Hannover erworben. Die Liegenschaften stammen aus zwei Erbengemeinschaften. Mit dem Ankauf st\u00e4rkt die Baum Unternehmensgruppe nicht nur ihre Pr\u00e4senz in einer der besten Lagen Hannovers, sondern setzt ihre langfristige Strategie zur Erweiterung des eigenen Immobilienportfolios fort.<\/p>\n<p>Somit hat die Baum Unternehmensgruppe ihren Wohnungsbestand in den letzten sechs Monaten um \u00fcber 400 Wohneinheiten erweitert. Neben diesen Transaktionen hat Baum im Jahr 2025 ein Wohnungsportfolio von der MEAG und ein Hochhaus von der HRG erworben, weitere Ank\u00e4ufe f\u00fcr den eigenen Bestand sind geplant. \u201eDie f\u00fcnf Objekte zeichnen sich durch ihre gewachsene Struktur, die zentrale Lage und ein hohes Entwicklungspotenzial aus\u201c, erkl\u00e4rt Gregor Baum, Gesch\u00e4ftsf\u00fchrender Gesellschafter der Baum Unternehmensgruppe. \u201eUnser Ziel ist es, unseren Wohnungsbestand in der Stadt und in der Region Hannover zu erweitern.\u201c<\/p>\n<p>Die Baum Unternehmensgruppe ist ein inhabergef\u00fchrtes, breit aufgestelltes Immobilienunternehmen in Hannover. Das Leistungsspektrum reicht von der Planung und Realisierung von Wohn- und B\u00fcroimmobilien bis zur Entwicklung von Logistik-, Hotel-, Einzelhandels- und Sozialimmobilien sowie exklusive Ferienh\u00e4user auf Mallorca. Weiter h\u00e4lt die Baum Unternehmensgruppe ein Immobilienportfolio aus Wohn- und Gewerbeeinheiten mit Fokus auf Norddeutschland im eigenen Bestand.<\/p>\n<p>Anzeige<br \/><a href=\"https:\/\/www.villamare-sehnde.de\/catering_villamare-catering-sehnde-hannover\/\" target=\"_blank\" rel=\"nofollow noopener\"><img decoding=\"async\" src=\"https:\/\/www.europesays.com\/de\/wp-content\/uploads\/2025\/06\/Catering-Villa.gif\" alt=\"Werben Sie bei Sehnde-News\"\/><\/a><\/p>\n","protected":false},"excerpt":{"rendered":"F\u00fcnf Mehrfamilienh\u00e4user hat die Baum Unternehmensgruppe im Zooviertel erworben &#8211; Foto: Baum Anzeige Die Baum Unternehmensgruppe hat im&hellip;\n","protected":false},"author":2,"featured_media":373807,"comment_status":"","ping_status":"","sticky":false,"template":"","format":"standard","meta":{"footnotes":""},"categories":[1836],"tags":[3364,29,30,46,1411],"class_list":{"0":"post-373806","1":"post","2":"type-post","3":"status-publish","4":"format-standard","5":"has-post-thumbnail","7":"category-hannover","8":"tag-de","9":"tag-deutschland","10":"tag-germany","11":"tag-hannover","12":"tag-niedersachsen"},"share_on_mastodon":{"url":"https:\/\/pubeurope.com\/@de\/115093529195278049","error":""},"_links":{"self":[{"href":"https:\/\/www.europesays.com\/de\/wp-json\/wp\/v2\/posts\/373806","targetHints":{"allow":["GET"]}}],"collection":[{"href":"https:\/\/www.europesays.com\/de\/wp-json\/wp\/v2\/posts"}],"about":[{"href":"https:\/\/www.europesays.com\/de\/wp-json\/wp\/v2\/types\/post"}],"author":[{"embeddable":true,"href":"https:\/\/www.europesays.com\/de\/wp-json\/wp\/v2\/users\/2"}],"replies":[{"embeddable":true,"href":"https:\/\/www.europesays.com\/de\/wp-json\/wp\/v2\/comments?post=373806"}],"version-history":[{"count":0,"href":"https:\/\/www.europesays.com\/de\/wp-json\/wp\/v2\/posts\/373806\/revisions"}],"wp:featuredmedia":[{"embeddable":true,"href":"https:\/\/www.europesays.com\/de\/wp-json\/wp\/v2\/media\/373807"}],"wp:attachment":[{"href":"https:\/\/www.europesays.com\/de\/wp-json\/wp\/v2\/media?parent=373806"}],"wp:term":[{"taxonomy":"category","embeddable":true,"href":"https:\/\/www.europesays.com\/de\/wp-json\/wp\/v2\/categories?post=373806"},{"taxonomy":"post_tag","embeddable":true,"href":"https:\/\/www.europesays.com\/de\/wp-json\/wp\/v2\/tags?post=373806"}],"curies":[{"name":"wp","href":"https:\/\/api.w.org\/{rel}","templated":true}]}}