{"id":373821,"date":"2025-08-26T06:04:10","date_gmt":"2025-08-26T06:04:10","guid":{"rendered":"https:\/\/www.europesays.com\/de\/373821\/"},"modified":"2025-08-26T06:04:10","modified_gmt":"2025-08-26T06:04:10","slug":"informationsveranstaltung-schluckstoerung-genuss-trotz-dysphagie","status":"publish","type":"post","link":"https:\/\/www.europesays.com\/de\/373821\/","title":{"rendered":"Informationsveranstaltung: Schluckst\u00f6rung \u2013 Genuss trotz Dysphagie"},"content":{"rendered":"<p>Schlucken ist ein nat\u00fcrlicher, automatisch ablaufender Prozess, \u00fcber den wir uns keine Gedanken machen m\u00fcssen. Dabei dient der nat\u00fcrliche Schluckvorgang nicht nur der Nahrungs- und Fl\u00fcssigkeitsaufnahme, auch bereitet er Genuss und Lebensfreude \u2013 vorausgesetzt alles funktioniert einwandfrei. Schluckst\u00f6rungen unterschiedlicher Ursache werden als Dysphagie bezeichnet.<\/p>\n<p>Dysphagie-Betroffenen geht oft die Freude am Essen in der Gesellschaft verloren. Sie haben Angst sich zu verschlucken oder sorgen sich, dass jemand beobachtet, wenn ihnen Essen aus dem Mund l\u00e4uft. Die Nahrungs- und Fl\u00fcssigkeitsaufnahme wird von den Betroffenen daher oft vernachl\u00e4ssigt oder gar verweigert. So kommt es zu Dehydration und Mangelern\u00e4hrung.<\/p>\n<p>Das H\u00fcttenhospital in H\u00f6rde m\u00f6chte zu dem Thema informieren und mit Betroffenen und deren Angeh\u00f6rigen ins Gespr\u00e4ch kommen. Die hauseigenen Expertinnen aus der Sprachtherapie, Nadine Reitemeier und Corinna Bauer-Elbin, laden f\u00fcr Dienstag, den 09. September 2025; um 15:30 Uhr, zu einem Austausch in die Tagesklinik des H\u00fcttenhospitals, Zutritt \u00fcber die Alemannenstra\u00dfe, ein.<\/p>\n<p>Es wird um vorherige Anmeldung unter: 0231\/4619-247 oder 0231\/4619-257 gebeten.<\/p>\n","protected":false},"excerpt":{"rendered":"Schlucken ist ein nat\u00fcrlicher, automatisch ablaufender Prozess, \u00fcber den wir uns keine Gedanken machen m\u00fcssen. Dabei dient der&hellip;\n","protected":false},"author":2,"featured_media":373822,"comment_status":"","ping_status":"","sticky":false,"template":"","format":"standard","meta":{"footnotes":""},"categories":[1833],"tags":[3364,29,217,30,1209],"class_list":{"0":"post-373821","1":"post","2":"type-post","3":"status-publish","4":"format-standard","5":"has-post-thumbnail","7":"category-dortmund","8":"tag-de","9":"tag-deutschland","10":"tag-dortmund","11":"tag-germany","12":"tag-nordrhein-westfalen"},"share_on_mastodon":{"url":"https:\/\/pubeurope.com\/@de\/115093560661176876","error":""},"_links":{"self":[{"href":"https:\/\/www.europesays.com\/de\/wp-json\/wp\/v2\/posts\/373821","targetHints":{"allow":["GET"]}}],"collection":[{"href":"https:\/\/www.europesays.com\/de\/wp-json\/wp\/v2\/posts"}],"about":[{"href":"https:\/\/www.europesays.com\/de\/wp-json\/wp\/v2\/types\/post"}],"author":[{"embeddable":true,"href":"https:\/\/www.europesays.com\/de\/wp-json\/wp\/v2\/users\/2"}],"replies":[{"embeddable":true,"href":"https:\/\/www.europesays.com\/de\/wp-json\/wp\/v2\/comments?post=373821"}],"version-history":[{"count":0,"href":"https:\/\/www.europesays.com\/de\/wp-json\/wp\/v2\/posts\/373821\/revisions"}],"wp:featuredmedia":[{"embeddable":true,"href":"https:\/\/www.europesays.com\/de\/wp-json\/wp\/v2\/media\/373822"}],"wp:attachment":[{"href":"https:\/\/www.europesays.com\/de\/wp-json\/wp\/v2\/media?parent=373821"}],"wp:term":[{"taxonomy":"category","embeddable":true,"href":"https:\/\/www.europesays.com\/de\/wp-json\/wp\/v2\/categories?post=373821"},{"taxonomy":"post_tag","embeddable":true,"href":"https:\/\/www.europesays.com\/de\/wp-json\/wp\/v2\/tags?post=373821"}],"curies":[{"name":"wp","href":"https:\/\/api.w.org\/{rel}","templated":true}]}}