{"id":373895,"date":"2025-08-26T06:50:11","date_gmt":"2025-08-26T06:50:11","guid":{"rendered":"https:\/\/www.europesays.com\/de\/373895\/"},"modified":"2025-08-26T06:50:11","modified_gmt":"2025-08-26T06:50:11","slug":"mayence-acoustique-e-v-praesentiert-meenzer-triple-live-am-28-august-im-m8-liveclub-sensor-magazin","status":"publish","type":"post","link":"https:\/\/www.europesays.com\/de\/373895\/","title":{"rendered":"mayence acoustique e.V. pr\u00e4sentiert: Meenzer Triple live am 28. August im M8-Liveclub &#8211; sensor Magazin"},"content":{"rendered":"<p>        <img fetchpriority=\"high\" decoding=\"async\" class=\"size-article-full-half wp-image-76748\" src=\"https:\/\/www.europesays.com\/de\/wp-content\/uploads\/2025\/08\/Pressefoto-Annette-Bessell\u00a9\ufe0fAndrea-Schombara-380x380.jpg\" alt=\"\" width=\"380\" height=\"380\"  \/>Annette Bessel, Foto: Andrea Schombara<\/p>\n<p>Am Donnerstag, 28. August 2025, l\u00e4dt der mayence acoustique e.V. um 20:30 Uhr zu einem vielseitigen Konzertabend in den M8-Liveclub im Haus der Jugend, Mitternachtsgasse 8, ein. Drei Musiker, ein Abend \u2013 Singer-Songwriterin Annette Bessell, Gitarrist Stephan Thomas Weniger und Musiker Nils K\u00f6bel pr\u00e4sentieren eigene Kompositionen und kreative Coverversionen. Der Eintritt ist frei.<\/p>\n<p data-start=\"616\" data-end=\"952\">Mit dem Konzertformat \u201eMeenzer Triple\u201c bringt der Verein mayence acoustique e.V. gleich drei seiner Mitglieder gemeinsam auf die B\u00fchne. In wechselnden Konstellationen \u2013 solo, als Duo oder Trio \u2013 gestalten Annette Bessell, Stephan Thomas Weniger und Nils K\u00f6bel einen Abend mit eigenem Stil und breitem musikalischem Spektrum.<\/p>\n<p data-start=\"954\" data-end=\"1384\">Annette Bessell interpretiert Songs von K\u00fcnstlern wie Tori Amos oder Velvet Underground auf ihre pers\u00f6nliche Weise und setzt dabei auf eine Mischung aus Emotion, Aussagekraft und Spielfreude. Stephan Thomas Weniger pr\u00e4sentiert instrumentale Miniaturen \u2013 poetisch, vertr\u00e4umt und inspiriert von sommerlichen N\u00e4chten. Nils K\u00f6bel erg\u00e4nzt das Programm mit klassischem Americana-Sound: Folk, Rock, Country und Blues von Bob Dylan bis Tom Petty.<\/p>\n<p data-start=\"1386\" data-end=\"1459\">Einlass ist ab 20 Uhr, Konzertbeginn um 20:30 Uhr. Der Eintritt ist frei.<\/p>\n","protected":false},"excerpt":{"rendered":"Annette Bessel, Foto: Andrea Schombara Am Donnerstag, 28. August 2025, l\u00e4dt der mayence acoustique e.V. um 20:30 Uhr&hellip;\n","protected":false},"author":2,"featured_media":373896,"comment_status":"","ping_status":"","sticky":false,"template":"","format":"standard","meta":{"footnotes":""},"categories":[1847],"tags":[3364,29,548,663,3934,30,13,2052,14,15,12,4544],"class_list":{"0":"post-373895","1":"post","2":"type-post","3":"status-publish","4":"format-standard","5":"has-post-thumbnail","7":"category-wiesbaden","8":"tag-de","9":"tag-deutschland","10":"tag-eu","11":"tag-europa","12":"tag-europe","13":"tag-germany","14":"tag-headlines","15":"tag-hessen","16":"tag-nachrichten","17":"tag-news","18":"tag-schlagzeilen","19":"tag-wiesbaden"},"share_on_mastodon":{"url":"https:\/\/pubeurope.com\/@de\/115093741579454382","error":""},"_links":{"self":[{"href":"https:\/\/www.europesays.com\/de\/wp-json\/wp\/v2\/posts\/373895","targetHints":{"allow":["GET"]}}],"collection":[{"href":"https:\/\/www.europesays.com\/de\/wp-json\/wp\/v2\/posts"}],"about":[{"href":"https:\/\/www.europesays.com\/de\/wp-json\/wp\/v2\/types\/post"}],"author":[{"embeddable":true,"href":"https:\/\/www.europesays.com\/de\/wp-json\/wp\/v2\/users\/2"}],"replies":[{"embeddable":true,"href":"https:\/\/www.europesays.com\/de\/wp-json\/wp\/v2\/comments?post=373895"}],"version-history":[{"count":0,"href":"https:\/\/www.europesays.com\/de\/wp-json\/wp\/v2\/posts\/373895\/revisions"}],"wp:featuredmedia":[{"embeddable":true,"href":"https:\/\/www.europesays.com\/de\/wp-json\/wp\/v2\/media\/373896"}],"wp:attachment":[{"href":"https:\/\/www.europesays.com\/de\/wp-json\/wp\/v2\/media?parent=373895"}],"wp:term":[{"taxonomy":"category","embeddable":true,"href":"https:\/\/www.europesays.com\/de\/wp-json\/wp\/v2\/categories?post=373895"},{"taxonomy":"post_tag","embeddable":true,"href":"https:\/\/www.europesays.com\/de\/wp-json\/wp\/v2\/tags?post=373895"}],"curies":[{"name":"wp","href":"https:\/\/api.w.org\/{rel}","templated":true}]}}