{"id":373999,"date":"2025-08-26T07:50:12","date_gmt":"2025-08-26T07:50:12","guid":{"rendered":"https:\/\/www.europesays.com\/de\/373999\/"},"modified":"2025-08-26T07:50:12","modified_gmt":"2025-08-26T07:50:12","slug":"auto-bleibt-auf-der-seite-liegen-zwei-verletzte","status":"publish","type":"post","link":"https:\/\/www.europesays.com\/de\/373999\/","title":{"rendered":"Auto bleibt auf der Seite liegen \u2013 zwei Verletzte"},"content":{"rendered":"<p class=\"tspBYly\">Bei einem Unfall in Berlin-Mitte sind am Dienstagmorgen zwei Menschen verletzt worden. Wie die Feuerwehr am Vormittag mitteilte, stie\u00dfen zwei Autos an der Kreuzung von Alexander- und Stralauer Stra\u00dfe im morgendlichen Berufsverkehr zusammen.<\/p>\n<p class=\"tspBYly\">Wie eine Polizeisprecherin dem Tagesspiegel sagte, habe ein 28-J\u00e4hriger mit seinem Fahrzeug von der Holzmarktstra\u00dfe auf die Jannowitzbr\u00fccke einbiegen wollen, wobei er mit dem entgegenkommenden Auto eines 29-J\u00e4hrigen zusammengesto\u00dfen sei.<\/p>\n<p>Bezirke-Newsletter: Mitte<\/p>\n<p><img decoding=\"async\" src=\"https:\/\/www.europesays.com\/de\/wp-content\/uploads\/2025\/04\/icon-mitte.png\" alt=\"\" class=\"tspB4l1\"\/><\/p>\n<p class=\"tspB4mw\"> Mehr Neuigkeiten zum Bezirk gibt es in unserem Newsletter \u2014 jede Woche per E-Mail. <\/p>\n<p class=\"tspBYly\">Daraufhin blieb das abbiegende Fahrzeug auf der Seite liegen, die alarmierten Einsatzkr\u00e4fte richteten es wieder auf. Bereits vor dem Eintreffen der Feuerwehr konnten sich die beiden Insassen demnach aus ihren Autos befreien, sie wurden nur leicht verletzt. <\/p>\n","protected":false},"excerpt":{"rendered":"Bei einem Unfall in Berlin-Mitte sind am Dienstagmorgen zwei Menschen verletzt worden. Wie die Feuerwehr am Vormittag mitteilte,&hellip;\n","protected":false},"author":2,"featured_media":374000,"comment_status":"","ping_status":"","sticky":false,"template":"","format":"standard","meta":{"footnotes":""},"categories":[1825],"tags":[296,29,985,30,20069,2101],"class_list":{"0":"post-373999","1":"post","2":"type-post","3":"status-publish","4":"format-standard","5":"has-post-thumbnail","7":"category-berlin","8":"tag-berlin","9":"tag-deutschland","10":"tag-feuerwehr","11":"tag-germany","12":"tag-klinik","13":"tag-verkehrsungluecke"},"share_on_mastodon":{"url":"https:\/\/pubeurope.com\/@de\/115093977558516282","error":""},"_links":{"self":[{"href":"https:\/\/www.europesays.com\/de\/wp-json\/wp\/v2\/posts\/373999","targetHints":{"allow":["GET"]}}],"collection":[{"href":"https:\/\/www.europesays.com\/de\/wp-json\/wp\/v2\/posts"}],"about":[{"href":"https:\/\/www.europesays.com\/de\/wp-json\/wp\/v2\/types\/post"}],"author":[{"embeddable":true,"href":"https:\/\/www.europesays.com\/de\/wp-json\/wp\/v2\/users\/2"}],"replies":[{"embeddable":true,"href":"https:\/\/www.europesays.com\/de\/wp-json\/wp\/v2\/comments?post=373999"}],"version-history":[{"count":0,"href":"https:\/\/www.europesays.com\/de\/wp-json\/wp\/v2\/posts\/373999\/revisions"}],"wp:featuredmedia":[{"embeddable":true,"href":"https:\/\/www.europesays.com\/de\/wp-json\/wp\/v2\/media\/374000"}],"wp:attachment":[{"href":"https:\/\/www.europesays.com\/de\/wp-json\/wp\/v2\/media?parent=373999"}],"wp:term":[{"taxonomy":"category","embeddable":true,"href":"https:\/\/www.europesays.com\/de\/wp-json\/wp\/v2\/categories?post=373999"},{"taxonomy":"post_tag","embeddable":true,"href":"https:\/\/www.europesays.com\/de\/wp-json\/wp\/v2\/tags?post=373999"}],"curies":[{"name":"wp","href":"https:\/\/api.w.org\/{rel}","templated":true}]}}