{"id":374122,"date":"2025-08-26T09:03:12","date_gmt":"2025-08-26T09:03:12","guid":{"rendered":"https:\/\/www.europesays.com\/de\/374122\/"},"modified":"2025-08-26T09:03:12","modified_gmt":"2025-08-26T09:03:12","slug":"bundespolizeidirektion-muenchen-missbrauch-von-nothilfeeinrichtungen-feuermelder","status":"publish","type":"post","link":"https:\/\/www.europesays.com\/de\/374122\/","title":{"rendered":"Bundespolizeidirektion M\u00fcnchen: Missbrauch von Nothilfeeinrichtungen Feuermelder &#8230;"},"content":{"rendered":"<p class=\"date\">26.08.2025 \u2013 10:48<\/p>\n<p class=\"customer\">\n                        <a class=\"story-customer\" title=\"weiter zum newsroom von Bundespolizeidirektion M\u00fcnchen\" href=\"https:\/\/www.presseportal.de\/blaulicht\/nr\/64017\" target=\"_blank\" rel=\"noopener\">Bundespolizeidirektion M\u00fcnchen<\/a>\n                    <\/p>\n<p><a class=\"glightbox event-trigger\" href=\"https:\/\/cache.pressmailing.net\/thumbnail\/story_hires\/81a0b854-9761-47f1-a055-56e1f0db7d52\/250826_Mb_NHE.jpg.jpg\" data-description=\"Das anh\u00e4ngende Symbolbild kann zu redaktionellen Zwecken mit dem Zusatz &quot;Bundespolizei&quot; im Zusammenhang mit dieser Pressemitteilung verwendet werden.\" data-category=\"medialightbox\" data-action=\"click\" data-label=\"single\" data-value=\"68ad74e3270000fd2c4cb18e\" target=\"_blank\" rel=\"noopener\"><img decoding=\"async\" height=\"540\" with=\"720\" src=\"https:\/\/www.europesays.com\/de\/wp-content\/uploads\/2025\/08\/bundespolizeidirektion-m-nchen-missbrauch-von-nothilfeeinrichtungen-feuermelder-nicht-zum-flaschen-f.jpeg\"   alt=\"Bundespolizeidirektion M\u00fcnchen: Missbrauch von Nothilfeeinrichtungen Feuermelder nicht zum Flaschen\u00f6ffnen da!\" class=\"single\"\/><\/a><\/p>\n<p><a data-category=\"citylink-story-view\" data-action=\"click\" data-label=\"Citylink in Meldungsansicht\" class=\"story-city event-trigger\" href=\"https:\/\/www.presseportal.de\/regional\/M%FCnchen\" title=\"News aus M\u00fcnchen \" target=\"_blank\" rel=\"noopener\">M\u00fcnchen<\/a> (ots)<\/p>\n<p>Am fr\u00fchen Montagmorgen (25. August) &#8222;missbrauchte&#8220; eine 18-J\u00e4hrige einen Feuermelder im Tiefgeschoss des Hauptbahnhofes als &#8222;Flaschen\u00f6ffner&#8220; (!) und l\u00f6ste damit einen Feueralarm aus.<\/p>\n<p>Gegen 01:30 Uhr befanden sich drei in Deutschland wohnsitzlose jugendliche Ukrainer im Alter von zweimal 18 sowie 20 Jahren im Tiefgeschoss des Hauptbahnhofes M\u00fcnchen. Eine 18-J\u00e4hrige versuchte an einem Feuermelder eine Glasbierflasche zu \u00f6ffnen. Dabei zerbrach die Glasscheibe des Melders. Zugleich wurde ein Feueralarm ausgel\u00f6st. Die Verursacherin, gegen die wegen des Verdachts des Missbrauchs von Nothilfeeinrichtungen ermittelt wird, fl\u00fcchtete mit ihren beiden m\u00e4nnlichen Begleitern.<\/p>\n<p>Eine Videoauswertung ergab, dass die drei Jugendlichen erst kurz zuvor bei einer Personenkontrolle im Hauptbahnhof Kontakt mit der Bundespolizei hatten. Dabei waren die Personalien festgehalten worden, durch die die drei schnell identifiziert werden konnten.<\/p>\n<p>Die alarmierte und zum Hauptbahnhof angefahrene Feuerwehr setzte den Alarm zur\u00fcck und schaltete den Feuermelder wieder scharf.<\/p>\n<p class=\"contact-headline\">R\u00fcckfragen bitte an:<\/p>\n<p class=\"contact-text\">Tim Oberfrank<br \/>Bundespolizeiinspektion M\u00fcnchen<br \/>Denisstra\u00dfe 1 &#8211; 80335 M\u00fcnchen<br \/>Pressestelle<br \/>Telefon: 089 515 550 &#8211; 1105<br \/>E-Mail: <a href=\"https:\/\/www.presseportal.de\/blaulicht\/pm\/64017\/mailto: bpoli.muenchen.oea@polizei.bund.de\" class=\"uri-mailto\" target=\"_blank\" rel=\"noopener\"> bpoli.muenchen.oea@polizei.bund.de<\/a><\/p>\n<p>Die Bundespolizeiinspektion M\u00fcnchen ist zust\u00e4ndig f\u00fcr die <br \/>polizeiliche Gefahrenabwehr und Strafverfolgung im Bereich der <br \/>Anlagen der Deutschen Bahn und im gr\u00f6\u00dften deutschen S-Bahnnetz mit <br \/>\u00fcber 210 Bahnh\u00f6fen und Haltepunkten auf 440 Streckenkilometern. Zum <br \/>r\u00e4umlichen Zust\u00e4ndigkeitsbereich der Bundespolizeiinspektion M\u00fcnchen <br \/>geh\u00f6ren drei der vier gr\u00f6\u00dften bayerischen Bahnh\u00f6fe. Er umfasst neben <br \/>der Landeshauptstadt und dem Landkreis M\u00fcnchen die benachbarten <br \/>Landkreise Bad T\u00f6lz-Wolfratshausen, Dachau, Ebersberg, Erding, <br \/>Freising, F\u00fcrstenfeldbruck, Landsberg am Lech und Starnberg.<\/p>\n<p>Sie finden unsere Wache und unseren Dienstsitz f\u00fcr die <br \/>nichtoperativen Bereiche mit dem Ermittlungsdienst in der Denisstra\u00dfe<br \/>1, rund 500m fu\u00dfl\u00e4ufig vom Hauptbahnhof entfernt. Das Revier befindet<br \/>sich im Ostbahnhof. Zudem gibt es Dienstr\u00e4ume am Hauptbahnhof, in <br \/>Pasing und Freising. Weitere Informationen erhalten Sie \u00fcber oben <br \/>genannte Kontaktadresse oder unter <a target=\"_blank\" class=\"uri-ext outbound\" rel=\"noopener\" href=\"https:\/\/www.bundespolizei.de\">www.bundespolizei.de<\/a> sowie unter <br \/><a target=\"_blank\" class=\"uri-ext outbound\" rel=\"noopener\" href=\"https:\/\/www.x.com\/bpol_by\">www.x.com\/bpol_by<\/a> .<\/p>\n<p class=\"originator\">Original-Content von: Bundespolizeidirektion M\u00fcnchen, \u00fcbermittelt durch news aktuell<\/p>\n","protected":false},"excerpt":{"rendered":"26.08.2025 \u2013 10:48 Bundespolizeidirektion M\u00fcnchen M\u00fcnchen (ots) Am fr\u00fchen Montagmorgen (25. August) &#8222;missbrauchte&#8220; eine 18-J\u00e4hrige einen Feuermelder im&hellip;\n","protected":false},"author":2,"featured_media":374123,"comment_status":"","ping_status":"","sticky":false,"template":"","format":"standard","meta":{"footnotes":""},"categories":[1827],"tags":[772,2918,29,30,177,1268,121,178,180,179,181],"class_list":{"0":"post-374122","1":"post","2":"type-post","3":"status-publish","4":"format-standard","5":"has-post-thumbnail","7":"category-muenchen","8":"tag-bayern","9":"tag-by","10":"tag-deutschland","11":"tag-germany","12":"tag-kriminalitt","13":"tag-muenchen","14":"tag-polizei","15":"tag-presse","16":"tag-pressemeldung","17":"tag-pressemitteilung","18":"tag-pressemitteilungen"},"share_on_mastodon":{"url":"https:\/\/pubeurope.com\/@de\/115094264469630970","error":""},"_links":{"self":[{"href":"https:\/\/www.europesays.com\/de\/wp-json\/wp\/v2\/posts\/374122","targetHints":{"allow":["GET"]}}],"collection":[{"href":"https:\/\/www.europesays.com\/de\/wp-json\/wp\/v2\/posts"}],"about":[{"href":"https:\/\/www.europesays.com\/de\/wp-json\/wp\/v2\/types\/post"}],"author":[{"embeddable":true,"href":"https:\/\/www.europesays.com\/de\/wp-json\/wp\/v2\/users\/2"}],"replies":[{"embeddable":true,"href":"https:\/\/www.europesays.com\/de\/wp-json\/wp\/v2\/comments?post=374122"}],"version-history":[{"count":0,"href":"https:\/\/www.europesays.com\/de\/wp-json\/wp\/v2\/posts\/374122\/revisions"}],"wp:featuredmedia":[{"embeddable":true,"href":"https:\/\/www.europesays.com\/de\/wp-json\/wp\/v2\/media\/374123"}],"wp:attachment":[{"href":"https:\/\/www.europesays.com\/de\/wp-json\/wp\/v2\/media?parent=374122"}],"wp:term":[{"taxonomy":"category","embeddable":true,"href":"https:\/\/www.europesays.com\/de\/wp-json\/wp\/v2\/categories?post=374122"},{"taxonomy":"post_tag","embeddable":true,"href":"https:\/\/www.europesays.com\/de\/wp-json\/wp\/v2\/tags?post=374122"}],"curies":[{"name":"wp","href":"https:\/\/api.w.org\/{rel}","templated":true}]}}