{"id":374442,"date":"2025-08-26T12:00:17","date_gmt":"2025-08-26T12:00:17","guid":{"rendered":"https:\/\/www.europesays.com\/de\/374442\/"},"modified":"2025-08-26T12:00:17","modified_gmt":"2025-08-26T12:00:17","slug":"cherno-jobatey-standing-ovations-fuer-seinen-superman-auftritt-in-den-usa-unterhaltung","status":"publish","type":"post","link":"https:\/\/www.europesays.com\/de\/374442\/","title":{"rendered":"Cherno Jobatey: Standing Ovations f\u00fcr seinen Superman-Auftritt in den USA | Unterhaltung"},"content":{"rendered":"<p>Scottsdale \u2013 <b>Was f\u00fcr ein Auftritt! Bei einer feierlichen Preisverleihung vor 2000 Leuten im amerikanischen Scottsdale (US-Bundesstaat Arizona) \u00fcberraschte Moderator Cherno Jobatey alle: Als er seine Auszeichnung entgegennahm, riss er auf der B\u00fchne das Hemd auf \u2013 und enth\u00fcllte ein Superman-Shirt mit dem Logo des Preises. Die Menge tobte, es gab Standing Ovations!<\/b><\/p>\n<p>Der Grund f\u00fcr den Jubel: Jobatey wurde vom weltweit gr\u00f6\u00dften Verband der Speaker-Industrie, der National Speaker Association (NSA), mit dem Titel \u201eCertified Speaking Professional\u201c (CSP) ausgezeichnet \u2013 der h\u00f6chsten internationalen Anerkennung f\u00fcr Speaker (dt. Referent oder Redner). Weltweit bekommen ihn nur die Top-Leute der Branche. 2025 geh\u00f6rt Cherno zu den lediglich 33 Preistr\u00e4gern weltweit.<\/p>\n<p><img decoding=\"async\" width=\"992\" height=\"1087\" alt=\"Cherno Jobatey erh\u00e4lt in den USA eine Auszeichnung f\u00fcr seine jahrelange tolle Arbeit als Speaker\" src=\"https:\/\/www.europesays.com\/de\/wp-content\/uploads\/2025\/08\/41eb3551d66e40945f758a7884032bf3,1331abc1\"   class=\"dynamic\" loading=\"lazy\"\/><\/p>\n<p class=\"fig__caption__text\">Cherno Jobatey erh\u00e4lt in den USA eine Auszeichnung f\u00fcr seine jahrelange tolle Arbeit als Speaker <\/p>\n<p>Foto: Privat<\/p>\n<p>Jury-Chefin: \u201eCherno Jobatey fesselt sein Publikum\u201c<\/p>\n<p>Der Weg dorthin? International! Seit Jahren ist <a href=\"https:\/\/www.bild.de\/bild-plus\/sport\/mehr-sport\/cherno-jobatey\/moderator-gefeuert-56643088.bild.html\" class=\"text-link\" rel=\"nofollow noopener\" target=\"_blank\">Jobatey<\/a> auf B\u00fchnen rund um den Globus unterwegs \u2013 von Kobe bis Las Vegas. Nach einem Auftritt in Orlando sprach ihn eine gro\u00dfe US-Agenturchefin an: \u201eI like your energy!\u201c (dt: \u201eIch mag deine Energie!\u201c) \u2013 und fragte, ob er schon einen CSP habe. Jobatey hatte von der Auszeichnung noch nie geh\u00f6rt. Heute tr\u00e4gt er sie mit Stolz auf der Brust \u2013 buchst\u00e4blich. NSA-Chefin Jaime Nolan: \u201eCherno Jobateys Substanz, seine Perspektiven und seine F\u00e4higkeit, das Publikum zu fesseln, machen ihn zu einem Paradebeispiel f\u00fcr den CSP-Titel.\u201c<\/p>\n<p><img decoding=\"async\" width=\"992\" height=\"558\" alt=\"Cherno Jobatey, hier als Experte in der ARD-Talkshow \u201eMaischberger\u201c\u00a0\" src=\"https:\/\/www.europesays.com\/de\/wp-content\/uploads\/2025\/08\/09ccdecfb6995c96789970e7e46c6dde,34045a9a\"   class=\"landscape\" loading=\"lazy\"\/><\/p>\n<p class=\"fig__caption__text\">Cherno Jobatey, hier als Experte in der ARD-Talkshow \u201eMaischberger\u201c\u00a0<\/p>\n<p>Foto: WDR\/Oliver Ziebe<\/p>\n<p>Cherno Jobatey, der smarte Berliner <\/p>\n<p>Cherno Jobatey wurde als Moderator im <a href=\"https:\/\/www.bild.de\/unterhaltung\/tv\/cherno-jobatey\/seine-letzte-sendung-war-schon-im-dezember-27991896.bild.html\" class=\"text-link\" rel=\"nofollow noopener\" target=\"_blank\">ZDF-\u201eMorgenmagazin\u201c<\/a> (1992 bis 2012) einem Millionenpublikum bekannt. Der smarte Berliner mit dem strahlenden L\u00e4cheln ist l\u00e4ngst mehr als nur TV-Gesicht \u2013 er ist ein gefragter Experte f\u00fcr Politik, Gesellschaft und die Folgen der Digitalisierung.<\/p>\n<p>Mehr zum Thema<\/p>\n<p>Jobatey wei\u00df, wie unsere Welt sich ver\u00e4ndert: Was fr\u00fcher noch gedruckt wurde, l\u00e4uft heute \u00fcber Likes, Klicks und Algorithmen. In seinen Vortr\u00e4gen spricht er \u00fcber die neue \u00d6konomie der Aufmerksamkeit, die Macht sozialer Medien. <\/p>\n<p><b>Ob auf gro\u00dfen B\u00fchnen in den <\/b><a href=\"https:\/\/www.bild.de\/news\/ausland\/usa\/thema-usa-alle-infos-80032950.bild.html\" class=\"text-link\" rel=\"nofollow noopener\" target=\"_blank\"><b>USA<\/b><\/a><b> oder bei Konferenzen in Europa \u2013 Jobatey schafft es, komplexe Themen verst\u00e4ndlich, spannend und mit einem Augenzwinkern zu erkl\u00e4ren.<\/b><\/p>\n","protected":false},"excerpt":{"rendered":"Scottsdale \u2013 Was f\u00fcr ein Auftritt! Bei einer feierlichen Preisverleihung vor 2000 Leuten im amerikanischen Scottsdale (US-Bundesstaat Arizona)&hellip;\n","protected":false},"author":2,"featured_media":374443,"comment_status":"","ping_status":"","sticky":false,"template":"","format":"standard","meta":{"footnotes":"","_share_on_mastodon":"0"},"categories":[1771],"tags":[101831,1778,29,214,30,95,7591,101832,1777,101833,28508,45,215,64],"class_list":["post-374442","post","type-post","status-publish","format-standard","has-post-thumbnail","category-kino","tag-cherno-jobatey","tag-cinema","tag-deutschland","tag-entertainment","tag-germany","tag-kino","tag-leichtathletik","tag-leichtathletik-em-2018","tag-movie","tag-scottsdale","tag-superman","tag-texttospeech","tag-unterhaltung","tag-usa"],"share_on_mastodon":{"url":"https:\/\/pubeurope.com\/@de\/115094960570078555","error":""},"_links":{"self":[{"href":"https:\/\/www.europesays.com\/de\/wp-json\/wp\/v2\/posts\/374442","targetHints":{"allow":["GET"]}}],"collection":[{"href":"https:\/\/www.europesays.com\/de\/wp-json\/wp\/v2\/posts"}],"about":[{"href":"https:\/\/www.europesays.com\/de\/wp-json\/wp\/v2\/types\/post"}],"author":[{"embeddable":true,"href":"https:\/\/www.europesays.com\/de\/wp-json\/wp\/v2\/users\/2"}],"replies":[{"embeddable":true,"href":"https:\/\/www.europesays.com\/de\/wp-json\/wp\/v2\/comments?post=374442"}],"version-history":[{"count":0,"href":"https:\/\/www.europesays.com\/de\/wp-json\/wp\/v2\/posts\/374442\/revisions"}],"wp:featuredmedia":[{"embeddable":true,"href":"https:\/\/www.europesays.com\/de\/wp-json\/wp\/v2\/media\/374443"}],"wp:attachment":[{"href":"https:\/\/www.europesays.com\/de\/wp-json\/wp\/v2\/media?parent=374442"}],"wp:term":[{"taxonomy":"category","embeddable":true,"href":"https:\/\/www.europesays.com\/de\/wp-json\/wp\/v2\/categories?post=374442"},{"taxonomy":"post_tag","embeddable":true,"href":"https:\/\/www.europesays.com\/de\/wp-json\/wp\/v2\/tags?post=374442"}],"curies":[{"name":"wp","href":"https:\/\/api.w.org\/{rel}","templated":true}]}}