{"id":374578,"date":"2025-08-26T13:13:14","date_gmt":"2025-08-26T13:13:14","guid":{"rendered":"https:\/\/www.europesays.com\/de\/374578\/"},"modified":"2025-08-26T13:13:14","modified_gmt":"2025-08-26T13:13:14","slug":"berlin-pastor-martens-kaempft-um-kirchenasyl-politik","status":"publish","type":"post","link":"https:\/\/www.europesays.com\/de\/374578\/","title":{"rendered":"Berlin: Pastor Martens k\u00e4mpft um Kirchenasyl | Politik"},"content":{"rendered":"<p>Berlin \u2013 <b>Deutschland diskutiert wieder \u00fcber Kirchenasyl \u2013 ausgel\u00f6st durch einen brisanten Fall in der Hauptstadt: Der zum Christentum \u00fcbergetretene Afghane Morteza H. (26) wurde vor wenigen Tagen direkt vor einer Kirche festgenommen und nach Schweden abgeschoben. Dort droht ihm die Weiterabschiebung an den Hindukusch.<\/b><\/p>\n<p>Pastor Gottfried Martens (62) kennt den Mann gut. Er leitet das evangelisch-lutherische Kirchenasyl in Berlin-Steglitz und hat mehr als 1000 Muslime aus Afghanistan und dem Iran getauft. <\/p>\n<p><img decoding=\"async\" width=\"992\" height=\"558\" alt=\"Pastor Gottfried Martens k\u00fcmmert sich um die Missionierung von Muslimen. Fromm empfangen die jungen M\u00e4nner S\u00fcndenvergebung und Segen. Bei der Abendmesse am Freitag beteten 50 Afghanen und Iraner zum christlichen Gott\" src=\"https:\/\/www.europesays.com\/de\/wp-content\/uploads\/2025\/08\/05f3559c32be3b213eaf50083660cb23,b4ea9b88\"   class=\"landscape\" loading=\"lazy\"\/><\/p>\n<p class=\"fig__caption__text\">Pastor Gottfried Martens k\u00fcmmert sich um die Missionierung von Muslimen. 50 Afghanen und Iraner nehmen an seiner Abendmesse teil, er predigt auch auf Persisch <\/p>\n<p>Foto: Charles Yunck<\/p>\n<p>Sie nennen ihn \u201eJohannes, der T\u00e4ufer\u201c<\/p>\n<p><b>Beim Bundesamt f\u00fcr Migration nennen sie ihn \u201eJohannes, den T\u00e4ufer\u201c. Martens: \u201eDen Spitznamen hatte ich schon in Zehlendorf, weil ich damals 400 Russlanddeutsche getauft habe.\u201c Er pr\u00fcft streng: \u201eWer mich nicht \u00fcberzeugen kann, der wird auch nicht getauft.\u201c<\/b><\/p>\n<p>Mehr als 90 Prozent der Anfragen auf Kirchenasyl lehnt Martens ab. \u201eNur wer Christ ist und in Afghanistan mit dem Tod bedroht wird, darf bei uns bleiben.\u201c Wer nur eine Taufurkunde will, geht leer aus. Spr\u00fcche wie \u201eIch habe eine Tante in Gelsenkirchen\u201c l\u00e4sst Martens nicht gelten. \u201eDas w\u00e4re ein Missbrauch des Kirchenasyls.\u201c<\/p>\n<p><img decoding=\"async\" width=\"992\" height=\"558\" alt=\"Nach dem Abendgottesdienst sprach Martens mit BILD-Chefreporter Nikolaus Harbusch \u00fcber Kirchenasyl.  Danach zeigte er das Heim unterhalb der Kirche und stellte seine Dublin-Fl\u00fcchtlinge vor.\" src=\"https:\/\/www.europesays.com\/de\/wp-content\/uploads\/2025\/08\/196efa89cf9cdd2e87deefcfd15958aa,faf9e5a\"   class=\"landscape\" loading=\"lazy\"\/><\/p>\n<p class=\"fig__caption__text\">Nach dem Abendgottesdienst sprach Martens mit BILD-Chefreporter Nikolaus Harbusch. Danach zeigte er das Heim unterhalb der Kirche, stellte die zum Christentum konvertierten Fl\u00fcchtlinge vor<\/p>\n<p>Foto: Charles Yunck<\/p>\n<p><b>Selbst bei m\u00fcndlichen Pr\u00fcfungen scheitern rund 30 Prozent. Zus\u00e4tzlich gibt es Alkohol- und Drogentests. Martens \u00e4rgert sich \u00fcber lockere Gemeinden: \u201eDa m\u00fcssen die nur einmal Halleluja rufen, und schon haben sie Wasser \u00fcber dem Kopf.\u201c<\/b><\/p>\n<p>Seine Linie ist klar: \u201eWir sehen es als unsere Aufgabe an, Mission unter Muslimen zu betreiben.\u201c Da unterscheidet sich der fromme Lutheraner deutlich von der Amtskirche.<\/p>\n<p>Mehr zum Thema\u201eWir haben hier die Taliban in Berlin\u201c<\/p>\n<p>Pastor Gottfried Martens richtet einen eindringlichen Appell an die Politik: H\u00f6rt den afghanischen Fl\u00fcchtlingen zu! Denn diese h\u00e4tten oft schlimme Erfahrungen mit Extremisten gemacht und w\u00fcssten, wovon sie sprechen: \u201eSie warnen uns vor der Gefahr des Islam.\u201c <\/p>\n<p><b>Viele Muslime, besonders Sunniten, h\u00e4tten das Denken der Taliban \u00fcbernommen. \u201eSie hassen Christen, Juden und Schiiten.\u201c<\/b><\/p>\n<p>Martens ist kein Gegner von Abschiebungen. Dass bestimmte afghanische Gruppen wie die Paschtunen nicht abgeschoben werden, kann er nicht nachvollziehen. \u201eDer Gro\u00dfteil der Paschtunen denke wie die Taliban. Wir haben hier die Taliban bei uns in Berlin.\u201c Immer wieder w\u00fcrden sie christliche Afghanen in Unterk\u00fcnften bedrohen. \u201eIch w\u00fcsste nicht, warum ich da k\u00e4mpfen sollte, dass sie in Deutschland bleiben.\u201c Martens sagt: \u201eDeutschland schiebt die Falschen ab.\u201c<\/p>\n<p>Abschiebung bedeutet \u201esicheren Tod\u201c<\/p>\n<p>Was Martens besonders \u00e4rgert: Die Asylantr\u00e4ge seiner getauften Sch\u00fctzlinge werden abgelehnt \u2013 mit fragw\u00fcrdiger Begr\u00fcndung. Mal sei die \u201eSehnsucht nach den Sakramenten\u201c angeblich zu formelhaft, mal seien Berichte \u00fcber Kindervergewaltigungen durch Mullahs \u201ezu drastisch\u201c.<\/p>\n<p><b>Um Morteza H. macht er sich gro\u00dfe Sorgen. Er f\u00fcrchtet: Wird er in seine von den Taliban kontrollierte Heimat abgeschoben, droht ihm wegen seines Glaubenswechsels \u201eder sichere Tod\u201c.<\/b><\/p>\n<p><img decoding=\"async\" width=\"992\" height=\"558\" alt=\"Gro\u00dfe Sorgen machen sich Amir O. und Reza R. um ihren Freund Morteza H. (Handy). Der wurde letzte Woche nach Stockholm abgeschoben.\" src=\"https:\/\/www.europesays.com\/de\/wp-content\/uploads\/2025\/08\/f3ff032ce33c6b46d95df6687feb13d8,c0159d9b\"   class=\"landscape\" loading=\"lazy\"\/><\/p>\n<p class=\"fig__caption__text\">Sch\u00fctzlinge von Pastor Martens: Amir O. und Reza R. machen sich gro\u00dfe Sorgen um ihren Freund Morteza H., der vor wenigen Tagen nach Stockholm abgeschoben wurde<\/p>\n<p>Foto: Charles Yunck<\/p>\n<p><b>Was ist Kirchenasyl?<\/b><\/p>\n<p>Kirchenasyl bedeutet die vor\u00fcbergehende Aufnahme von Fl\u00fcchtlingen durch eine Kirchengemeinde. Im Falle einer Abschiebung muss eine Gefahr f\u00fcr Leib und Leben bestehen. Es bezweckt grunds\u00e4tzlich eine staatliche \u00dcberpr\u00fcfung des asyl- oder ausl\u00e4nderrechtlichen Verfahrens. <\/p>\n<p>2024 wurden 2386 F\u00e4lle von Kirchenasyl in Deutschland gemeldet \u2013 gut 300 F\u00e4lle mehr als im Vorjahr. Meistens wurden \u201eDublin-F\u00e4lle\u201c \u00fcber die Halbjahresfrist verz\u00f6gert und konnten so nicht an das zust\u00e4ndige europ\u00e4ische Land abgegeben werden. Dann fiel die Zust\u00e4ndigkeit an Deutschland.<\/p>\n","protected":false},"excerpt":{"rendered":"Berlin \u2013 Deutschland diskutiert wieder \u00fcber Kirchenasyl \u2013 ausgel\u00f6st durch einen brisanten Fall in der Hauptstadt: Der zum&hellip;\n","protected":false},"author":2,"featured_media":374579,"comment_status":"","ping_status":"","sticky":false,"template":"","format":"standard","meta":{"footnotes":""},"categories":[1825],"tags":[3274,414,7451,533,296,7103,1530,421,29,42253,3919,30,39,345,555,9530,16519,121,15451,22767,45],"class_list":{"0":"post-374578","1":"post","2":"type-post","3":"status-publish","4":"format-standard","5":"has-post-thumbnail","7":"category-berlin","8":"tag-kirche","9":"tag-abschiebung","10":"tag-afghanistan","11":"tag-asyl","12":"tag-berlin","13":"tag-bischof","14":"tag-bundesamt-fuer-migration-und-fluechtlinge","15":"tag-bundespolizei","16":"tag-deutschland","17":"tag-dobrindt-alexander","18":"tag-fluechtling","19":"tag-germany","20":"tag-harbusch-nikolaus","21":"tag-iran","22":"tag-islam","23":"tag-jesus-christus","24":"tag-papst","25":"tag-polizei","26":"tag-taliban","27":"tag-taufe","28":"tag-texttospeech"},"share_on_mastodon":{"url":"https:\/\/pubeurope.com\/@de\/115095247801099738","error":""},"_links":{"self":[{"href":"https:\/\/www.europesays.com\/de\/wp-json\/wp\/v2\/posts\/374578","targetHints":{"allow":["GET"]}}],"collection":[{"href":"https:\/\/www.europesays.com\/de\/wp-json\/wp\/v2\/posts"}],"about":[{"href":"https:\/\/www.europesays.com\/de\/wp-json\/wp\/v2\/types\/post"}],"author":[{"embeddable":true,"href":"https:\/\/www.europesays.com\/de\/wp-json\/wp\/v2\/users\/2"}],"replies":[{"embeddable":true,"href":"https:\/\/www.europesays.com\/de\/wp-json\/wp\/v2\/comments?post=374578"}],"version-history":[{"count":0,"href":"https:\/\/www.europesays.com\/de\/wp-json\/wp\/v2\/posts\/374578\/revisions"}],"wp:featuredmedia":[{"embeddable":true,"href":"https:\/\/www.europesays.com\/de\/wp-json\/wp\/v2\/media\/374579"}],"wp:attachment":[{"href":"https:\/\/www.europesays.com\/de\/wp-json\/wp\/v2\/media?parent=374578"}],"wp:term":[{"taxonomy":"category","embeddable":true,"href":"https:\/\/www.europesays.com\/de\/wp-json\/wp\/v2\/categories?post=374578"},{"taxonomy":"post_tag","embeddable":true,"href":"https:\/\/www.europesays.com\/de\/wp-json\/wp\/v2\/tags?post=374578"}],"curies":[{"name":"wp","href":"https:\/\/api.w.org\/{rel}","templated":true}]}}