{"id":374713,"date":"2025-08-26T14:28:13","date_gmt":"2025-08-26T14:28:13","guid":{"rendered":"https:\/\/www.europesays.com\/de\/374713\/"},"modified":"2025-08-26T14:28:13","modified_gmt":"2025-08-26T14:28:13","slug":"mordanklage-nach-auto-anschlag-auf-verdi-demo-in-muenchen","status":"publish","type":"post","link":"https:\/\/www.europesays.com\/de\/374713\/","title":{"rendered":"Mordanklage nach Auto-Anschlag auf Verdi-Demo in M\u00fcnchen"},"content":{"rendered":"<p class=\"Paragraph_root__xJSDF Paragraph_default-lg-default__txMNQ articleParagraph\">Die Bundesanwaltschaft hat den Autofahrer angeklagt, der im Februar in M\u00fcnchen in eine Gruppe von Demonstranten gefahren war. Die Karlsruher Beh\u00f6rde wirft dem Mann unter anderem zweifachen Mord sowie versuchten Mord in 44 F\u00e4llen vor.<\/p>\n<p class=\"Paragraph_root__xJSDF Paragraph_default-lg-default__txMNQ articleParagraph\">\u201eDer Angeschuldigte beging die Tat aus einer \u00fcbersteigerten religi\u00f6sen Motivation heraus\u201c, hei\u00dft es in der Mitteilung. \u201eEr w\u00e4hnte sich verpflichtet, als Reaktion auf das Leid von Muslimen in islamisch gepr\u00e4gten L\u00e4ndern willk\u00fcrlich ausgew\u00e4hlte Personen in Deutschland angreifen und t\u00f6ten zu m\u00fcssen.\u201c<\/p>\n<p>Anschlag kurz vor der Bundestagswahl<\/p>\n<p class=\"Paragraph_root__xJSDF Paragraph_default-lg-default__txMNQ articleParagraph\">Der damals 24-j\u00e4hrige Afghane war am 13. Februar \u2013 zehn Tage vor der vorgezogenen Bundestagswahl \u2013 in Demonstranten bei einer Veranstaltung der Gewerkschaft Verdi gefahren. Wenige Tage sp\u00e4ter erlagen eine 37-j\u00e4hrige Frau und ihre 2 Jahre alte Tochter ihren schweren Verletzungen.<\/p>\n<p class=\"Paragraph_root__xJSDF Paragraph_default-lg-default__txMNQ articleParagraph\">\u201e44 weitere Personen trugen zum Teil lebensgef\u00e4hrliche oder schwere Verletzungen davon\u201c, teilte die Bundesanwaltschaft mit. Zudem wirft sie dem Mann auch gef\u00e4hrliche K\u00f6rperverletzung und einen schweren gef\u00e4hrlichen Eingriff in den Stra\u00dfenverkehr vor.<\/p>\n<p>Angriff auf freiheitlich-demokratische Grundordnung<\/p>\n<p class=\"Paragraph_root__xJSDF Paragraph_default-lg-default__txMNQ articleParagraph\">\u201eEs besteht der Verdacht, dass die Tat religi\u00f6s motiviert war und als Angriff auf die freiheitliche demokratische Grundordnung zu verstehen ist\u201c, hatte die Bundesanwaltschaft mitgeteilt, als sie wegen der besonderen Bedeutung des Falls als oberste Anklagebeh\u00f6rde in Deutschland die Ermittlungen von der Generalstaatsanwaltschaft M\u00fcnchen \u00fcbernahm. \u201eDamit ist sie geeignet, die innere Sicherheit der Bundesrepublik Deutschland zu beeintr\u00e4chtigen.\u201c<\/p>\n<p class=\"Paragraph_root__xJSDF Paragraph_default-lg-default__txMNQ articleParagraph\">Das Oberlandesgericht M\u00fcnchen muss entscheiden, ob es die Anklage zul\u00e4sst. In einem weiteren Schritt w\u00fcrde es Termine f\u00fcr einen Prozess ansetzen. Der Beschuldigte ist laut Bundesanwaltschaft weiterhin in Untersuchungshaft.<\/p>\n<p>Keine Verbindung zum IS<\/p>\n<p class=\"Paragraph_root__xJSDF Paragraph_default-lg-default__txMNQ articleParagraph\">Die Ermittler in M\u00fcnchen gehen von einem islamistischen Motiv des Autofahrers aus. Die Leitende Oberstaatsanw\u00e4ltin der Zentralstelle zur Bek\u00e4mpfung von Extremismus und Terrorismus (ZET) der Generalstaatsanwaltschaft M\u00fcnchen, Gabriele Tilmann, hatte bei einer Pressekonferenz am Tag nach der Tat gesagt, der Mann habe \u201eAllahu Akbar\u201c gerufen und nach seiner Tat gebetet. In seiner Vernehmung habe er \u201eeinger\u00e4umt, bewusst in die Teilnehmerinnen und Teilnehmer des Demonstrationszugs gefahren zu sein\u201c.<\/p>\n<p class=\"Paragraph_root__xJSDF Paragraph_default-lg-default__txMNQ articleParagraph\">Den Angaben zufolge gab es zu dem Zeitpunkt keine Hinweise darauf, dass der Mann in ein Netzwerk eingebunden gewesen sei. Die Ermittler h\u00e4tten auch keine Spuren zu einer Verbindung zum Beispiel zur Terrororganisation Islamischer Staat (IS), zu weiteren Beteiligten oder zu einer zunehmenden Radikalisierung des jungen Mannes in der j\u00fcngeren Vergangenheit.<\/p>\n<p>Mit seinem Auto \u00fcberfuhr der Mann mehrere Menschen. (Archivbild)\u00a0Foto: Christoph Trost\/dpa<\/p>\n","protected":false},"excerpt":{"rendered":"Die Bundesanwaltschaft hat den Autofahrer angeklagt, der im Februar in M\u00fcnchen in eine Gruppe von Demonstranten gefahren war.&hellip;\n","protected":false},"author":2,"featured_media":374714,"comment_status":"","ping_status":"","sticky":false,"template":"","format":"standard","meta":{"footnotes":""},"categories":[1827],"tags":[772,29,30,1268],"class_list":{"0":"post-374713","1":"post","2":"type-post","3":"status-publish","4":"format-standard","5":"has-post-thumbnail","7":"category-muenchen","8":"tag-bayern","9":"tag-deutschland","10":"tag-germany","11":"tag-muenchen"},"share_on_mastodon":{"url":"https:\/\/pubeurope.com\/@de\/115095542406397479","error":""},"_links":{"self":[{"href":"https:\/\/www.europesays.com\/de\/wp-json\/wp\/v2\/posts\/374713","targetHints":{"allow":["GET"]}}],"collection":[{"href":"https:\/\/www.europesays.com\/de\/wp-json\/wp\/v2\/posts"}],"about":[{"href":"https:\/\/www.europesays.com\/de\/wp-json\/wp\/v2\/types\/post"}],"author":[{"embeddable":true,"href":"https:\/\/www.europesays.com\/de\/wp-json\/wp\/v2\/users\/2"}],"replies":[{"embeddable":true,"href":"https:\/\/www.europesays.com\/de\/wp-json\/wp\/v2\/comments?post=374713"}],"version-history":[{"count":0,"href":"https:\/\/www.europesays.com\/de\/wp-json\/wp\/v2\/posts\/374713\/revisions"}],"wp:featuredmedia":[{"embeddable":true,"href":"https:\/\/www.europesays.com\/de\/wp-json\/wp\/v2\/media\/374714"}],"wp:attachment":[{"href":"https:\/\/www.europesays.com\/de\/wp-json\/wp\/v2\/media?parent=374713"}],"wp:term":[{"taxonomy":"category","embeddable":true,"href":"https:\/\/www.europesays.com\/de\/wp-json\/wp\/v2\/categories?post=374713"},{"taxonomy":"post_tag","embeddable":true,"href":"https:\/\/www.europesays.com\/de\/wp-json\/wp\/v2\/tags?post=374713"}],"curies":[{"name":"wp","href":"https:\/\/api.w.org\/{rel}","templated":true}]}}