{"id":374721,"date":"2025-08-26T14:32:12","date_gmt":"2025-08-26T14:32:12","guid":{"rendered":"https:\/\/www.europesays.com\/de\/374721\/"},"modified":"2025-08-26T14:32:12","modified_gmt":"2025-08-26T14:32:12","slug":"berlin-laesst-afghanen-aus-pakistan-nun-doch-einreisen","status":"publish","type":"post","link":"https:\/\/www.europesays.com\/de\/374721\/","title":{"rendered":"Berlin l\u00e4sst Afghanen aus Pakistan nun doch einreisen"},"content":{"rendered":"<p>                    <img decoding=\"async\" loading=\"lazy\" class=\"internal-image\" title=\"Ein Flugzeug steht auf einem Rollfeld.\" alt=\"Ein Flugzeug steht auf einem Rollfeld.\" src=\"https:\/\/www.europesays.com\/de\/wp-content\/uploads\/2025\/08\/afghanen-flug-deutschland-100-1920x1080.jpg\" \/><\/p>\n<p>                  Afghanen d\u00fcrfen aus Pakistan einreisen. (Soeren Stache\/dpa)<\/p>\n<p>Das meldet die Zeitung &#8222;Die Welt&#8220;. Laut dem Bericht sollen bereits in den kommenden Tagen afghanische Familien per Linienflug nach Deutschland kommen. Unklar ist, wie viele Menschen von der Entscheidung betroffen sind.<\/p>\n<p>Grund f\u00fcr das Einlenken Berlins seien j\u00fcngste Gerichtsentscheidungen. Die &#8222;Welt&#8220; zitiert aus einem Schriftsatz des Verwaltungsgerichts Berlin, das dem Ausw\u00e4rtigen Amt ein Zwangsgeld androht. Die Bundesrepublik sei durch bestandskr\u00e4ftige, nicht widerrufene Aufnahmezusagen rechtlich gebunden, hie\u00df es zur Begr\u00fcndung.<\/p>\n<p>Derzeit warten rund 2.000 Afghanen und ihre Familienangeh\u00f6rigen in Pakistan auf ihre Ausreise nach Deutschland. Sie hatten als Ortskr\u00e4fte f\u00fcr die Bundeswehr oder f\u00fcr deutsche Organisationen gearbeitet.<\/p>\n<p>Diese Nachricht wurde am 26.08.2025 im Programm Deutschlandfunk gesendet.<\/p>\n","protected":false},"excerpt":{"rendered":"Afghanen d\u00fcrfen aus Pakistan einreisen. (Soeren Stache\/dpa) Das meldet die Zeitung &#8222;Die Welt&#8220;. Laut dem Bericht sollen bereits&hellip;\n","protected":false},"author":2,"featured_media":374722,"comment_status":"","ping_status":"","sticky":false,"template":"","format":"standard","meta":{"footnotes":""},"categories":[1825],"tags":[1941,1939,296,1937,29,30,1940,1938],"class_list":{"0":"post-374721","1":"post","2":"type-post","3":"status-publish","4":"format-standard","5":"has-post-thumbnail","7":"category-berlin","8":"tag-aktuelle-nachrichten-aus-berlin","9":"tag-aktuelle-news-aus-berlin","10":"tag-berlin","11":"tag-berlin-news","12":"tag-deutschland","13":"tag-germany","14":"tag-nachrichten-aus-berlin","15":"tag-news-aus-berlin"},"share_on_mastodon":{"url":"https:\/\/pubeurope.com\/@de\/115095558283381750","error":""},"_links":{"self":[{"href":"https:\/\/www.europesays.com\/de\/wp-json\/wp\/v2\/posts\/374721","targetHints":{"allow":["GET"]}}],"collection":[{"href":"https:\/\/www.europesays.com\/de\/wp-json\/wp\/v2\/posts"}],"about":[{"href":"https:\/\/www.europesays.com\/de\/wp-json\/wp\/v2\/types\/post"}],"author":[{"embeddable":true,"href":"https:\/\/www.europesays.com\/de\/wp-json\/wp\/v2\/users\/2"}],"replies":[{"embeddable":true,"href":"https:\/\/www.europesays.com\/de\/wp-json\/wp\/v2\/comments?post=374721"}],"version-history":[{"count":0,"href":"https:\/\/www.europesays.com\/de\/wp-json\/wp\/v2\/posts\/374721\/revisions"}],"wp:featuredmedia":[{"embeddable":true,"href":"https:\/\/www.europesays.com\/de\/wp-json\/wp\/v2\/media\/374722"}],"wp:attachment":[{"href":"https:\/\/www.europesays.com\/de\/wp-json\/wp\/v2\/media?parent=374721"}],"wp:term":[{"taxonomy":"category","embeddable":true,"href":"https:\/\/www.europesays.com\/de\/wp-json\/wp\/v2\/categories?post=374721"},{"taxonomy":"post_tag","embeddable":true,"href":"https:\/\/www.europesays.com\/de\/wp-json\/wp\/v2\/tags?post=374721"}],"curies":[{"name":"wp","href":"https:\/\/api.w.org\/{rel}","templated":true}]}}