{"id":374743,"date":"2025-08-26T14:43:14","date_gmt":"2025-08-26T14:43:14","guid":{"rendered":"https:\/\/www.europesays.com\/de\/374743\/"},"modified":"2025-08-26T14:43:14","modified_gmt":"2025-08-26T14:43:14","slug":"frueh-und-echtzeitmarker-fuer-die-alzheimer-pathologie","status":"publish","type":"post","link":"https:\/\/www.europesays.com\/de\/374743\/","title":{"rendered":"Fr\u00fch- und Echtzeitmarker f\u00fcr die Alzheimer-Pathologie"},"content":{"rendered":"<p>Die Ergebnisse zeigen, dass bei A\u03b2+-Teilnehmern nach 36 Monaten die st\u00e4rksten Effektgr\u00f6\u00dfen f\u00fcr den Anstieg der Tau-PET-Werte im inferioren Temporallappen und im Gyrus fusiformis, einer Gehirnwindung der Gro\u00dfhirnrinde des Schl\u00e4fenlappens, auftraten. Die Daten deuten auf eine exponenzielle Progression der Tau-Pathologie im pr\u00e4klinischen Stadium hin. Im Gegensatz dazu zeigt die Region um die Area entorhinalis (ERC) am medialen Rand der Gro\u00dfhirnlappen keine signifikante Beschleunigung, was auf eine m\u00f6gliche S\u00e4ttigung oder Plateaubildung hindeuten k\u00f6nnte.<\/p>\n","protected":false},"excerpt":{"rendered":"Die Ergebnisse zeigen, dass bei A\u03b2+-Teilnehmern nach 36 Monaten die st\u00e4rksten Effektgr\u00f6\u00dfen f\u00fcr den Anstieg der Tau-PET-Werte im&hellip;\n","protected":false},"author":2,"featured_media":374744,"comment_status":"","ping_status":"","sticky":false,"template":"","format":"standard","meta":{"footnotes":""},"categories":[137],"tags":[29,30,141,232],"class_list":{"0":"post-374743","1":"post","2":"type-post","3":"status-publish","4":"format-standard","5":"has-post-thumbnail","7":"category-gesundheit","8":"tag-deutschland","9":"tag-germany","10":"tag-gesundheit","11":"tag-health"},"share_on_mastodon":{"url":"https:\/\/pubeurope.com\/@de\/115095601487500924","error":""},"_links":{"self":[{"href":"https:\/\/www.europesays.com\/de\/wp-json\/wp\/v2\/posts\/374743","targetHints":{"allow":["GET"]}}],"collection":[{"href":"https:\/\/www.europesays.com\/de\/wp-json\/wp\/v2\/posts"}],"about":[{"href":"https:\/\/www.europesays.com\/de\/wp-json\/wp\/v2\/types\/post"}],"author":[{"embeddable":true,"href":"https:\/\/www.europesays.com\/de\/wp-json\/wp\/v2\/users\/2"}],"replies":[{"embeddable":true,"href":"https:\/\/www.europesays.com\/de\/wp-json\/wp\/v2\/comments?post=374743"}],"version-history":[{"count":0,"href":"https:\/\/www.europesays.com\/de\/wp-json\/wp\/v2\/posts\/374743\/revisions"}],"wp:featuredmedia":[{"embeddable":true,"href":"https:\/\/www.europesays.com\/de\/wp-json\/wp\/v2\/media\/374744"}],"wp:attachment":[{"href":"https:\/\/www.europesays.com\/de\/wp-json\/wp\/v2\/media?parent=374743"}],"wp:term":[{"taxonomy":"category","embeddable":true,"href":"https:\/\/www.europesays.com\/de\/wp-json\/wp\/v2\/categories?post=374743"},{"taxonomy":"post_tag","embeddable":true,"href":"https:\/\/www.europesays.com\/de\/wp-json\/wp\/v2\/tags?post=374743"}],"curies":[{"name":"wp","href":"https:\/\/api.w.org\/{rel}","templated":true}]}}