{"id":374782,"date":"2025-08-26T15:04:10","date_gmt":"2025-08-26T15:04:10","guid":{"rendered":"https:\/\/www.europesays.com\/de\/374782\/"},"modified":"2025-08-26T15:04:10","modified_gmt":"2025-08-26T15:04:10","slug":"kriminalitaet-bankueberfall-in-muenster-polizei-fahndet-nach-taeter","status":"publish","type":"post","link":"https:\/\/www.europesays.com\/de\/374782\/","title":{"rendered":"Kriminalit\u00e4t: Bank\u00fcberfall in M\u00fcnster: Polizei fahndet nach T\u00e4ter"},"content":{"rendered":"<p>        Kriminalit\u00e4t<br \/>\n      Bank\u00fcberfall in M\u00fcnster: Polizei fahndet nach T\u00e4ter<\/p>\n<p>            Kopiere den aktuellen Link<\/p>\n<p>          Zur Merkliste hinzuf\u00fcgen<\/p>\n<p>Ein Unbekannter \u00fcberf\u00e4llt eine Bank. Beute machte er nicht. Wie er vorging, ist noch unklar. Die Ermittlungen der Polizei laufen.<\/p>\n<p class=\"typo-body-md typo-body-lg@lg is-initial\">Nach einem Bank\u00fcberfall in M\u00fcnster sucht die <a class=\"taxonomy-entity organization\" data-target-type=\"article\" href=\"https:\/\/www.stern.de\/panorama\/verbrechen\/themen\/polizei-4541324.html\" rel=\"nofollow noopener\" target=\"_blank\">Polizei<\/a> nach dem mutma\u00dflichen T\u00e4ter. Am Morgen habe der maskierte Mann die Filiale einer Bank im s\u00fcd\u00f6stlichen Stadtteil Wolbeck \u00fcberfallen, berichtete die Polizei. Der Unbekannte habe unter Vorhalt einer Schusswaffe Bargeld verlangt und zwei Frauen mit der Waffe geschlagen. Danach sei er zu Fu\u00df gefl\u00fcchtet &#8211; und zwar ohne Beute. Die Polizei habe bei der Suche nach dem Mann auch einen Hubschrauber eingesetzt.\u00a0<\/p>\n<p class=\"typo-body-md typo-body-lg@lg\">Bei einer der beiden geschlagenen <a class=\"taxonomy-entity keyword\" data-target-type=\"article\" href=\"https:\/\/www.stern.de\/kultur\/musik\/themen\/frauen-8715350.html\" rel=\"nofollow noopener\" target=\"_blank\">Frauen<\/a> handelt es sich den Angaben zufolge um eine Bankangestellte. Eine dritte Person in der Filiale erlitt einen Schock. Die drei leicht verletzten Personen wurden ins Krankenhaus gebracht. Der T\u00e4ter soll eine OP-Maske und eine Sonnenbrille getragen haben. Sch\u00fcsse fielen nicht. Auch die &#8222;Westf\u00e4lischen Nachrichten&#8220; hatten berichtet.<\/p>\n<p>\n    dpa\n  <\/p>\n","protected":false},"excerpt":{"rendered":"Kriminalit\u00e4t Bank\u00fcberfall in M\u00fcnster: Polizei fahndet nach T\u00e4ter Kopiere den aktuellen Link Zur Merkliste hinzuf\u00fcgen Ein Unbekannter \u00fcberf\u00e4llt&hellip;\n","protected":false},"author":2,"featured_media":374783,"comment_status":"","ping_status":"","sticky":false,"template":"","format":"standard","meta":{"footnotes":""},"categories":[1843],"tags":[3364,29,30,8970,1209],"class_list":{"0":"post-374782","1":"post","2":"type-post","3":"status-publish","4":"format-standard","5":"has-post-thumbnail","7":"category-muenster","8":"tag-de","9":"tag-deutschland","10":"tag-germany","11":"tag-muenster","12":"tag-nordrhein-westfalen"},"share_on_mastodon":{"url":"https:\/\/pubeurope.com\/@de\/115095684050929034","error":""},"_links":{"self":[{"href":"https:\/\/www.europesays.com\/de\/wp-json\/wp\/v2\/posts\/374782","targetHints":{"allow":["GET"]}}],"collection":[{"href":"https:\/\/www.europesays.com\/de\/wp-json\/wp\/v2\/posts"}],"about":[{"href":"https:\/\/www.europesays.com\/de\/wp-json\/wp\/v2\/types\/post"}],"author":[{"embeddable":true,"href":"https:\/\/www.europesays.com\/de\/wp-json\/wp\/v2\/users\/2"}],"replies":[{"embeddable":true,"href":"https:\/\/www.europesays.com\/de\/wp-json\/wp\/v2\/comments?post=374782"}],"version-history":[{"count":0,"href":"https:\/\/www.europesays.com\/de\/wp-json\/wp\/v2\/posts\/374782\/revisions"}],"wp:featuredmedia":[{"embeddable":true,"href":"https:\/\/www.europesays.com\/de\/wp-json\/wp\/v2\/media\/374783"}],"wp:attachment":[{"href":"https:\/\/www.europesays.com\/de\/wp-json\/wp\/v2\/media?parent=374782"}],"wp:term":[{"taxonomy":"category","embeddable":true,"href":"https:\/\/www.europesays.com\/de\/wp-json\/wp\/v2\/categories?post=374782"},{"taxonomy":"post_tag","embeddable":true,"href":"https:\/\/www.europesays.com\/de\/wp-json\/wp\/v2\/tags?post=374782"}],"curies":[{"name":"wp","href":"https:\/\/api.w.org\/{rel}","templated":true}]}}