{"id":374984,"date":"2025-08-26T16:53:11","date_gmt":"2025-08-26T16:53:11","guid":{"rendered":"https:\/\/www.europesays.com\/de\/374984\/"},"modified":"2025-08-26T16:53:11","modified_gmt":"2025-08-26T16:53:11","slug":"200-wohnungen-am-werdersee-wie-finanziert-die-gewoba-das-grossprojekt","status":"publish","type":"post","link":"https:\/\/www.europesays.com\/de\/374984\/","title":{"rendered":"200 Wohnungen am Werdersee: Wie finanziert die Gewoba das Gro\u00dfprojekt?"},"content":{"rendered":"<p class=\"article-toplinewrapper\">\nFragen &amp; Antworten<\/p>\n<p>Standdatum: 26. August 2025.<\/p>\n<p>Autorinnen und Autoren:<br \/>\nVerena Patel<\/p>\n<p><img decoding=\"async\" class=\"image -image-with-fallback -image-rounded  lazyload\" src=\"data:image\/gif;base64,R0lGODlhEAAJAIAAAP\/\/\/\/\/\/\/yH5BAEKAAEALAAAAAAQAAkAAAIKjI+py+0Po5yUFQA7\"   alt=\"Bauarbeiter auf einer Baustelle eines Mehrfamilienhauses bei blauem Himmel (Symbolbild)\" data-image-owner=\"dpa | Sven Simon\/Frank Hoermann\" data-image-title=\"Bauarbeiter auf einer Baustelle eines Mehrfamilienhauses bei blauem Himmel (Symbolbild)\" data-image-src=\"https:\/\/www.butenunbinnen.de\/bilder\/wohnungsbau-baustelle-100~_v-800x450_c-1756216476468.jpg\" data-image-rights-src=\"\/bilder\/wohnungsbau-baustelle-100~_v-640x360_c-1756216476468.jpg\"\/><\/p>\n<p>Die Nachfrage nach bezahlbarem Wohnraum in Bremen ist gro\u00df (Symbolbild).<\/p>\n<p>Bild: dpa | Sven Simon\/Frank Hoermann<\/p>\n<p class=\"article-intro\">Der Gro\u00dfteil der Wohnungen in der Bremer Neustadt ist f\u00fcr Menschen mit wenig Geld vorgesehen. Der Bestand an Sozialwohnungen in Bremen hatte zuletzt immer weiter abgenommen.<\/p>\n<p>Wie finanziert sich ein Gro\u00dfprojekt wie das neue Wohnquartier auf dem Gel\u00e4nde der Scharnhorst-Kaserne?<\/p>\n<p class=\"questions-and-answers-answers\">Zu den Kosten des Projekts macht die Gewoba keine Angaben. Die \u00f6ffentlich gef\u00f6rderten und preisged\u00e4mpften Wohnungen hat das Wohnungsunternehmen aber aus Kreditmitteln der Bremer Aufbau-Bank GmbH in Kombination mit der KfW Kreditanstalt f\u00fcr Wiederaufbau finanziert, teilte eine Sprecherin auf Anfrage mit. Die \u00fcbrigen Wohnungen werden demnach aus Kreditmitteln der Kreditanstalt f\u00fcr Wiederaufbau sowie der Europ\u00e4ischen Investitionsbank finanziert. <\/p>\n<p>Auf dem Gel\u00e4nde der ehemaligen Scharnhorst-Kaserne soll bis 2027 ein neues Wohnquartier mit insgesamt 200 Wohnungen entstehen. Davon sollen 116 Sozialwohnungen sein, also Menschen mit wenig Geld zugutekommen. Dort wird ein Mietpreis pro Quadratmeter von 6,80 Euro festgelegt, der laut Gewoba f\u00fcr 30 Jahre Bestand haben soll. Das nennt man Sozialbindung. Nach Ablauf k\u00f6nnen Eigent\u00fcmer eine Wohnung zu markt\u00fcblichen Preisen vermieten. Abgesehen von Wohnraum sollen auch Gesch\u00e4ftsfl\u00e4chen und ein Gemeinschaftshaus entstehen.<\/p>\n<p>Was ist die Gewoba f\u00fcr ein Unternehmen?<\/p>\n<p class=\"questions-and-answers-answers\">Die Gewoba ist nach eigenen Angaben die gr\u00f6\u00dfte Vermieterin in Bremen. Laut dem Gesch\u00e4ftsbericht f\u00fcr das Jahr 2024 hat sie ihren Bestand auf mehr als 43.000 Mietwohnungen in Bremen, Bremerhaven und Oldenburg vergr\u00f6\u00dfert. Die durchschnittliche Quadratmetermiete von Wohnungen der Gewoba liegt in der Stadt Bremen demnach bei 7,09 Euro. Die Stadtgemeinde Bremen ist an dem Unternehmen zu 75 Prozent beteiligt.<\/p>\n<p>Wie viele Sozialwohnungen werden in Bremen insgesamt gebaut?<\/p>\n<p class=\"questions-and-answers-answers\">2020 hat der Bremer Senat eine Anhebung der Sozialwohnungsquote beschlossen: Nun m\u00fcssen bei gro\u00dfen Neubauprojekten 30 Prozent der Wohnungen Sozialwohnungen sein.<\/p>\n<p>Aktuell gibt es im Land Bremen 6.524 Sozialwohnungen. Das teilte der Bremer Senat im Januar 2025 auf eine Anfrage der Fraktionen von SPD, B\u00fcndnis 90\/Die Gr\u00fcnen und Die Linke in der Bremischen B\u00fcrgerschaft mit. Der Bestand an Sozialwohnungen hat demnach \u00fcber die vergangenen Jahre immer weiter abgenommen. Zum Vergleich: Im Jahr 2010 hatte es noch 10.675 Sozialwohnungen im Land Bremen gegeben. Laut einer Studie des Pestel Instituts fehlen damit insgesamt rund 10.000 Sozialwohnungen in Bremen.<\/p>\n<p>Wer hat Anspruch auf eine Sozialwohnung?<\/p>\n<p class=\"questions-and-answers-answers\">Sozialwohnungen sind f\u00fcr Menschen mit geringerem Einkommen oder f\u00fcr Bezieher von Sozialleistungen vorgesehen. Daf\u00fcr gibt es feste Einkommensgrenzen. Alleinlebende im Land Bremen d\u00fcrfen danach h\u00f6chstens 12.000 Euro im Jahr verdienen, Menschen, die zu zweit leben, h\u00f6chstens 18.000 Euro im Jahr. Da diese Grenze seit 2006 unver\u00e4ndert besteht, hatte die Bremische B\u00fcrgerschaft im M\u00e4rz 2025 mehrheitlich beschlossen, sie an aktuelle Verh\u00e4ltnisse wie gestiegene Lebenshaltungskosten anzupassen. <\/p>\n<p>Um eine Sozialwohnung zu bekommen, muss man einen Wohnberechtigungsschein vorlegen. Im Verfahren wird dann gepr\u00fcft, ob die Antragsteller diese Kriterien erf\u00fcllen. Auch hier hatte die Fraktionen Verbesserungen gefordert: Die Formulare f\u00fcr Antr\u00e4ge sollten besser verst\u00e4ndlich und in mehreren Sprachen angeboten werden.<\/p>\n<p class=\"article-legal-agencies\"><strong>Quelle<\/strong>:<br \/>\nbuten un binnen.\n<\/p>\n<p class=\"article-legal-broadcast-reference\"><strong>Dieses Thema im Programm:<\/strong><br \/>\nBremen Eins, Nachrichten, 25. August 2025, 7 Uhr<\/p>\n","protected":false},"excerpt":{"rendered":"Fragen &amp; Antworten Standdatum: 26. August 2025. Autorinnen und Autoren: Verena Patel Die Nachfrage nach bezahlbarem Wohnraum in&hellip;\n","protected":false},"author":2,"featured_media":374985,"comment_status":"","ping_status":"","sticky":false,"template":"","format":"standard","meta":{"footnotes":""},"categories":[1824],"tags":[2420,3364,29,30,101938,7743,5337],"class_list":{"0":"post-374984","1":"post","2":"type-post","3":"status-publish","4":"format-standard","5":"has-post-thumbnail","7":"category-bremen","8":"tag-bremen","9":"tag-de","10":"tag-deutschland","11":"tag-germany","12":"tag-gewoba","13":"tag-sozialwohnungen","14":"tag-wohnungen"},"share_on_mastodon":{"url":"https:\/\/pubeurope.com\/@de\/115096112564412803","error":""},"_links":{"self":[{"href":"https:\/\/www.europesays.com\/de\/wp-json\/wp\/v2\/posts\/374984","targetHints":{"allow":["GET"]}}],"collection":[{"href":"https:\/\/www.europesays.com\/de\/wp-json\/wp\/v2\/posts"}],"about":[{"href":"https:\/\/www.europesays.com\/de\/wp-json\/wp\/v2\/types\/post"}],"author":[{"embeddable":true,"href":"https:\/\/www.europesays.com\/de\/wp-json\/wp\/v2\/users\/2"}],"replies":[{"embeddable":true,"href":"https:\/\/www.europesays.com\/de\/wp-json\/wp\/v2\/comments?post=374984"}],"version-history":[{"count":0,"href":"https:\/\/www.europesays.com\/de\/wp-json\/wp\/v2\/posts\/374984\/revisions"}],"wp:featuredmedia":[{"embeddable":true,"href":"https:\/\/www.europesays.com\/de\/wp-json\/wp\/v2\/media\/374985"}],"wp:attachment":[{"href":"https:\/\/www.europesays.com\/de\/wp-json\/wp\/v2\/media?parent=374984"}],"wp:term":[{"taxonomy":"category","embeddable":true,"href":"https:\/\/www.europesays.com\/de\/wp-json\/wp\/v2\/categories?post=374984"},{"taxonomy":"post_tag","embeddable":true,"href":"https:\/\/www.europesays.com\/de\/wp-json\/wp\/v2\/tags?post=374984"}],"curies":[{"name":"wp","href":"https:\/\/api.w.org\/{rel}","templated":true}]}}