{"id":374995,"date":"2025-08-26T16:59:11","date_gmt":"2025-08-26T16:59:11","guid":{"rendered":"https:\/\/www.europesays.com\/de\/374995\/"},"modified":"2025-08-26T16:59:11","modified_gmt":"2025-08-26T16:59:11","slug":"mutlos-und-desastroes-red-bull-boss-geht-auf-leipzig-stars-los","status":"publish","type":"post","link":"https:\/\/www.europesays.com\/de\/374995\/","title":{"rendered":"\u201eMutlos\u201d und \u201edesastr\u00f6s\u201d: Red-Bull-Boss geht auf Leipzig-Stars los"},"content":{"rendered":"\n<p><strong>Die 0:6-Klatsche gegen Bayern M\u00fcnchen zum Bundesliga-Auftakt hat bei RB Leipzig deutliche Spuren hinterlassen. Dass \u201ewir so einen mutlosen, desastr\u00f6sen Auftritt hingelegt haben, war nat\u00fcrlich f\u00fcr uns alle schockierend. Und klar gilt es diesen jetzt aufzuarbeiten\u201d, sagte Red-Bull-Boss Oliver Mintzlaff am Montag in Hamburg am Rande des Sport-Bild-Awards: \u201eDas war der erste Spieltag und nicht der letzte Spieltag. Dennoch gab es sicherlich viel Redebedarf.\u201d<\/strong><\/p>\n<p>Am kommenden Samstag (15.30 Uhr\/Sky) gegen den 1. FC Heidenheim erwartet Mintzlaff von der Mannschaft des neuen Trainers Ole Werner nun ein anderes Gesicht. \u201eEin schlechteres Gesicht, als das, was wir in M\u00fcnchen pr\u00e4sentiert haben \u2013 das erwarte ich sicherlich nicht. Aber klar, wir brauchen jetzt auch eine Reaktion und nicht nur am zweiten Spieltag, sondern auch grunds\u00e4tzlich\u201d, sagte der Manager: \u201eWir haben uns viel vorgenommen und dass das nat\u00fcrlich ein harter D\u00e4mpfer war, das ist klar. Aber auch das passiert im Sport, und jetzt hei\u00dft es nat\u00fcrlich, die richtigen Schl\u00fcsse zu ziehen und dann nat\u00fcrlich einen anderen Auftritt an den Tag zu legen.\u201d<\/p>\n<p>Zukunft von Xavi Simons offen<\/p>\n<p>Ob Offensivstar Xavi Simons in Leipzig bleibt, lie\u00df Mintzlaff derweil offen. Der 22 Jahre alte Niederl\u00e4nder wird vom FC Chelsea umworben, es gebe \u201esicherlich Gespr\u00e4che und auch Interessenten nat\u00fcrlich\u201d, sagte Mintzlaff: \u201eAber es muss f\u00fcr alle Seiten passen. Und wenn das passiert, dann k\u00f6nnte es schon noch sein, dass es einen Abgang gibt. Und wenn es nicht passiert, dann ist Xavi Simons Spieler von RB Leipzig in dieser Saison.\u201d<\/p>\n<p><strong>Das k\u00f6nnte Sie auch interessieren:<\/strong> <a href=\"https:\/\/www.mopo.de\/sport\/fussball\/kein-muss-leipzig-boss-ueber-moeglichen-verkauf-von-topspieler\/\" rel=\"nofollow noopener\" target=\"_blank\">\u201eKein Muss\u201c: Leipzig-Boss \u00fcber m\u00f6glichen Verkauf von Topspieler<\/a><\/p>\n<p>Das Transferfenster in der Bundesliga schlie\u00dft n\u00e4chste Woche. (dpa\/pmk)<\/p>\n<p> <img decoding=\"async\" class=\"vg_wort_pixel\" src=\"https:\/\/www.europesays.com\/de\/wp-content\/uploads\/2025\/08\/vgzm.1021513-mopo-1623276.gif\" alt=\"\" style=\"width: 1px; height: 1px; position: absolute; pointer-events: none;\"\/><\/p>\n","protected":false},"excerpt":{"rendered":"Die 0:6-Klatsche gegen Bayern M\u00fcnchen zum Bundesliga-Auftakt hat bei RB Leipzig deutliche Spuren hinterlassen. Dass \u201ewir so einen&hellip;\n","protected":false},"author":2,"featured_media":374996,"comment_status":"","ping_status":"","sticky":false,"template":"","format":"standard","meta":{"footnotes":""},"categories":[1832],"tags":[3364,29,30,71,859],"class_list":{"0":"post-374995","1":"post","2":"type-post","3":"status-publish","4":"format-standard","5":"has-post-thumbnail","7":"category-leipzig","8":"tag-de","9":"tag-deutschland","10":"tag-germany","11":"tag-leipzig","12":"tag-sachsen"},"share_on_mastodon":{"url":"https:\/\/pubeurope.com\/@de\/115096136255822175","error":""},"_links":{"self":[{"href":"https:\/\/www.europesays.com\/de\/wp-json\/wp\/v2\/posts\/374995","targetHints":{"allow":["GET"]}}],"collection":[{"href":"https:\/\/www.europesays.com\/de\/wp-json\/wp\/v2\/posts"}],"about":[{"href":"https:\/\/www.europesays.com\/de\/wp-json\/wp\/v2\/types\/post"}],"author":[{"embeddable":true,"href":"https:\/\/www.europesays.com\/de\/wp-json\/wp\/v2\/users\/2"}],"replies":[{"embeddable":true,"href":"https:\/\/www.europesays.com\/de\/wp-json\/wp\/v2\/comments?post=374995"}],"version-history":[{"count":0,"href":"https:\/\/www.europesays.com\/de\/wp-json\/wp\/v2\/posts\/374995\/revisions"}],"wp:featuredmedia":[{"embeddable":true,"href":"https:\/\/www.europesays.com\/de\/wp-json\/wp\/v2\/media\/374996"}],"wp:attachment":[{"href":"https:\/\/www.europesays.com\/de\/wp-json\/wp\/v2\/media?parent=374995"}],"wp:term":[{"taxonomy":"category","embeddable":true,"href":"https:\/\/www.europesays.com\/de\/wp-json\/wp\/v2\/categories?post=374995"},{"taxonomy":"post_tag","embeddable":true,"href":"https:\/\/www.europesays.com\/de\/wp-json\/wp\/v2\/tags?post=374995"}],"curies":[{"name":"wp","href":"https:\/\/api.w.org\/{rel}","templated":true}]}}