{"id":375117,"date":"2025-08-26T18:05:17","date_gmt":"2025-08-26T18:05:17","guid":{"rendered":"https:\/\/www.europesays.com\/de\/375117\/"},"modified":"2025-08-26T18:05:17","modified_gmt":"2025-08-26T18:05:17","slug":"grosses-loch-im-duisburger-haushalt-diese-ausgaben-explodieren","status":"publish","type":"post","link":"https:\/\/www.europesays.com\/de\/375117\/","title":{"rendered":"Gro\u00dfes Loch im Duisburger Haushalt: Diese Ausgaben explodieren"},"content":{"rendered":"<p class=\"font-sans font-medium\">Duisburg. Das Defizit der Stadt wird 2025 gr\u00f6\u00dfer als erwartet. Das teilt K\u00e4mmerer Martin Murrack mit. Er nennt drei Hauptgr\u00fcnde \u2013 und reagiert mit einer Anordnung.<\/p>\n<p class=\"\">Im Kommunalwahlkampf hatte Dr. Sebastian Ritter, OB-Kandidat der Gr\u00fcnen, vor Tagen gewarnt: \u201eIch bekomme aus der Stadtverwaltung den Hinweis, dass jetzt schon wild Gelder hin und hergeschoben werden, um vor der Wahl ja nicht rauskommen zu lassen, dass wir in der Stadt Duisburg deutlich unterfinanziert sind.\u201c Zur verschlechterten Finanzlage war Ritter offenbar richtig informiert: K\u00e4mmerer Martin Murrack hat am Dienstag in einer Pressemitteilung bekanntgegeben, dass die Stadt am Jahresende mit einem deutlich gr\u00f6\u00dferen Defizit rechnet als bislang angenommen. Er hat eine \u201erestriktivere Haushaltsf\u00fchrung\u201c angeordnet.<\/p>\n<p class=\"\">Der aktuelle Controlling-Bericht zum Stichtag 30. prognostiziere zum Jahresende einen Fehlbetrag von rund 147,42 Millionen Euro, teilt die Stadt mit. Dies entspreche einer Verschlechterung von 103,75 Millionen Euro gegen\u00fcber dem urspr\u00fcnglich geplanten Defizit von 43,67 Millionen Euro, erl\u00e4utert Stadtsprecher Falko Firlus in der Mitteilung.<\/p>\n<p>  Sozialausgaben, Sold, Gebag: Duisburg erwartet Defizit von 147,42 Millionen Euro<\/p>\n<p class=\"\">Der Hauptgrund seien die stark gestiegenen <strong>Sozialausgaben<\/strong>, die sich um rund 68 Millionen Euro erh\u00f6ht h\u00e4tten.<\/p>\n<p class=\"\">Hinzu kommen Mehrbelastungen bei den <strong>Personal- und Versorgungsaufwendungen<\/strong> f\u00fcr Besch\u00e4ftigte der Stadt in H\u00f6he von circa 53 Millionen Euro. Dazu gef\u00fchrt haben <a href=\"https:\/\/www.waz.de\/staedte\/duisburg\/article238230137\/Duisburg-Stadtspitze-will-Steuern-und-Abgaben-nicht-erhoehen.html\" data-category-full-path=\"\/staedte\/duisburg\/\" data-paid-status=\"premium\" data-article-publish-date=\"1682431469\" rel=\"nofollow noopener\" target=\"_blank\">Tarifabschl\u00fcsse und Besoldungserh\u00f6hungen f\u00fcr 5700 Besch\u00e4ftigte<\/a> der Verwaltung im Jahr 2024 und die Besetzung freier Stellen. <\/p>\n<p class=\"\">Dar\u00fcber hinaus wirke sich die <strong>Unterst\u00fctzung der Wohnbaugesellschaft Gebag<\/strong> mit rund 40 Millionen Euro negativ auf die Bilanz aus. Der Rat hatte im Mai die Rettung der Gebag und ihrer Fl\u00e4chenentwicklungstochter beschlossen. Die Neuaufstellung der st\u00e4dtischen Baugesellschaft kostet die Stadt zun\u00e4chst insgesamt 165 Millionen Euro (<a href=\"https:\/\/www.waz.de\/lokales\/duisburg\/article408955835\/millionen-fuer-gebag-rettung-warum-viele-fragen-offen-bleiben.html\" data-category-full-path=\"https:\/\/www.waz.de\/lokales\/duisburg\/\" data-paid-status=\"premium\" data-article-publish-date=\"1746621510\" rel=\"nofollow noopener\" target=\"_blank\">wir berichteten<\/a>).<\/p>\n<p>    Auch interessant<\/p>\n<p>    <img decoding=\"async\" src=\"https:\/\/www.europesays.com\/de\/wp-content\/uploads\/2025\/08\/408083274_1750174638_v1_1_200.jpeg\" class=\"block w-full object-cover relative z-10 aspect-[1\/1] \" alt=\"Das alte G\u00fcterbahnhofsgel\u00e4nde in Duisburg s\u00fcdlich des Hauptbahnhofs. Hier plant die Gebag zwischen Autobahn A59 und Bahnstrecke das gemischte Quartier \u201eDuisburger D\u00fcnen\u201c. Luftbild: Gebag \u00a0\" title=\"Das alte G\u00fcterbahnhofsgel\u00e4nde in Duisburg s\u00fcdlich des Hauptbahnhofs. Hier plant die Gebag zwischen Autobahn A59 und Bahnstrecke das gemischte Quartier \u201eDuisburger D\u00fcnen\u201c. Luftbild: Gebag \u00a0\" loading=\"lazy\"\/><\/p>\n<p>  Stadt hofft auf Mehreinnahmen durch Gewerbesteuer<\/p>\n<p class=\"\">Erfreulich sei dagegen die Entwicklung bei den Einnahmen durch die Gewerbesteuer: Hier rechnet die Stadt mit mehr Einnahmen als zuvor kalkuliert. Genaue Angaben dazu machte sie zun\u00e4chst nicht.<\/p>\n<p class=\"\">\u201eDie aktualisierte und validierte Haushaltsprognose best\u00e4tigt die zuletzt in der Juni-Ratssitzung skizzierten  Haushaltsverschlechterungen und macht deutlich, dass wir vor gro\u00dfen finanziellen Herausforderungen stehen\u201c, zitiert die Stadt K\u00e4mmerer Murrack. \u201eInsbesondere die, nicht nur in diesem Jahr, stark steigenden Soziallasten zeigen dabei, dass Bund und Land ihrer Verantwortung gegen\u00fcber den Kommunen nicht gerecht werden.\u201c<\/p>\n<p>  Anordnung: Verwaltung darf kein Geld f\u00fcr freiwillige Leistungen mehr ausgeben <\/p>\n<p class=\"\">Murrack sehe sich wegen des Millionenlochs im Haushalt \u201egezwungen, dieser Entwicklung entgegenzutreten. Daher tritt ab sofort, erg\u00e4nzend zur bestehenden Controllingpraxis, eine restriktivere Haushaltsf\u00fchrung in Kraft\u201c, betont der Stadtdirektor und Stadtk\u00e4mmerer. Durch die Verwaltung d\u00fcrften darum \u201einsbesondere nur noch solche Ausgaben geleistet werden, die wirtschaftlich sind oder zu denen sie rechtlich verpflichtet ist\u201c. Tabu sind somit vorerst die \u201efreiwilligen Leistungen\u201c, etwa im Bereich Sport oder Kultur. <\/p>\n<p class=\"\">Aufsichtsrechtliche Ma\u00dfnahmen gegen\u00fcber der Stadt Duisburg seien nicht zu erwarten, so Stadtsprecher Firlus. Der Grund daf\u00fcr seien nicht zuletzt die  positiven Jahresabschl\u00fcsse der Vorjahre: \u201eZudem zeigen die Jahresergebnisse der letzten Jahre, dass die Prognose zum 30. Juni selbst noch Schwankungen unterworfen ist.\u201c So lagen die positiven Abweichungen 2024 bei 57,53 Millionen Euro, 2023 bei 64,72 Millionen Euro und 2022 bei 197,40 Millionen Euro. <\/p>\n<p class=\"\">F\u00fcr Duisburgs Haushalt 2024 war kein Haushaltssicherungskonzept mehr erforderlich. Die Stadt hatte 2022 zum ersten Mal seit 2010 die bilanzielle \u00dcberschuldung \u00fcberwunden. Danach konnte die Verwaltung ein Eigenkapital in H\u00f6he von 323,5 Millionen Euro aufbauen.<\/p>\n<p>  Murrack: R\u00fccklage verhindert R\u00fcckfall in Haushaltssicherung<\/p>\n<p class=\"\">\u201eJetzt zeigt sich, wie wichtig es war, in den Vorjahren nicht den Fu\u00df von der Sparbremse zu nehmen\u201c, sagt Martin Murrack. \u201eDeshalb war es m\u00f6glich, eine Ausgleichsr\u00fccklage zu bilden, die uns jetzt vor einem R\u00fcckfall in die Haushaltssicherung bewahren wird, wenn die negativen Tendenzen wirklich eintreten.\u201c<\/p>\n<p class=\"\">Nachdem Recherchen unserer Redaktion gezeigt hatten, dass das Duisburger Jugendamt erneut Rechnungen in H\u00f6he von 39 Millionen Euro nicht bezahlt hatte, <a href=\"https:\/\/www.waz.de\/lokales\/duisburg\/article409811634\/duisburgs-finanzielle-lage-ob-kandidaten-fordern-aufklaerung.html\" data-category-full-path=\"https:\/\/www.waz.de\/lokales\/duisburg\/\" data-paid-status=\"free\" data-article-publish-date=\"1755873754\" rel=\"nofollow noopener\" target=\"_blank\">hatten die OB-Kandidaten Sebastian Ritter (Gr\u00fcne) und Britta S\u00f6ntgerath (Volt) Aufkl\u00e4rung zur Finanzlage der Stadt gefordert.<\/a><\/p>\n<p>   Duisburg-Newsletter: Jetzt kostenlos anmelden!<\/p>\n<p class=\"text-body2 mt-2\">Nachrichten, Service, Reportagen: Jeden Tag wissen, was in unserer Stadt los ist.<\/p>\n<p class=\"text-caption text-copy-secondary\">\n          Mit meiner Anmeldung zum Newsletter stimme ich der<br \/>\n          <a href=\"https:\/\/www.waz.de\/services\/newsletter-adconsent\" class=\"text-overline text-copy-accent-negative dark:underline\" rel=\"nofollow noopener\" target=\"_blank\">Werbevereinbarung<\/a><br \/>\n          zu.\n        <\/p>\n<p class=\"\">Zur Haushaltslage hatte K\u00e4mmerer Martin Murrack bereits <a href=\"https:\/\/www.waz.de\/lokales\/duisburg\/article409333643\/warum-das-geld-fuer-duisburgs-haushalt-bald-knapp-werden-koennte.html\" data-category-full-path=\"https:\/\/www.waz.de\/lokales\/duisburg\/\" data-paid-status=\"premium\" data-article-publish-date=\"1750689235\" rel=\"nofollow noopener\" target=\"_blank\">im Juni\u00a0vor einer Verschlechterung gewarnt,<\/a>\u00a0weil die Stadt aufgrund ihrer besseren Kassenlage mit weniger Schl\u00fcsselzuweisungen aus D\u00fcsseldorf rechnen m\u00fcsse.\u00a0(pw)<\/p>\n","protected":false},"excerpt":{"rendered":"Duisburg. Das Defizit der Stadt wird 2025 gr\u00f6\u00dfer als erwartet. Das teilt K\u00e4mmerer Martin Murrack mit. Er nennt&hellip;\n","protected":false},"author":2,"featured_media":375118,"comment_status":"","ping_status":"","sticky":false,"template":"","format":"standard","meta":{"footnotes":""},"categories":[1838],"tags":[3364,29,3715,30,1209],"class_list":{"0":"post-375117","1":"post","2":"type-post","3":"status-publish","4":"format-standard","5":"has-post-thumbnail","7":"category-duisburg","8":"tag-de","9":"tag-deutschland","10":"tag-duisburg","11":"tag-germany","12":"tag-nordrhein-westfalen"},"share_on_mastodon":{"url":"https:\/\/pubeurope.com\/@de\/115096395850718535","error":""},"_links":{"self":[{"href":"https:\/\/www.europesays.com\/de\/wp-json\/wp\/v2\/posts\/375117","targetHints":{"allow":["GET"]}}],"collection":[{"href":"https:\/\/www.europesays.com\/de\/wp-json\/wp\/v2\/posts"}],"about":[{"href":"https:\/\/www.europesays.com\/de\/wp-json\/wp\/v2\/types\/post"}],"author":[{"embeddable":true,"href":"https:\/\/www.europesays.com\/de\/wp-json\/wp\/v2\/users\/2"}],"replies":[{"embeddable":true,"href":"https:\/\/www.europesays.com\/de\/wp-json\/wp\/v2\/comments?post=375117"}],"version-history":[{"count":0,"href":"https:\/\/www.europesays.com\/de\/wp-json\/wp\/v2\/posts\/375117\/revisions"}],"wp:featuredmedia":[{"embeddable":true,"href":"https:\/\/www.europesays.com\/de\/wp-json\/wp\/v2\/media\/375118"}],"wp:attachment":[{"href":"https:\/\/www.europesays.com\/de\/wp-json\/wp\/v2\/media?parent=375117"}],"wp:term":[{"taxonomy":"category","embeddable":true,"href":"https:\/\/www.europesays.com\/de\/wp-json\/wp\/v2\/categories?post=375117"},{"taxonomy":"post_tag","embeddable":true,"href":"https:\/\/www.europesays.com\/de\/wp-json\/wp\/v2\/tags?post=375117"}],"curies":[{"name":"wp","href":"https:\/\/api.w.org\/{rel}","templated":true}]}}