{"id":375946,"date":"2025-08-27T01:40:47","date_gmt":"2025-08-27T01:40:47","guid":{"rendered":"https:\/\/www.europesays.com\/de\/375946\/"},"modified":"2025-08-27T01:40:47","modified_gmt":"2025-08-27T01:40:47","slug":"db-cargo-schliesst-werkstaetten-auch-magdeburg-und-halle-betroffen","status":"publish","type":"post","link":"https:\/\/www.europesays.com\/de\/375946\/","title":{"rendered":"DB Cargo schlie\u00dft Werkst\u00e4tten \u2013 auch Magdeburg und Halle betroffen"},"content":{"rendered":"<p class=\"text\">\nDie G\u00fcterverkehrstochter der Deutschen Bahn, DB Cargo, will deutschlandweit zahlreiche Werkst\u00e4tten schlie\u00dfen. Wie das Unternehmen MDR SACHSEN-ANHALT mitteilte, soll die Au\u00dfenstelle in <a href=\"https:\/\/www.mdr.de\/nachrichten\/sachsen-anhalt\/magdeburg\/region-magdeburg-nachrichtenfeed100.html\" title=\"Magdeburg News | Aktuelle Nachrichten\" rel=\"nofollow noopener\" target=\"_blank\">Magdeburg<\/a> geschlossen werden. Lediglich mobile Instandhaltungsteams blieben vor Ort.\n<\/p>\n<p class=\"text\">\nAuch der Standort <a href=\"https:\/\/www.mdr.de\/nachrichten\/sachsen-anhalt\/halle\/region-halle-nachrichtenfeed100.html\" title=\"Halle News | Aktuelle Nachrichten\" rel=\"nofollow noopener\" target=\"_blank\">Halle (Saale)<\/a> ist den Angaben nach von den Umbaupl\u00e4nen betroffen. Die Werkstatt werde sich k\u00fcnftig ausschlie\u00dflich auf die Lok-Instandhaltung konzentrieren. Die bisherige Wagen-Instandhaltung entfalle und werde an andere Standorte verlagert.\n<\/p>\n<p>Bundesweit 170 Arbeitspl\u00e4tze betroffen<\/p>\n<p class=\"text\">\nWie viele Besch\u00e4ftigte in Sachsen-Anhalt konkret betroffen sein werden, ist noch offen. Laut DB Cargo sollen <a href=\"https:\/\/www.mdr.de\/nachrichten\/deutschland\/wirtschaft\/db-cargo-sparprogramm-100.html\" title=\"DB Cargo streicht 5.000 Jobs \u2013 Millionenverluste trotz Sparprogramm\" rel=\"nofollow noopener\" target=\"_blank\">bundesweit rund 170 Arbeitspl\u00e4tze wegfallen<\/a>. Den Mitarbeitenden will der Konzern alternative Stellen im Bahn-Konzern anbieten. Endg\u00fcltige Entscheidungen \u2013 auch zum Zeitplan \u2013 sollen erst nach den im September beginnenden Verhandlungen mit dem Gesamtbetriebsrat fallen.<\/p>\n","protected":false},"excerpt":{"rendered":"Die G\u00fcterverkehrstochter der Deutschen Bahn, DB Cargo, will deutschlandweit zahlreiche Werkst\u00e4tten schlie\u00dfen. Wie das Unternehmen MDR SACHSEN-ANHALT mitteilte,&hellip;\n","protected":false},"author":2,"featured_media":375947,"comment_status":"","ping_status":"","sticky":false,"template":"","format":"standard","meta":{"footnotes":"","_share_on_mastodon":"0"},"categories":[1860],"tags":[102104,3364,2030,29,548,663,3934,30,4062,17332,13,4063,81,14,15,6211,17331,860,12],"class_list":["post-375946","post","type-post","status-publish","format-standard","has-post-thumbnail","category-halle-saale","tag-db-cargo","tag-de","tag-deutsche-bahn","tag-deutschland","tag-eu","tag-europa","tag-europe","tag-germany","tag-halle","tag-halle-saale","tag-headlines","tag-magdeburg","tag-mdr","tag-nachrichten","tag-news","tag-regionalportal","tag-saale","tag-sachsen-anhalt","tag-schlagzeilen"],"share_on_mastodon":{"url":"https:\/\/pubeurope.com\/@de\/115098188912989787","error":""},"_links":{"self":[{"href":"https:\/\/www.europesays.com\/de\/wp-json\/wp\/v2\/posts\/375946","targetHints":{"allow":["GET"]}}],"collection":[{"href":"https:\/\/www.europesays.com\/de\/wp-json\/wp\/v2\/posts"}],"about":[{"href":"https:\/\/www.europesays.com\/de\/wp-json\/wp\/v2\/types\/post"}],"author":[{"embeddable":true,"href":"https:\/\/www.europesays.com\/de\/wp-json\/wp\/v2\/users\/2"}],"replies":[{"embeddable":true,"href":"https:\/\/www.europesays.com\/de\/wp-json\/wp\/v2\/comments?post=375946"}],"version-history":[{"count":0,"href":"https:\/\/www.europesays.com\/de\/wp-json\/wp\/v2\/posts\/375946\/revisions"}],"wp:featuredmedia":[{"embeddable":true,"href":"https:\/\/www.europesays.com\/de\/wp-json\/wp\/v2\/media\/375947"}],"wp:attachment":[{"href":"https:\/\/www.europesays.com\/de\/wp-json\/wp\/v2\/media?parent=375946"}],"wp:term":[{"taxonomy":"category","embeddable":true,"href":"https:\/\/www.europesays.com\/de\/wp-json\/wp\/v2\/categories?post=375946"},{"taxonomy":"post_tag","embeddable":true,"href":"https:\/\/www.europesays.com\/de\/wp-json\/wp\/v2\/tags?post=375946"}],"curies":[{"name":"wp","href":"https:\/\/api.w.org\/{rel}","templated":true}]}}