{"id":376518,"date":"2025-08-27T07:15:11","date_gmt":"2025-08-27T07:15:11","guid":{"rendered":"https:\/\/www.europesays.com\/de\/376518\/"},"modified":"2025-08-27T07:15:11","modified_gmt":"2025-08-27T07:15:11","slug":"herbstmarkt-in-molfsee-lebensart-im-norden","status":"publish","type":"post","link":"https:\/\/www.europesays.com\/de\/376518\/","title":{"rendered":"Herbstmarkt in Molfsee \u2013 Lebensart im Norden"},"content":{"rendered":"<p class=\"einleitung\">Vom 3. bis zum 12. Oktober \u00f6ffnet der Herbstmarkt im Freilichtmuseum Molfsee jeweils von 10 bis 18 Uhr seine Tore. Dann umweht der Duft von Apfelkuchen und Kaffee, Bratwurst und vielen anderen regionalen K\u00f6stlichkeiten wieder die liebevoll hergerichteten H\u00e4user in der historisch gepr\u00e4gten Herbstlandschaft.<\/p>\n<p>Es pr\u00e4sentieren sich auf dem riesigen Museumsareal gut 130 Aussteller*innen. Sie bieten regionale Produkte an, kuschelig warme Kleidung f\u00fcr Erwachsene und Kinder, gewohnt hochwertiges Kunsthandwerk, sowie nicht zuletzt Pflanzen und Herbstdeko f\u00fcr Haus und Garten. Die Nordbauern Schleswig-Holstein mit verschiedenen regionalen Erzeugern und Direkt-Vermarktern laden zu einem bunten Bauernmarkt auf dem Herbstmarkt ein. Wie immer stehen selbstproduzierte Waren im Vordergrund. Erfahrungsgem\u00e4\u00df entwickeln jene St\u00e4nde eine gro\u00dfe Anziehungskraft, die mit Aktivit\u00e4ten auf sich aufmerksam machen. So wird auch in diesem Jahr wieder vor der Bockwindm\u00fchle der Silberschmiede-Stand mit seinen Vorf\u00fchrangeboten aufgebaut. Erneut mit dabei ist ein Baumkletterer, der seine Arbeit w\u00e4hrend des Herbstmarkts vorstellt, sich \u00fcber die Schulter schauen l\u00e4sst und sogar Kindern das Klettern erm\u00f6glichen wird.<\/p>\n<p>Kunstversorgung gesichert<\/p>\n<p>Das Museum selbst nimmt das begeisterte Feedback aus 2024 auf und l\u00e4dt wieder im Haus Schmielau aus Lehe und weiteren Orten im Museumgel\u00e4nde zum Mitmach-Erlebnis ein. Neben einigen \u00dcberraschunen bietet ein neuer Medienguide, den die Besucher*innen wie im Jahr100Haus via Smartphone laden k\u00f6nnen, Informationen \u00fcber die historischen Geb\u00e4ude, die neuen Ausstellungen \u201eWind\u201c sowie \u201eGespeichert\u201c und die \u201eLicht Gestalten\u201c geben frische Einblicke in unsere Alltagskultur.<\/p>\n<p>Ticketpreise und Online-Eintrittskarten<\/p>\n<p>Der Eintritt ins Museum und damit auch auf den Herbstmarkt betr\u00e4gt f\u00fcr Erwachsene 12 Euro (erm. 10 Euro), Kinder\/Jugendliche zahlen 4 Euro und die Familienkarte kostet 25 Euro. Wer sich ab Mitte September \u00fcber die Internetseite des Museums landesmuseen-sh.ticketfritz.de ein Online-Ticket kauft, kommt erfahrungsgem\u00e4\u00df schneller ans Ziel.<\/p>\n<p class=\"has-text-align-center\"><strong>3. bis 12. Oktober<br \/>Freilichtmuseum Molfsee, Hamburger Landstr. 97<br \/><a href=\"http:\/\/www.freilichtmuseum-sh.de\" rel=\"nofollow noopener\" target=\"_blank\">www.freilichtmuseum-sh.de<\/a><\/strong><\/p>\n<ol start=\"3\" class=\"wp-block-list\"\/>\n<p class=\"has-text-align-right\" style=\"font-size:11px\">Fotos: Stiftung Schleswig-Holsteinische Landesmuseen<\/p>\n","protected":false},"excerpt":{"rendered":"Vom 3. bis zum 12. Oktober \u00f6ffnet der Herbstmarkt im Freilichtmuseum Molfsee jeweils von 10 bis 18 Uhr&hellip;\n","protected":false},"author":2,"featured_media":376519,"comment_status":"","ping_status":"","sticky":false,"template":"","format":"standard","meta":{"footnotes":""},"categories":[1852],"tags":[3364,29,548,663,3934,30,13,4949,14,15,12,1971],"class_list":{"0":"post-376518","1":"post","2":"type-post","3":"status-publish","4":"format-standard","5":"has-post-thumbnail","7":"category-kiel","8":"tag-de","9":"tag-deutschland","10":"tag-eu","11":"tag-europa","12":"tag-europe","13":"tag-germany","14":"tag-headlines","15":"tag-kiel","16":"tag-nachrichten","17":"tag-news","18":"tag-schlagzeilen","19":"tag-schleswig-holstein"},"share_on_mastodon":{"url":"https:\/\/pubeurope.com\/@de\/115099502091649605","error":""},"_links":{"self":[{"href":"https:\/\/www.europesays.com\/de\/wp-json\/wp\/v2\/posts\/376518","targetHints":{"allow":["GET"]}}],"collection":[{"href":"https:\/\/www.europesays.com\/de\/wp-json\/wp\/v2\/posts"}],"about":[{"href":"https:\/\/www.europesays.com\/de\/wp-json\/wp\/v2\/types\/post"}],"author":[{"embeddable":true,"href":"https:\/\/www.europesays.com\/de\/wp-json\/wp\/v2\/users\/2"}],"replies":[{"embeddable":true,"href":"https:\/\/www.europesays.com\/de\/wp-json\/wp\/v2\/comments?post=376518"}],"version-history":[{"count":0,"href":"https:\/\/www.europesays.com\/de\/wp-json\/wp\/v2\/posts\/376518\/revisions"}],"wp:featuredmedia":[{"embeddable":true,"href":"https:\/\/www.europesays.com\/de\/wp-json\/wp\/v2\/media\/376519"}],"wp:attachment":[{"href":"https:\/\/www.europesays.com\/de\/wp-json\/wp\/v2\/media?parent=376518"}],"wp:term":[{"taxonomy":"category","embeddable":true,"href":"https:\/\/www.europesays.com\/de\/wp-json\/wp\/v2\/categories?post=376518"},{"taxonomy":"post_tag","embeddable":true,"href":"https:\/\/www.europesays.com\/de\/wp-json\/wp\/v2\/tags?post=376518"}],"curies":[{"name":"wp","href":"https:\/\/api.w.org\/{rel}","templated":true}]}}