{"id":376585,"date":"2025-08-27T07:53:13","date_gmt":"2025-08-27T07:53:13","guid":{"rendered":"https:\/\/www.europesays.com\/de\/376585\/"},"modified":"2025-08-27T07:53:13","modified_gmt":"2025-08-27T07:53:13","slug":"500-meter-lange-tafel-bei-gastmahl-dresden-isst-bunt","status":"publish","type":"post","link":"https:\/\/www.europesays.com\/de\/376585\/","title":{"rendered":"500 Meter lange Tafel bei Gastmahl \u201eDresden is(s)t bunt\u201c"},"content":{"rendered":"<p>Gastmahl &#8222;Dresden is(s)t bunt&#8220; <\/p>\n<p>500 Meter lange Tafel f\u00fcr Vielfalt in Dresden<\/p>\n<p>27.08.2025 &#8211; 09:09 UhrLesedauer: 1 Min.<\/p>\n<p><a href=\"#focus-0\" class=\"transition-colors duration-200 focus-within:text-magenta block text-current relative\" data-sctrack=\"FocusGalleryImage.Reference\"><img fetchpriority=\"high\" data-testid=\"Opener.Image\" style=\"--lqipURL:url('https:\/\/images.t-online.de\/2025\/08\/i9EJWje9Vo5R\/0x106:2048x1152\/fit-in\/150x0\/filters:blur(25)\/fuer-das-9-dresdner-gastmahl-fuer-vielfalt-wird-eine-rund-500-meter-lange-tafel-aufgestellt-archivbild.jpg')\"   loading=\"eager\" src=\"https:\/\/www.europesays.com\/de\/wp-content\/uploads\/2025\/08\/fuer-das-9-dresdner-gastmahl-fuer-vielfalt-wird-eine-rund-500-meter-lange-tafel-aufgestellt-archivbi.jpeg\" alt=\"Dresdener Gastmahl\" title=\"Dresdener Gastmahl\" width=\"2048\" height=\"1152\" class=\"bg-[url:var(--lqipURL)] bg-cover bg-center flex h-full w-full max-w-full\" decoding=\"async\"\/><img style=\"--width:32;--height:32\" loading=\"lazy\" src=\"https:\/\/www.t-online.de\/s\/paper\/_next\/static\/media\/zoom-in.f7dae02f.svg\" alt=\"Vergr\u00f6\u00dfern des Bildes\" title=\"Vergr\u00f6\u00dfern des Bildes\" class=\"block h-[calc(var(--height)_\/_16_*_1rem)] w-[calc(var(--width)_\/_16_*_1rem)] max-w-none absolute bottom-8 right-8 rounded-4 bg-snow p-8\" decoding=\"async\"\/><\/a><\/p>\n<p>Das Dresdner Gastmahl f\u00fcr Vielfalt (Archivbild): Die Aktion wurde als Reaktion auf wachsende Fremdenfeindlichkeit ins Leben gerufen. (Quelle: Sebastian Kahnert\/dpa-Zentralbild\/dpa\/dpa-bilder)<\/p>\n<p class=\"font-bold text-18 leading-17\">Auf der Hauptstra\u00dfe in Dresden wird erneut gegen Fremdenfeindlichkeit getafelt. Hinter der Aktion stehen \u00fcber 200 Partner.<\/p>\n<p class=\"text-18 leading-17\">Die CellexStiftung hat f\u00fcr den 1. September 2025 zum neunten Gastmahl &#8222;Dresden is(s)t bunt&#8220; eingeladen. Auf der Hauptstra\u00dfe werden zwischen dem Jorge-Gomondai-Platz und dem Goldenen Reiter 271 Tische zu einer 500 Meter langen Tafel aufgestellt, teilten die Veranstalter mit.<\/p>\n<p class=\"text-18 leading-17\">Das Gastmahl wurde 2016 als Reaktion auf die wachsende Fremdenfeindlichkeit in <a class=\"transition-colors duration-200 cursor-pointer text-inherit no-underline text-salemsfur md:hover:text-magenta md:hover:border-magenta md:focus:text-magenta border-current border-b border-solid break-words\" href=\"https:\/\/www.t-online.de\/region\/dresden\/\" data-sctrack=\"BodyAnchor\" target=\"_blank\" rel=\"noopener\">Dresden<\/a> konzipiert. Ziel der Veranstaltung sei es, auf die Herausforderungen in der Stadt und die Notwendigkeit der Zusammenarbeit hinzuweisen, erkl\u00e4rten die Organisatoren. Es solle zeigen, dass die Stadt lebenswert bleibt f\u00fcr Menschen, die aus anderen Teilen der Welt nach Dresden kommen oder fl\u00fcchten mussten.<\/p>\n<p class=\"text-18 leading-17\">Prof. Dr. Gerhard Ehninger, Stiftungsratsvorsitzender der federf\u00fchrenden CellexStiftung, sagt: &#8222;Dank der Kooperation von ganz vielen Menschen ist daraus ein Fest geworden, an dem Tausende teilnehmen und das weit \u00fcber Dresden hinaus Beachtung findet.&#8220; Konfrontation vergeude Energie, w\u00e4hrend Kooperation innovative Kr\u00e4fte freisetze.<\/p>\n<p class=\"text-18 leading-17\">Die CellexStiftung organisiert die Veranstaltung gemeinsam mit knapp 200 Organisationen. 99 Sponsoren und 107 Kulturpartner beteiligen sich in diesem Jahr. Alle Tische f\u00fcr Kulturpartner und Unternehmen sind bereits vergeben. Interessierte k\u00f6nnen sich jedoch noch auf eine Warteliste setzen lassen.<\/p>\n","protected":false},"excerpt":{"rendered":"Gastmahl &#8222;Dresden is(s)t bunt&#8220; 500 Meter lange Tafel f\u00fcr Vielfalt in Dresden 27.08.2025 &#8211; 09:09 UhrLesedauer: 1 Min.&hellip;\n","protected":false},"author":2,"featured_media":376586,"comment_status":"","ping_status":"","sticky":false,"template":"","format":"standard","meta":{"footnotes":""},"categories":[1835],"tags":[722,17161,3364,29,2386,6883,102255,30,12958,859,61],"class_list":{"0":"post-376585","1":"post","2":"type-post","3":"status-publish","4":"format-standard","5":"has-post-thumbnail","7":"category-dresden","8":"tag-722","9":"tag-17161","10":"tag-de","11":"tag-deutschland","12":"tag-dresden","13":"tag-fremdenfeindlichkeit","14":"tag-gastmahl","15":"tag-germany","16":"tag-hauptstrasse","17":"tag-sachsen","18":"tag-vielfalt"},"share_on_mastodon":{"url":"https:\/\/pubeurope.com\/@de\/115099651822458026","error":""},"_links":{"self":[{"href":"https:\/\/www.europesays.com\/de\/wp-json\/wp\/v2\/posts\/376585","targetHints":{"allow":["GET"]}}],"collection":[{"href":"https:\/\/www.europesays.com\/de\/wp-json\/wp\/v2\/posts"}],"about":[{"href":"https:\/\/www.europesays.com\/de\/wp-json\/wp\/v2\/types\/post"}],"author":[{"embeddable":true,"href":"https:\/\/www.europesays.com\/de\/wp-json\/wp\/v2\/users\/2"}],"replies":[{"embeddable":true,"href":"https:\/\/www.europesays.com\/de\/wp-json\/wp\/v2\/comments?post=376585"}],"version-history":[{"count":0,"href":"https:\/\/www.europesays.com\/de\/wp-json\/wp\/v2\/posts\/376585\/revisions"}],"wp:featuredmedia":[{"embeddable":true,"href":"https:\/\/www.europesays.com\/de\/wp-json\/wp\/v2\/media\/376586"}],"wp:attachment":[{"href":"https:\/\/www.europesays.com\/de\/wp-json\/wp\/v2\/media?parent=376585"}],"wp:term":[{"taxonomy":"category","embeddable":true,"href":"https:\/\/www.europesays.com\/de\/wp-json\/wp\/v2\/categories?post=376585"},{"taxonomy":"post_tag","embeddable":true,"href":"https:\/\/www.europesays.com\/de\/wp-json\/wp\/v2\/tags?post=376585"}],"curies":[{"name":"wp","href":"https:\/\/api.w.org\/{rel}","templated":true}]}}