{"id":377001,"date":"2025-08-27T11:41:16","date_gmt":"2025-08-27T11:41:16","guid":{"rendered":"https:\/\/www.europesays.com\/de\/377001\/"},"modified":"2025-08-27T11:41:16","modified_gmt":"2025-08-27T11:41:16","slug":"forum-alpbach-eroeffnet-austria-in-europe-days-mit-starker-botschaft","status":"publish","type":"post","link":"https:\/\/www.europesays.com\/de\/377001\/","title":{"rendered":"Forum: Alpbach er\u00f6ffnet &#8222;Austria in Europe Days&#8220; mit starker Botschaft"},"content":{"rendered":"<p><b>Der Auftakt der &#8222;Austria in Europe Days&#8220; brachte die Forderung nach einem geeinten Europa, das reflektiert denkt, aber trotzdem ins Tun kommt. Zu Gast waren gleich zwei Pr\u00e4sidenten.<\/b><\/p>\n<p><a href=\"https:\/\/www.meinbezirk.at\/tag\/alpbach\" onclick=\"window.open(this.href); return false;\" rel=\"nofollow noopener\" target=\"_blank\">ALPBACH<\/a>. Wer w\u00e4hrend des Europ\u00e4ischen Forums nach Alpbach reist, ist stets von Pers\u00f6nlichkeiten aus Wirtschaft, Politik und Wissenschaft umgeben. Besonders deutlich wurde das am Dienstag, den 26. August im Rahmen der Er\u00f6ffnung der &#8222;Austria in Europe Days&#8220; 2025.\u00a0Bundespr\u00e4sident Van der Bellen und drei Viertel der \u00f6sterreichischen Bundesregierung waren in Alpbach anwesend.\u00a0<\/p>\n<p>Alpbach als Ort des Dialogs<\/p>\n<p>Wie der Name des f\u00fcnften und letzten\u00a0Moduls bereits verr\u00e4t, dreht sich dabei alles um \u00d6sterreich und seine Rolle in der Europ\u00e4ischen Union, aber auch auf der Weltb\u00fchne.\u00a0Othmar Karas, Pr\u00e4sident des Europ\u00e4ischen Forums Alpbach, warf in seiner Er\u00f6ffnungsrede einen Blick auf die drei\u00dfigj\u00e4hrige Mitgliedschaft \u00d6sterreichs in Europa. &#8222;Drei\u00dfig Jahre der Mitgliedschaft haben uns st\u00e4rker, sicherer und offener gemacht&#8220;, betonte Karas.\u00a0<br \/>Alpbach sei ein Ort des Dialogs und verschiedener Perspektiven.\u00a0&#8222;Manche m\u00f6gen vielleicht sagen, dass das gegen den Zeitgeist geht und in Reflexion nicht genug Handeln ist&#8220;, so Karas. Das sei aber genau das, was man wolle:<\/p>\n<blockquote><p>\u201eWir wollen ein Europa, das reflektiert denkt, klug entscheidet und gemeinsam handelt. Wir m\u00fcssen der n\u00e4chsten Generation zeigen, dass ein vereintes Europa nicht nur ein Kapitel im Geschichtsbuch ist, sondern ein fortlaufendes Projekt, das ihr Engagement und ihre Leidenschaft verlangt.\u201c<\/p><\/blockquote>\n<p><img class=\"imagecontainer\" decoding=\"auto\" data-aspect-ratio=\"0.666666667\" src=\"https:\/\/www.europesays.com\/de\/wp-content\/uploads\/2025\/08\/47104487_L.webp\"\/><\/p>\n<p>&#8222;Handeln, bevor es zu sp\u00e4t ist&#8220;\u00a0<\/p>\n<p>Mit\u00a0Bundespr\u00e4sident Alexander Van der Bellen und seinem lettischen Amtskollegen Edgars Rink\u0113vi\u010ds waren gleich zwei Pr\u00e4sidenten zum Auftakt in den\u00a0Herz-Kremenak-Saal im Congress Centrum Alpbach gekommen. Auch sie sprachen \u00fcber Herausforderungen, denen sich die Europ\u00e4ische Union stellen muss. Ihr Tenor: Es braucht ein geeintes Europa, um Antworten auf die Themen Klimawandel, K\u00fcnstliche Intelligenz und Migration zu finden. &#8222;Jahr f\u00fcr Jahr treffen sich die Menschen hier in Alpbach \u2013 voller Enthusiasmus f\u00fcr die europ\u00e4ische Idee. Aber Enthusiasmus alleine ist nicht genug&#8220;, betonte Van der Bellen.\u00a0&#8222;Orientierung ist nicht alles, man muss auch losgehen. (&#8230;) Wir m\u00fcssen handeln, bevor es zu sp\u00e4t ist&#8220;, so der Bundespr\u00e4sident.\u00a0<\/p>\n<p>Wie hoch bewertest du die Bedeutung des Europ\u00e4ischen Forums Alpbach?<\/p>\n<p>Wettbewerbsf\u00e4hige und starke EU<\/p>\n<p>Handlungsbedarf sah auch\u00a0Edgars Rink\u0113vi\u010ds, Pr\u00e4sident von Lettland. Er betonte, dass die Mitgliedsstaaten eine globale und wettbewerbsf\u00e4hige EU brauchen. Gleichzeitig forderte er den Aufbau eines starken Europas und sprach dabei das Thema Verteidigung an. Dieses fange aber bereits in den einzelnen Nationalstaaten an. Andererseits m\u00fcsse die EU, um glaubw\u00fcrdig zu bleiben, gemachte Versprechen einhalten, wobei Rink\u0113vi\u010ds auf derzeitige\u00a0EU-Beitrittskandidaten hinwies.\u00a0<\/p>\n<p><img class=\"imagecontainer\" decoding=\"auto\" data-aspect-ratio=\"0.666666667\" src=\"https:\/\/www.europesays.com\/de\/wp-content\/uploads\/2025\/08\/47104490_L.webp\"\/><\/p>\n<p>In der gemeinsamen Diskussion der beiden Pr\u00e4sidenten wurde auch die Frage angesprochen, ob es in \u00d6sterreich mittlerweile eine ver\u00e4nderte Haltung zur Neutralit\u00e4t gibt.\u00a0Van der Bellen betonte, dass die Neutralit\u00e4t noch immer f\u00fcr viele \u00d6sterreicher mit viel Sentimentalit\u00e4t behaftet ist. F\u00fcr ihn sei die Zeit f\u00fcr eine ernsthafte Diskussion der Ver\u00e4nderung des Neutralit\u00e4tsstatus deswegen noch nicht gekommen.\u00a0Aber auch das\u00a0Verteidigungs-Budget \u00d6sterreichs (aktuell 1 Prozent des BIP) w\u00e4re etwa f\u00fcr eine NATO-Mitgliedschaft noch nicht ausreichend.\u00a0<\/p>\n<p><img class=\"imagecontainer\" decoding=\"auto\" data-aspect-ratio=\"0.666666667\" src=\"https:\/\/www.europesays.com\/de\/wp-content\/uploads\/2025\/08\/47104511_L.webp\"\/><\/p>\n<p>Zweite Diskussionsrunde und Empfang<\/p>\n<p>Im Anschluss folgte eine weitere Diskussionsrunde mit der\u00a0Europaministerin Claudia Plakolm, Business Europe-Generaldirektor Markus Beyrer sowie dem ehemaligen Bundeskanzler und heutigen Vizepr\u00e4sident des European Forum Alpbach Christian Kern.\u00a0Moderiert wurde die Er\u00f6ffnung von Sarah Wheaton, Politische Chefkorrespondentin von &#8222;Politico&#8220; und Moderatorin des Podcasts \u201eEU Confidential\u201c. Zum Abschluss fand der\u00a0von der Sch\u00fctzenkompanie Alpbach und der Bundesmusikkapelle Alpbach gestaltete\u00a0landes\u00fcbliche Empfang vor dem Congress Centrum statt.\u00a0<\/p>\n<p><b>Weitere Beitr\u00e4ge aus und rund um Alpbach <a href=\"https:\/\/www.meinbezirk.at\/tag\/alpbach\" onclick=\"window.open(this.href); return false;\" rel=\"nofollow noopener\" target=\"_blank\">findest du hier<\/a>. <\/b><br \/><b>Weitere Beitr\u00e4ge zum Thema Wirtschaft aus dem Bezirk <a href=\"https:\/\/www.meinbezirk.at\/kufstein\/c-wirtschaft\" onclick=\"window.open(this.href); return false;\" rel=\"nofollow noopener\" target=\"_blank\">gibt\u2019s\u00a0hier<\/a>.<\/b><br \/><b> Die Nachrichten des Tages im WhatsApp-Kanal \u201eMeinBezirk Tirol\u201c <a href=\"https:\/\/www.meinbezirk.at\/tirol\/c-lokales\/die-nachrichten-des-tages-im-whatsapp-kanal-meinbezirk-tirol_a6636519\" onclick=\"window.open(this.href); return false;\" rel=\"nofollow noopener\" target=\"_blank\">gibt&#8217;s hier. <\/a><\/b><\/p>\n<p>Diese Beitr\u00e4ge k\u00f6nnten dich auch interessieren:<\/p>\n<p>Austria Wien siegt bei Charity-Fu\u00dfballspiel in Alpbach<\/p>\n<p>Innovation und Zusammenarbeit im Fokus<\/p>\n<p>Alpbach macht das Europ\u00e4ische Forum im Ort sichtbar<\/p>\n","protected":false},"excerpt":{"rendered":"Der Auftakt der &#8222;Austria in Europe Days&#8220; brachte die Forderung nach einem geeinten Europa, das reflektiert denkt, aber&hellip;\n","protected":false},"author":2,"featured_media":377002,"comment_status":"","ping_status":"","sticky":false,"template":"","format":"standard","meta":{"footnotes":""},"categories":[3933],"tags":[331,332,548,663,158,3934,3935,13,14,15,12],"class_list":{"0":"post-377001","1":"post","2":"type-post","3":"status-publish","4":"format-standard","5":"has-post-thumbnail","7":"category-eu","8":"tag-aktuelle-nachrichten","9":"tag-aktuelle-news","10":"tag-eu","11":"tag-europa","12":"tag-europaeische-union","13":"tag-europe","14":"tag-european-union","15":"tag-headlines","16":"tag-nachrichten","17":"tag-news","18":"tag-schlagzeilen"},"share_on_mastodon":{"url":"https:\/\/pubeurope.com\/@de\/115100548253066530","error":""},"_links":{"self":[{"href":"https:\/\/www.europesays.com\/de\/wp-json\/wp\/v2\/posts\/377001","targetHints":{"allow":["GET"]}}],"collection":[{"href":"https:\/\/www.europesays.com\/de\/wp-json\/wp\/v2\/posts"}],"about":[{"href":"https:\/\/www.europesays.com\/de\/wp-json\/wp\/v2\/types\/post"}],"author":[{"embeddable":true,"href":"https:\/\/www.europesays.com\/de\/wp-json\/wp\/v2\/users\/2"}],"replies":[{"embeddable":true,"href":"https:\/\/www.europesays.com\/de\/wp-json\/wp\/v2\/comments?post=377001"}],"version-history":[{"count":0,"href":"https:\/\/www.europesays.com\/de\/wp-json\/wp\/v2\/posts\/377001\/revisions"}],"wp:featuredmedia":[{"embeddable":true,"href":"https:\/\/www.europesays.com\/de\/wp-json\/wp\/v2\/media\/377002"}],"wp:attachment":[{"href":"https:\/\/www.europesays.com\/de\/wp-json\/wp\/v2\/media?parent=377001"}],"wp:term":[{"taxonomy":"category","embeddable":true,"href":"https:\/\/www.europesays.com\/de\/wp-json\/wp\/v2\/categories?post=377001"},{"taxonomy":"post_tag","embeddable":true,"href":"https:\/\/www.europesays.com\/de\/wp-json\/wp\/v2\/tags?post=377001"}],"curies":[{"name":"wp","href":"https:\/\/api.w.org\/{rel}","templated":true}]}}