{"id":377118,"date":"2025-08-27T12:43:10","date_gmt":"2025-08-27T12:43:10","guid":{"rendered":"https:\/\/www.europesays.com\/de\/377118\/"},"modified":"2025-08-27T12:43:10","modified_gmt":"2025-08-27T12:43:10","slug":"pol-rtk-reifenstecher-zugange-motorradfahrer-stuerzt-schwarzer-kastenwagen","status":"publish","type":"post","link":"https:\/\/www.europesays.com\/de\/377118\/","title":{"rendered":"POL-RTK: Reifenstecher zugange +++ Motorradfahrer st\u00fcrzt +++ Schwarzer Kastenwagen &#8230;"},"content":{"rendered":"<p class=\"date\">27.08.2025 \u2013 14:30<\/p>\n<p class=\"customer\">\n                        <a class=\"story-customer\" title=\"weiter zum newsroom von PD Rheingau-Taunus - Polizeipr\u00e4sidium Westhessen\" href=\"https:\/\/www.presseportal.de\/blaulicht\/nr\/47764\" rel=\"nofollow noopener\" target=\"_blank\">PD Rheingau-Taunus &#8211; Polizeipr\u00e4sidium Westhessen<\/a>\n                    <\/p>\n<p><a data-category=\"citylink-story-view\" data-action=\"click\" data-label=\"Citylink in Meldungsansicht\" class=\"story-city event-trigger\" href=\"https:\/\/www.presseportal.de\/regional\/Bad%20Schwalbach\" title=\"News aus Bad Schwalbach \" rel=\"nofollow noopener\" target=\"_blank\">Bad Schwalbach<\/a> (ots)<\/p>\n<p>1. Reifenstecher zugange,<\/p>\n<p>Idstein, In der Eisenbach,<br \/>\nDienstag, 26.08.2025, 20:45 Uhr bis 22:30 Uhr<\/p>\n<p>(fh)In Idstein hat am Dienstagabend ein Reifenstecher zugeschlagen.<br \/>\nDer Unbekannte begab sich zwischen 20:45 Uhr und 22:30 Uhr in die Stra\u00dfe &#8222;In der Eisenbach&#8220; und suchte dort einen schwarzen Cupra Terramar auf. Diesem stach er gezielt die beiden Reifen der Fahrerseite auf und fl\u00fcchtete unbemerkt nach der Tat.<\/p>\n<p>Hinweise zu der Sachbesch\u00e4digung nimmt die Polizeistation Idstein unter der Telefonnummer (06126) 9394-0 entgegen.<\/p>\n<p>2. Motorradfahrer st\u00fcrzt,<\/p>\n<p>Landesstra\u00dfe 3032, Taunusstein-Steckenroth,<br \/>\nDienstag, 26.08.2025, 13:30 Uhr<\/p>\n<p>(fh)Am Dienstag verlor ein Motorradfahrer bei Taunusstein-Steckenroth die Kontrolle \u00fcber sein Gef\u00e4hrt, st\u00fcrzte und verletzte sich.<br \/>\nGegen 13:30 Uhr befuhr der 16-J\u00e4hrige mit seinem Motorrad der Marke Yamaha die Landesstra\u00dfe 3032 von Taunusstein in Richtung Hohenstein. Kurz nach einer langgezogenen Linkskurve in H\u00f6he Steckenroth verlor er aus unbekannten Gr\u00fcnden die Kontrolle \u00fcber das Zweirad, kam zu Fall und landete in einem Stra\u00dfengraben. Er kam zur weiteren medizinischen Behandlung in ein Krankenhaus nach Idstein. Seine Maschine war nicht mehr fahrbereit und musste abgeschleppt werden. Es entstand ein Schaden von etwa 5.000 Euro.<\/p>\n<p>3. Schwarzer Kastenwagen nach Unfallflucht gesucht,<br \/>\nIdstein, Wiesbadener Stra\u00dfe,<br \/>\nDienstag, 26.08.2025, 13:45 Uhr<\/p>\n<p>(fh)In der Wiesbadener Stra\u00dfe in Idstein ist am Dienstagnachmittag ein Fahrzeug nach einer Kollision gefl\u00fcchtet. Die Polizei sucht die verursachende Person sowie Zeuginnen oder Zeugen.<br \/>\nErsten Erkenntnissen nach stie\u00df ein schwarzer Kastenwagen beim Befahren der Wiesbadener Stra\u00dfe in Richtung Innenstadt gegen einen auf einem Parkstreifen in H\u00f6he der Hausnummer 40 parkenden Renault Kangoo. Dieser wurde im Bereich des linken Au\u00dfenspiegels besch\u00e4digt.<br \/>\nDer Unfallverursacher oder die Unfallverursacherin kam ihren Pflichten jedoch nicht nach und fuhr davon.<\/p>\n<p>Die Polizeistation Idstein nimmt Hinweise in der Sache unter der Telefonnummer (06126) 9394-0 entgegen.<\/p>\n<p class=\"contact-headline\">R\u00fcckfragen bitte an:<\/p>\n<p class=\"contact-text\">Polizeipr\u00e4sidium Westhessen &#8211; Wiesbaden<br \/>Konrad-Adenauer-Ring 51<br \/>65187 Wiesbaden<br \/>Pressestelle<br \/>Telefon: (0611) 345-1043\/1041\/1042<br \/>E-Mail: <a href=\"https:\/\/www.presseportal.de\/blaulicht\/pm\/47764\/mailto: pressestelle.ppwh@polizei.hessen.de\" class=\"uri-mailto\" rel=\"nofollow noopener\" target=\"_blank\"> pressestelle.ppwh@polizei.hessen.de<\/a><\/p>\n<p class=\"originator\">Original-Content von: PD Rheingau-Taunus &#8211; Polizeipr\u00e4sidium Westhessen, \u00fcbermittelt durch news aktuell<\/p>\n","protected":false},"excerpt":{"rendered":"27.08.2025 \u2013 14:30 PD Rheingau-Taunus &#8211; Polizeipr\u00e4sidium Westhessen Bad Schwalbach (ots) 1. Reifenstecher zugange, Idstein, In der Eisenbach,&hellip;\n","protected":false},"author":2,"featured_media":320445,"comment_status":"","ping_status":"","sticky":false,"template":"","format":"standard","meta":{"footnotes":""},"categories":[1847],"tags":[3364,29,548,663,3934,30,1087,13,2052,177,14,15,121,178,180,179,181,12,4544],"class_list":{"0":"post-377118","1":"post","2":"type-post","3":"status-publish","4":"format-standard","5":"has-post-thumbnail","7":"category-wiesbaden","8":"tag-de","9":"tag-deutschland","10":"tag-eu","11":"tag-europa","12":"tag-europe","13":"tag-germany","14":"tag-he","15":"tag-headlines","16":"tag-hessen","17":"tag-kriminalitt","18":"tag-nachrichten","19":"tag-news","20":"tag-polizei","21":"tag-presse","22":"tag-pressemeldung","23":"tag-pressemitteilung","24":"tag-pressemitteilungen","25":"tag-schlagzeilen","26":"tag-wiesbaden"},"share_on_mastodon":{"url":"https:\/\/pubeurope.com\/@de\/115100791916983373","error":""},"_links":{"self":[{"href":"https:\/\/www.europesays.com\/de\/wp-json\/wp\/v2\/posts\/377118","targetHints":{"allow":["GET"]}}],"collection":[{"href":"https:\/\/www.europesays.com\/de\/wp-json\/wp\/v2\/posts"}],"about":[{"href":"https:\/\/www.europesays.com\/de\/wp-json\/wp\/v2\/types\/post"}],"author":[{"embeddable":true,"href":"https:\/\/www.europesays.com\/de\/wp-json\/wp\/v2\/users\/2"}],"replies":[{"embeddable":true,"href":"https:\/\/www.europesays.com\/de\/wp-json\/wp\/v2\/comments?post=377118"}],"version-history":[{"count":0,"href":"https:\/\/www.europesays.com\/de\/wp-json\/wp\/v2\/posts\/377118\/revisions"}],"wp:featuredmedia":[{"embeddable":true,"href":"https:\/\/www.europesays.com\/de\/wp-json\/wp\/v2\/media\/320445"}],"wp:attachment":[{"href":"https:\/\/www.europesays.com\/de\/wp-json\/wp\/v2\/media?parent=377118"}],"wp:term":[{"taxonomy":"category","embeddable":true,"href":"https:\/\/www.europesays.com\/de\/wp-json\/wp\/v2\/categories?post=377118"},{"taxonomy":"post_tag","embeddable":true,"href":"https:\/\/www.europesays.com\/de\/wp-json\/wp\/v2\/tags?post=377118"}],"curies":[{"name":"wp","href":"https:\/\/api.w.org\/{rel}","templated":true}]}}