{"id":377305,"date":"2025-08-27T14:23:20","date_gmt":"2025-08-27T14:23:20","guid":{"rendered":"https:\/\/www.europesays.com\/de\/377305\/"},"modified":"2025-08-27T14:23:20","modified_gmt":"2025-08-27T14:23:20","slug":"trumps-neueste-drohung-so-unsicher-ist-die-zollvereinbarung-mit-der-eu-wirtschaft","status":"publish","type":"post","link":"https:\/\/www.europesays.com\/de\/377305\/","title":{"rendered":"Trumps neueste Drohung: So unsicher ist die Zollvereinbarung mit der EU &#8211; Wirtschaft"},"content":{"rendered":"<p data-manual=\"teaserText\" data-schema-org-speakable=\"true\">Kaum haben sich Europa und Amerika auf ein gemeinsames Papier geeinigt, droht der US-Pr\u00e4sident wieder mit neuen Z\u00f6llen. Seine j\u00fcngste Attacke ist ganz im Sinne der Silicon-Valley-Konzerne.<\/p>\n<p data-manual=\"paragraph\" data-schema-org-speakable=\"true\" class=\"css-13ksqr8\">Falls jemand in den Staaten Europas noch einen Beweis daf\u00fcr brauchte, dass sich <a href=\"https:\/\/www.sueddeutsche.de\/thema\/Donald_Trump\" target=\"_blank\" rel=\"noopener\">Donald Trump<\/a> nicht um Vereinbarungen schert, bekam er ihn in dieser Woche. Gerade noch hatte sich die EU im <a href=\"https:\/\/www.sueddeutsche.de\/thema\/Handelsstreit\" target=\"_blank\" rel=\"noopener\">Handelsstreit<\/a> mit den USA <a href=\"https:\/\/www.sueddeutsche.de\/wirtschaft\/eu-auto-zoelle-usa-li.3301477\" target=\"_blank\" rel=\"noopener\">auf einen Deal mit dem amerikanischen Pr\u00e4sidenten verst\u00e4ndigt<\/a> und war verglichen mit anderen Handelspartnern weniger schlecht weggekommen. Seit ein paar Tagen kann man nun in einer gemeinsamen Erkl\u00e4rung der beiden Seiten nachlesen, worin diese Verst\u00e4ndigung besteht. Es erschien, als w\u00e4re die neue Welt, in der sich die Vereinigten Staaten vom freien Handel verabschiedet haben, mit dem weitreichenden Pauschal-Zoll von 15 Prozent ein St\u00fcck beherrschbar geworden.<\/p>\n","protected":false},"excerpt":{"rendered":"Kaum haben sich Europa und Amerika auf ein gemeinsames Papier geeinigt, droht der US-Pr\u00e4sident wieder mit neuen Z\u00f6llen.&hellip;\n","protected":false},"author":2,"featured_media":377306,"comment_status":"","ping_status":"","sticky":false,"template":"","format":"standard","meta":{"footnotes":""},"categories":[3933],"tags":[331,332,106,548,942,663,158,3934,3935,5192,14952,7177,1494,13,148,14,15,12,149,55,211],"class_list":{"0":"post-377305","1":"post","2":"type-post","3":"status-publish","4":"format-standard","5":"has-post-thumbnail","7":"category-eu","8":"tag-aktuelle-nachrichten","9":"tag-aktuelle-news","10":"tag-donald-trump","11":"tag-eu","12":"tag-eu-kommission","13":"tag-europa","14":"tag-europaeische-union","15":"tag-europe","16":"tag-european-union","17":"tag-freihandel","18":"tag-handelsabkommen","19":"tag-handelspolitik","20":"tag-handelsstreit","21":"tag-headlines","22":"tag-leserdiskussion","23":"tag-nachrichten","24":"tag-news","25":"tag-schlagzeilen","26":"tag-sueddeutsche-zeitung","27":"tag-wirtschaft","28":"tag-zoelle"},"share_on_mastodon":{"url":"https:\/\/pubeurope.com\/@de\/115101185223106487","error":""},"_links":{"self":[{"href":"https:\/\/www.europesays.com\/de\/wp-json\/wp\/v2\/posts\/377305","targetHints":{"allow":["GET"]}}],"collection":[{"href":"https:\/\/www.europesays.com\/de\/wp-json\/wp\/v2\/posts"}],"about":[{"href":"https:\/\/www.europesays.com\/de\/wp-json\/wp\/v2\/types\/post"}],"author":[{"embeddable":true,"href":"https:\/\/www.europesays.com\/de\/wp-json\/wp\/v2\/users\/2"}],"replies":[{"embeddable":true,"href":"https:\/\/www.europesays.com\/de\/wp-json\/wp\/v2\/comments?post=377305"}],"version-history":[{"count":0,"href":"https:\/\/www.europesays.com\/de\/wp-json\/wp\/v2\/posts\/377305\/revisions"}],"wp:featuredmedia":[{"embeddable":true,"href":"https:\/\/www.europesays.com\/de\/wp-json\/wp\/v2\/media\/377306"}],"wp:attachment":[{"href":"https:\/\/www.europesays.com\/de\/wp-json\/wp\/v2\/media?parent=377305"}],"wp:term":[{"taxonomy":"category","embeddable":true,"href":"https:\/\/www.europesays.com\/de\/wp-json\/wp\/v2\/categories?post=377305"},{"taxonomy":"post_tag","embeddable":true,"href":"https:\/\/www.europesays.com\/de\/wp-json\/wp\/v2\/tags?post=377305"}],"curies":[{"name":"wp","href":"https:\/\/api.w.org\/{rel}","templated":true}]}}