{"id":377489,"date":"2025-08-27T16:01:20","date_gmt":"2025-08-27T16:01:20","guid":{"rendered":"https:\/\/www.europesays.com\/de\/377489\/"},"modified":"2025-08-27T16:01:20","modified_gmt":"2025-08-27T16:01:20","slug":"ausbau-in-fuenf-stadtteilen-laeuft-auf-hochtouren","status":"publish","type":"post","link":"https:\/\/www.europesays.com\/de\/377489\/","title":{"rendered":"Ausbau in f\u00fcnf Stadtteilen l\u00e4uft auf Hochtouren"},"content":{"rendered":"<p>\t\tGlasfaser f\u00fcr Dortmunder Nordosten<br \/>\n\t\t\t\t\tAusbau in f\u00fcnf Stadtteilen l\u00e4uft auf Hochtouren<\/p>\n<p>    <a href=\"https:\/\/www.ruhrnachrichten.de\/wp-content\/uploads\/2025\/08\/27\/15\/630_0900_4980299_urn_newsml_dpa_com_20090101_250613_935_-1648x824.jpg\" target=\"_blank\" rel=\"noopener\"><\/p>\n<p>            <img loading=\"lazy\" decoding=\"async\" src=\"https:\/\/www.europesays.com\/de\/wp-content\/uploads\/2025\/08\/630_0900_4980298_urn_newsml_dpa_com_20090101_250613_935_-640x428.jpg\" width=\"640\" height=\"428\"  alt=\"Glasfaseranschl\u00fcsse sind wesentlich leistungsf\u00e4higer als herk\u00f6mmliche Verbindungen. An vielen Stellen im Dortmunder Nordosten werden die Leitungen derzeit gelegt.\"\/><\/p>\n<p>    <\/a><br \/>\n    Glasfaseranschl\u00fcsse sind wesentlich leistungsf\u00e4higer als herk\u00f6mmliche Kupfer-Verbindungen. An vielen Stellen im Dortmunder Nordosten werden die Leitungen derzeit gelegt. \u00a9 Sina Schuldt\/dpa<\/p>\n<p class=\"article__teaser-text\">In f\u00fcnf Stadtteilen im Dortmunder Nordosten wird Glasfaser verlegt. Bis 2026 sollen \u00fcber 1.000 Haushalte und Betriebe Zugang zum schnellen Netz erhalten.<\/p>\n<p>2 Min Lesezeit<\/p>\n","protected":false},"excerpt":{"rendered":"Glasfaser f\u00fcr Dortmunder Nordosten Ausbau in f\u00fcnf Stadtteilen l\u00e4uft auf Hochtouren Glasfaseranschl\u00fcsse sind wesentlich leistungsf\u00e4higer als herk\u00f6mmliche Kupfer-Verbindungen.&hellip;\n","protected":false},"author":2,"featured_media":377490,"comment_status":"","ping_status":"","sticky":false,"template":"","format":"standard","meta":{"footnotes":""},"categories":[1833],"tags":[3364,29,217,102413,30,3566,1209],"class_list":{"0":"post-377489","1":"post","2":"type-post","3":"status-publish","4":"format-standard","5":"has-post-thumbnail","7":"category-dortmund","8":"tag-de","9":"tag-deutschland","10":"tag-dortmund","11":"tag-dortmund-nordost","12":"tag-germany","13":"tag-immobilien-wohnen","14":"tag-nordrhein-westfalen"},"share_on_mastodon":{"url":"https:\/\/pubeurope.com\/@de\/115101570541081570","error":""},"_links":{"self":[{"href":"https:\/\/www.europesays.com\/de\/wp-json\/wp\/v2\/posts\/377489","targetHints":{"allow":["GET"]}}],"collection":[{"href":"https:\/\/www.europesays.com\/de\/wp-json\/wp\/v2\/posts"}],"about":[{"href":"https:\/\/www.europesays.com\/de\/wp-json\/wp\/v2\/types\/post"}],"author":[{"embeddable":true,"href":"https:\/\/www.europesays.com\/de\/wp-json\/wp\/v2\/users\/2"}],"replies":[{"embeddable":true,"href":"https:\/\/www.europesays.com\/de\/wp-json\/wp\/v2\/comments?post=377489"}],"version-history":[{"count":0,"href":"https:\/\/www.europesays.com\/de\/wp-json\/wp\/v2\/posts\/377489\/revisions"}],"wp:featuredmedia":[{"embeddable":true,"href":"https:\/\/www.europesays.com\/de\/wp-json\/wp\/v2\/media\/377490"}],"wp:attachment":[{"href":"https:\/\/www.europesays.com\/de\/wp-json\/wp\/v2\/media?parent=377489"}],"wp:term":[{"taxonomy":"category","embeddable":true,"href":"https:\/\/www.europesays.com\/de\/wp-json\/wp\/v2\/categories?post=377489"},{"taxonomy":"post_tag","embeddable":true,"href":"https:\/\/www.europesays.com\/de\/wp-json\/wp\/v2\/tags?post=377489"}],"curies":[{"name":"wp","href":"https:\/\/api.w.org\/{rel}","templated":true}]}}