{"id":377506,"date":"2025-08-27T16:10:13","date_gmt":"2025-08-27T16:10:13","guid":{"rendered":"https:\/\/www.europesays.com\/de\/377506\/"},"modified":"2025-08-27T16:10:13","modified_gmt":"2025-08-27T16:10:13","slug":"dwd-warnung-fuer-frankfurt-gewitter-und-starkregen-vorhergesagt","status":"publish","type":"post","link":"https:\/\/www.europesays.com\/de\/377506\/","title":{"rendered":"DWD-Warnung f\u00fcr Frankfurt: Gewitter und Starkregen vorhergesagt"},"content":{"rendered":"<p>\u00dcberflutungen m\u00f6glich <\/p>\n<p>DWD warnt vor starken Gewittern in Frankfurt<\/p>\n<p>27.08.2025 &#8211; 17:52 UhrLesedauer: 1 Min.<\/p>\n<p><a href=\"#focus-0\" class=\"transition-colors duration-200 focus-within:text-magenta block text-current relative\" data-sctrack=\"FocusGalleryImage.Reference\"><img fetchpriority=\"high\" data-testid=\"Opener.Image\" style=\"--lqipURL:url('https:\/\/images.t-online.de\/2025\/08\/vsqr-DWp-zzv\/0x232:4000x2250\/fit-in\/150x0\/filters:blur(25)\/image.jpg')\"   loading=\"eager\" src=\"https:\/\/www.europesays.com\/de\/wp-content\/uploads\/2025\/08\/1756311013_193_image.jpg\" alt=\"imago images 0792668159\" title=\"imago images 0792668159\" width=\"4000\" height=\"2250\" class=\"bg-[url:var(--lqipURL)] bg-cover bg-center flex h-full w-full max-w-full\" decoding=\"async\"\/><img style=\"--width:32;--height:32\" loading=\"lazy\" src=\"https:\/\/frankfurt.t-online.de\/s\/paper\/_next\/static\/media\/zoom-in.f7dae02f.svg\" alt=\"Vergr\u00f6\u00dfern des Bildes\" title=\"Vergr\u00f6\u00dfern des Bildes\" class=\"block h-[calc(var(--height)_\/_16_*_1rem)] w-[calc(var(--width)_\/_16_*_1rem)] max-w-none absolute bottom-8 right-8 rounded-4 bg-snow p-8\" decoding=\"async\"\/><\/a><\/p>\n<p>Dunkle Gewitterwolken \u00fcber der Frankfurter Skyline (Archivbild): Der Deutsche Wetterdienst warnt vor Starkregen, Hagel und schweren Sturmb\u00f6en in der Region. (Quelle: IMAGO\/imageBROKER\/Juergen Schonnop\/imago-images-bilder)<\/p>\n<p class=\"font-bold text-18 leading-17\">\u00dcber dem Rhein-Main-Gebiet bilden sich heftige Gewitterzellen. Der Deutsche Wetterdienst (DWD) warnt vor Starkregen, Hagel und Sturmb\u00f6en in Frankfurt.<\/p>\n<p class=\"text-18 leading-17\">Am Mittwochnachmittag hat der Deutsche Wetterdienst eine amtliche Warnung f\u00fcr Frankfurt am Main herausgegeben. Zwischen 17.30 und 19.00 Uhr drohen heftige Gewitter mit Sturmb\u00f6en, Starkregen und kleink\u00f6rnigem Hagel.<\/p>\n<p class=\"text-18 leading-17\">Die B\u00f6en k\u00f6nnen laut DWD Geschwindigkeiten von 65 bis 80 Kilometern pro Stunde erreichen. Zudem werden Regenmengen zwischen 15 und 25 Litern pro Quadratmeter in kurzer Zeit erwartet.<\/p>\n<p class=\"text-18 leading-17\">Der Wetterdienst warnt vor akuter Gefahr durch Blitzschlag, einzelne herabst\u00fcrzende \u00c4ste und umherfliegende Gegenst\u00e4nde. Zudem k\u00f6nne es zu vereinzelten schnellen \u00dcberflutungen von Stra\u00dfen und Unterf\u00fchrungen, Aquaplaning sowie Hagelschlag kommen. Empfohlen wird, den Aufenthalt im Freien zu vermeiden, Schutz in Geb\u00e4uden zu suchen und frei stehende Objekte wie M\u00f6bel oder Abdeckungen zu sichern. Auch im Stra\u00dfenverkehr sei besondere Vorsicht geboten, so der DWD auf seiner Website weiter.<\/p>\n<p class=\"text-18 leading-17\">Nach Angaben des Wetterportals Kachelmannwetter.com formierten sich schon am Nachmittag schwere Gewitterzellen. Innerhalb von zehn Minuten wurden stellenweise 145 Blitze registriert.<\/p>\n<p class=\"text-18 leading-17\">In den betroffenen Gebieten sind schwere Sturmb\u00f6en mit bis zu 90 Kilometern pro Stunde sowie Hagelk\u00f6rner mit bis zu einem Zentimeter Durchmesser m\u00f6glich.<\/p>\n","protected":false},"excerpt":{"rendered":"\u00dcberflutungen m\u00f6glich DWD warnt vor starken Gewittern in Frankfurt 27.08.2025 &#8211; 17:52 UhrLesedauer: 1 Min. Dunkle Gewitterwolken \u00fcber&hellip;\n","protected":false},"author":2,"featured_media":377507,"comment_status":"","ping_status":"","sticky":false,"template":"","format":"standard","meta":{"footnotes":""},"categories":[1829],"tags":[29,4906,2050,2051,30,19634,33778,33546,2052,10236,16803,32438,8933],"class_list":{"0":"post-377506","1":"post","2":"type-post","3":"status-publish","4":"format-standard","5":"has-post-thumbnail","7":"category-frankfurt-am-main","8":"tag-deutschland","9":"tag-dwd","10":"tag-frankfurt","11":"tag-frankfurt-am-main","12":"tag-germany","13":"tag-gewitter","14":"tag-gewitterwolke","15":"tag-gewitterzelle","16":"tag-hessen","17":"tag-rhein-main","18":"tag-rhein-main-gebiet","19":"tag-sturmboee","20":"tag-ueberflutung"},"share_on_mastodon":{"url":"https:\/\/pubeurope.com\/@de\/115101606215169458","error":""},"_links":{"self":[{"href":"https:\/\/www.europesays.com\/de\/wp-json\/wp\/v2\/posts\/377506","targetHints":{"allow":["GET"]}}],"collection":[{"href":"https:\/\/www.europesays.com\/de\/wp-json\/wp\/v2\/posts"}],"about":[{"href":"https:\/\/www.europesays.com\/de\/wp-json\/wp\/v2\/types\/post"}],"author":[{"embeddable":true,"href":"https:\/\/www.europesays.com\/de\/wp-json\/wp\/v2\/users\/2"}],"replies":[{"embeddable":true,"href":"https:\/\/www.europesays.com\/de\/wp-json\/wp\/v2\/comments?post=377506"}],"version-history":[{"count":0,"href":"https:\/\/www.europesays.com\/de\/wp-json\/wp\/v2\/posts\/377506\/revisions"}],"wp:featuredmedia":[{"embeddable":true,"href":"https:\/\/www.europesays.com\/de\/wp-json\/wp\/v2\/media\/377507"}],"wp:attachment":[{"href":"https:\/\/www.europesays.com\/de\/wp-json\/wp\/v2\/media?parent=377506"}],"wp:term":[{"taxonomy":"category","embeddable":true,"href":"https:\/\/www.europesays.com\/de\/wp-json\/wp\/v2\/categories?post=377506"},{"taxonomy":"post_tag","embeddable":true,"href":"https:\/\/www.europesays.com\/de\/wp-json\/wp\/v2\/tags?post=377506"}],"curies":[{"name":"wp","href":"https:\/\/api.w.org\/{rel}","templated":true}]}}