{"id":377606,"date":"2025-08-27T17:05:11","date_gmt":"2025-08-27T17:05:11","guid":{"rendered":"https:\/\/www.europesays.com\/de\/377606\/"},"modified":"2025-08-27T17:05:11","modified_gmt":"2025-08-27T17:05:11","slug":"tierschutzbeauftragte-will-schlachthoefe-mit-kameras-ueberwachen","status":"publish","type":"post","link":"https:\/\/www.europesays.com\/de\/377606\/","title":{"rendered":"Tierschutzbeauftragte will Schlachth\u00f6fe mit Kameras \u00fcberwachen"},"content":{"rendered":"<p class=\"metatextline\">Stand: 27.08.2025 17:32 Uhr<\/p>\n<p class=\"textabsatz columns twelve  m-ten  m-offset-one l-eight l-offset-two\">\n        <strong>Die neue Tierschutzbeauftragte Breher \u00e4u\u00dfert zum Amtsantritt erste Forderungen: Schlachth\u00f6fe sollen verpflichtend mit Kameras \u00fcberwacht werden. Ihre Doppelfunktion als Staatssekret\u00e4rin bringt Breher Kritik ein.<\/strong>\n    <\/p>\n<p class=\"textabsatz m-ten m-offset-one l-eight l-offset-two columns twelve\">\nAm kommenden Montag tritt die neue Tierschutzbeauftragte des Bundes, Silvia Breher, ihr Amt an. Erste Priorit\u00e4ten f\u00fcr ihre Arbeit stehen bereits fest: Sie wolle sich mit Nachdruck f\u00fcr verpflichtende Video\u00fcberwachung von Schlachth\u00f6fen stark machen, k\u00fcndigte die CDU-Politikerin an.<\/p>\n<p class=\"textabsatz m-ten m-offset-one l-eight l-offset-two columns twelve\">\nDie Video\u00fcberwachung schaffe &#8222;Transparenz, die Produzenten und Vollzugsbeh\u00f6rden hilft&#8220;, erkl\u00e4rte Breher. &#8222;Wer Tiere in dieser letzten Phase ihres Lebens schlecht behandelt, der muss daf\u00fcr auch geradestehen.&#8220; Im Koalitionsvertrag hatten SPD und Union bereits vereinbart, solch eine \u00dcberwachung zu pr\u00fcfen.<\/p>\n<p>    Erleichterung bei Stallumbauten und Hilfe f\u00fcr Tierheime<\/p>\n<p class=\"textabsatz m-ten m-offset-one l-eight l-offset-two columns twelve\">\nDie 52-J\u00e4hrige hat noch weitere Ziele vor Augen: Sie bef\u00fcrwortet rechtliche Erleichterungen bei Stallumbauten, die h\u00f6heren Tierschutzstandards dienen. Viele Landwirte wollten mehr Tierwohl, man m\u00fcsse es ihnen aber auch erm\u00f6glichen, betonte sie.<\/p>\n<p class=\"textabsatz m-ten m-offset-one l-eight l-offset-two columns twelve\">\n&#8222;Wir brauchen zudem dringend eine Regelung beim Onlinehandel mit Tieren und echte R\u00fcckendeckung f\u00fcr die Tierheime, wo so viel hervorragende ehrenamtliche T\u00e4tigkeit geleistet wird&#8220;, f\u00fcgte Breher hinzu.<\/p>\n<p>    Kritik an Brehers Doppelrolle<\/p>\n<p class=\"textabsatz m-ten m-offset-one l-eight l-offset-two columns twelve\">\nBreher folgt auf Ariane Kai, die in der Ampel-Regierung erstmals die Rolle einer Bundestierschutzbeauftragten aus\u00fcbte. Doch Breher kommt in der schwarz-roten Regierung eine Doppelfunktion zu: Sie ist seit Mai auch Staatssekret\u00e4rin beim Bundesminister f\u00fcr Landwirtschaft, Ern\u00e4hrung und Heimat, Alois Rainer.<\/p>\n<p class=\"textabsatz m-ten m-offset-one l-eight l-offset-two columns twelve\">\nWegen dieser Aufgabenteilung muss sich Breher schon vor ihrer offiziellen Ernennung am 1. September gegen Kritik wehren. Der Pr\u00e4sident des Deutschen Tierschutzbundes, Thomas Schr\u00f6der, stellte &#8222;die Frage, wie eine Bundestagsabgeordnete und gleichzeitig Parlamentarische Staatssekret\u00e4rin als unabh\u00e4ngige Tierschutzbeauftragte agieren soll&#8220;.<\/p>\n<p class=\"textabsatz m-ten m-offset-one l-eight l-offset-two columns twelve\">\nEs gehe nicht nur um Themen in der Landwirtschaft, sondern ebenso um ein Ende von Tierversuchen, um bessere Regeln f\u00fcr Heim- und Wildtiere und mehr. Die L\u00fccke ihrer Vorg\u00e4ngerin sei gro\u00df &#8211; &#8222;und die gilt es nun zu f\u00fcllen.&#8220;<\/p>\n<p>    &#8222;Interessenkonflikt sehe ich nicht&#8220;<\/p>\n<p class=\"textabsatz m-ten m-offset-one l-eight l-offset-two columns twelve\">\n&#8222;Einen Interessenkonflikt sehe ich ehrlich gesagt nicht&#8220;, wehrte sich Breher. Sie wolle nicht nur den Tieren eine Stimme geben, sondern Dinge auch tats\u00e4chlich umsetzen. Das k\u00f6nne sie als Bundestagsabgeordnete gut.<\/p>\n<p class=\"textabsatz m-ten m-offset-one l-eight l-offset-two columns twelve\">\nDas Agrarministerium betonte auch die Kosten, die dadurch gesenkt w\u00fcrden: Agrarminister Rainer bekr\u00e4ftigte die &#8222;b\u00fcrokratisch schlanke L\u00f6sung in Zeiten knapper Kassen&#8220;. Breher werde &#8222;eine K\u00e4mpferin f\u00fcr den Tierschutz sein und diesen in Deutschland weiter voranbringen&#8220;, betonte er. Auch Breher erkl\u00e4rte: Von den bisherigen Kosten f\u00fcr die Arbeit der Beauftragten von einer halben Million Euro im Jahr werde gut die H\u00e4lfte eingespart.<\/p>\n","protected":false},"excerpt":{"rendered":"Stand: 27.08.2025 17:32 Uhr Die neue Tierschutzbeauftragte Breher \u00e4u\u00dfert zum Amtsantritt erste Forderungen: Schlachth\u00f6fe sollen verpflichtend mit Kameras&hellip;\n","protected":false},"author":2,"featured_media":377607,"comment_status":"","ping_status":"","sticky":false,"template":"","format":"standard","meta":{"footnotes":""},"categories":[5],"tags":[331,332,3364,29,30,13,14,15,12,3367],"class_list":{"0":"post-377606","1":"post","2":"type-post","3":"status-publish","4":"format-standard","5":"has-post-thumbnail","7":"category-nachrichten","8":"tag-aktuelle-nachrichten","9":"tag-aktuelle-news","10":"tag-de","11":"tag-deutschland","12":"tag-germany","13":"tag-headlines","14":"tag-nachrichten","15":"tag-news","16":"tag-schlagzeilen","17":"tag-tierschutz"},"share_on_mastodon":{"url":"https:\/\/pubeurope.com\/@de\/115101822245006411","error":""},"_links":{"self":[{"href":"https:\/\/www.europesays.com\/de\/wp-json\/wp\/v2\/posts\/377606","targetHints":{"allow":["GET"]}}],"collection":[{"href":"https:\/\/www.europesays.com\/de\/wp-json\/wp\/v2\/posts"}],"about":[{"href":"https:\/\/www.europesays.com\/de\/wp-json\/wp\/v2\/types\/post"}],"author":[{"embeddable":true,"href":"https:\/\/www.europesays.com\/de\/wp-json\/wp\/v2\/users\/2"}],"replies":[{"embeddable":true,"href":"https:\/\/www.europesays.com\/de\/wp-json\/wp\/v2\/comments?post=377606"}],"version-history":[{"count":0,"href":"https:\/\/www.europesays.com\/de\/wp-json\/wp\/v2\/posts\/377606\/revisions"}],"wp:featuredmedia":[{"embeddable":true,"href":"https:\/\/www.europesays.com\/de\/wp-json\/wp\/v2\/media\/377607"}],"wp:attachment":[{"href":"https:\/\/www.europesays.com\/de\/wp-json\/wp\/v2\/media?parent=377606"}],"wp:term":[{"taxonomy":"category","embeddable":true,"href":"https:\/\/www.europesays.com\/de\/wp-json\/wp\/v2\/categories?post=377606"},{"taxonomy":"post_tag","embeddable":true,"href":"https:\/\/www.europesays.com\/de\/wp-json\/wp\/v2\/tags?post=377606"}],"curies":[{"name":"wp","href":"https:\/\/api.w.org\/{rel}","templated":true}]}}