{"id":377711,"date":"2025-08-27T18:03:14","date_gmt":"2025-08-27T18:03:14","guid":{"rendered":"https:\/\/www.europesays.com\/de\/377711\/"},"modified":"2025-08-27T18:03:14","modified_gmt":"2025-08-27T18:03:14","slug":"vfb-stuttgart-besucherinfos-borussia-moenchengladbach-2526","status":"publish","type":"post","link":"https:\/\/www.europesays.com\/de\/377711\/","title":{"rendered":"VfB Stuttgart | Besucherinfos Borussia M\u00f6nchengladbach 2526"},"content":{"rendered":"<p>Zum ersten Heimspiel der neuen Bundesligasaison empf\u00e4ngt der VfB am Samstagnachmittag Borussia M\u00f6nchengladbach. Die MHP Arena ist ausverkauft. Vor dem Hintergrund der stattfindenden Karawane Cannstatt sowie einiger Verkehrsbehinderungen in und um Stuttgart wird eine fr\u00fche Anreise dringend empfohlen.<\/p>\n<p>Heimspiel-Auftakt in Bad Cannstatt: Am Samstag empf\u00e4ngt der VfB am zweiten Bundesliga-Spieltag von 15.30 Uhr an Borussia M\u00f6nchengladbach in der MHP Arena. Das Spiel ist ausverkauft, eine Tageskasse wird es nicht geben. Die Arena \u00f6ffnet zwei Stunden vor Anpfiff um 13.30 Uhr.<\/p>\n<p><strong>Zutritt zur Arena<\/strong><\/p>\n<p>Taschen gr\u00f6\u00dfer DIN-A4 d\u00fcrfen nicht mit in die Arena genommen werden. Durch Personenkontrollen kann es zu l\u00e4ngeren Wartezeiten an den Einl\u00e4ssen kommen. Bitte beachtet, dass l\u00e4ngere Wartezeiten an den Einl\u00e4ssen aufgrund der Karawane Cannstatt vor allem in den Bereichen der Cannstatter Kurve auftreten k\u00f6nnen.<\/p>\n<p><strong>Informationen zur An- und Abfahrt<\/strong><\/p>\n<p>Aufgrund mehrerer Sperrungen wird es mit hoher Wahrscheinlichkeit zu starken Verz\u00f6gerungen bei der An- und Abreise zur Arena kommen. Plant daher bitte unbedingt mehr Zeit f\u00fcr die Anreise ein. Die Einschr\u00e4nkungen betreffen\u2026<\/p>\n<p>\u2026 <a href=\"https:\/\/www.fellbach.de\/de\/Aktuelles\/Stadttunnel\" target=\"_blank\" rel=\"noopener\">den Stadttunnel in Fellbach<\/a> (Sicherungsma\u00dfnahmen bis zum Ende der Sommerferien)<\/p>\n<p>\u2026 <a href=\"https:\/\/www.stuttgart.de\/service\/aktuelle-meldungen\/2025\/juli\/abluftanlage-im-wagenburgtunnel-wird-durch-stahlkonstruktion-ersetzt-tunnel-vier-wochen-fuer-sanierungsarbeiten-gesperrt\" target=\"_blank\" rel=\"noopener\">den Wagenburgtunnel zwischen Stuttgart-Mitte und Stuttgart-Ost<\/a> (Sicherungsma\u00dfnahmen bis 31.8.)<\/p>\n<p><strong>Weitere Einschr\u00e4nkungen sind au\u00dferdem bei der An- und Abreise mit der S-Bahn sowie der U11 zu beachten:<\/strong><\/p>\n<ul class=\"triangle\">\n<li>Die <strong>Linie S1<\/strong> verkehrt aufgrund der Stammstreckensperrung nur zwischen Herrenberg und Stuttgart-Vaihingen sowie zwischen Stuttgart-Hauptbahnhof (oben) und Kirchheim (T).<\/li>\n<li>Bahnhof <strong>Bad Cannstatt<\/strong>: Gleise 1-4 gesperrt, Bahnen halten an den Gleisen 5-8<\/li>\n<li>Bahnhof <strong>Neckarpark<\/strong> ist gesperrt<\/li>\n<li>F\u00fcr ausreichend Pl\u00e4tze fahren die S-Bahnen der Linie S1 und S2 in maximal m\u00f6glicher Zugl\u00e4nge mit drei Fahrzeugen.<\/li>\n<li><strong>Linie S1<\/strong>: Zur Abreise verkehren 3 Sonderz\u00fcge von Stuttgart Hbf (oben) 18.17 \/ 18.45 \/ 19.18 Uhr nach Wendlingen (Ankunft 18.55 \/ 19.28 \/ 19.55 Uhr).<\/li>\n<li>Kein Halt in Stuttgart-Neckarpark drei Stunden vor Spielbeginn und drei Stunden nach Spielende.<\/li>\n<li>Letzte haltende S-Bahn vor dem Spiel im Neckarpark in Fahrtrichtung Stuttgart Hbf (oben) um 11.54 Uhr. Erste haltende S-Bahn nach dem Spiel im Neckarpark in Fahrtrichtung Stuttgart Hbf (oben) um 19.54 Uhr.<\/li>\n<li>Die Halte Bad Cannstatt und S-Untert\u00fcrkheim werden regul\u00e4r bedient.<\/li>\n<li>Das Betriebskonzept w\u00e4hrend der Stammstreckensperrung sieht vor, dass in Fahrtrichtung Plochingen\/Kirchheim (T) die Halte Stuttgart-Neckarpark und Obert\u00fcrkheim entfallen.<\/li>\n<li>In Fahrtrichtung Stuttgart-Hauptbahnhof k\u00f6nnen alle Halte regul\u00e4r bedient werden. Einzige Ausnahme in dieser Richtung: Sperrung zum Spiel.<\/li>\n<li><strong>Linie S2:<\/strong> Verkehrt nach Stammstreckenprogramm zwischen Schorndorf und Stuttgart-Hauptbahnhof (oben).<\/li>\n<li>Aufgrund von Bauarbeiten in Bad Cannstatt werden die Halte Stuttgart-Sommerrain und Stuttgart-N\u00fcrnberger Stra\u00dfe von 26.07. bis 06.09. nicht bedient.<\/li>\n<li><strong>Linie S3:<\/strong> Verkehrt nach Stammstreckenprogramm zwischen Backnang und Fellbach.<\/li>\n<li>Die <strong>Linie U11<\/strong> f\u00e4hrt alle sieben bzw. acht Minuten von 12.35 bis 15.23 Uhr ab Hauptbahnhof (Arnulf-Klett-Platz) \u00fcber Berliner Platz und Charlottenplatz bis NeckarPark (Stadion).<\/li>\n<\/ul>\n<p><strong>Bauarbeiten zwischen Nordbahnhof und Zuffenhausen vom 25. August bis 6. September 2025<\/strong><\/p>\n<ul class=\"triangle\">\n<li>Die\u00a0<strong>Linie S4 <\/strong>Stuttgart Hbf (oben) \u2013 Marbach(N)\/Backnang h\u00e4lt in beiden Richtungen nicht am Nordbahnhof und in Feuerbach.<\/li>\n<li>Die\u00a0<strong>Linie S5 <\/strong>Stuttgart Hbf (oben) \u2013 Bietigheim-Bissingen h\u00e4lt in beiden Richtungen nicht am Nordbahnhof und in Feuerbach.<\/li>\n<li>Die\u00a0<strong>Linie S6 <\/strong>verkehrt nur zwischen Weil der Stadt und Feuerbach.<\/li>\n<li>Die\u00a0<strong>Linie S60 <\/strong>verkehrt nur zwischen B\u00f6blingen\/Renningen und Zuffenhausen.<\/li>\n<\/ul>\n<p>Bitte informiert euch tagesaktuell \u00fcber die Verkehrslage sowie das \u00d6PNV-Angebot \u2013 speziell das Stadtbahn- und Busangebot der <a href=\"https:\/\/www.ssb-ag.de\/\" target=\"_blank\" rel=\"noopener\">SSB<\/a> und <a href=\"https:\/\/www.vvs.de\/\" target=\"_blank\" rel=\"noopener\">VVS<\/a> sowie das der <a href=\"https:\/\/www.s-bahn-stuttgart.de\/s-stuttgart\/aktuelles\/Supercup-Spiel-VfB-Stuttgart-gegen-FC-Bayern-Muenchen-am-Samstag-16-08-2025-13472780\" target=\"_blank\" rel=\"noopener\">S-Bahn Stuttgart.<\/a><\/p>\n<p><strong>Anfahrt und Parken<\/strong><\/p>\n<p><img decoding=\"async\" src=\"https:\/\/www.europesays.com\/de\/wp-content\/uploads\/2025\/03\/24_MV_TIC_Anfahrt_24_25_00000_f_352x198.jpg\" alt=\"\"\/><\/p>\n<p><a href=\"https:\/\/shop.vfb.de\/erlebnisse\/arena-touren\/anfahrt-und-parken\/?srsltid=AfmBOoo7VyjciUM1JIeEWnK94bDXvZ874I9UxSBBLHNflBMUlJwZnicZ\" target=\"_blank\" rel=\"noopener\">Hier<\/a> gibt es alle Infos zur Anfahrt. Bitte beachtet zus\u00e4tzlich den beigef\u00fcgten Parkplan.<\/p>\n<ul class=\"triangle\">\n<li>Beim Parkhaus P1 werden beide Zufahrten ge\u00f6ffnet sein.<\/li>\n<li>P1 und P9 sind ab 10.30 Uhr ge\u00f6ffnet sein. Ab 12.30 Uhr ist die Anfahrt \u00fcber den Mercedes-Jellinek-Weg m\u00f6glich.<\/li>\n<\/ul>\n<p><strong>Mercedesstra\u00dfe von 12 Uhr an f\u00fcr Durchgangsverkehr gesperrt<\/strong><\/p>\n<ul class=\"triangle\">\n<li>Die Mercedesstra\u00dfe ist aufgrund der Karawane Cannstatt aus Bad Cannstatt kommend bereits ab 11.30 Uhr gesperrt<\/li>\n<li>Der Willi-Daume-Steg ist f\u00fcr den Fu\u00dfg\u00e4ngerverkehr w\u00e4hrend der Karawane Cannstatt gesperrt. Der Zugang vom P10 zum Stadion erfolgt demnach \u00fcber die Mercedesstra\u00dfe.<\/li>\n<li>Das Halteverbot entlang der Mercedesstra\u00dfe gilt ab 6 Uhr<\/li>\n<li>Die Sperrung der Mercedesstra\u00dfe erfolgt um 12 Uhr<\/li>\n<\/ul>\n<p><strong>Catering<\/strong><\/p>\n<p>Um Wartezeiten zu reduzieren, werden einzelne Kassen auf bargeldlose Bezahlmittel umgestellt. An jedem Kiosk bleibt jedoch mindestens eine Kasse auch f\u00fcr die Barzahlung ge\u00f6ffnet.<\/p>\n<p><strong>Fantreff auf Parkplatz P3<\/strong><\/p>\n<ul class=\"triangle\">\n<li>Anlaufstelle f\u00fcr Mitglieder und Fans auf P3 (vor dem Clubrestaurant)<\/li>\n<li>lockeres Ambiente mit Musik und Sitzgelegenheiten<\/li>\n<li>Ab drei Stunden vor Anpfiff, also 12.30 Uhr<\/li>\n<li>VfB-Goodies zum Mitnehmen und Verlosungen Mitgliedern und Fans<\/li>\n<li>Merchandise-Stand<\/li>\n<\/ul>\n<p><strong>\u201eVfB Bike-Garage\u201c ab zwei Stunden vor Anpfiff nutzbar<\/strong><\/p>\n<ul class=\"triangle\">\n<li>400 kostenfreie, \u00fcberwachte Stellpl\u00e4tze im Parkhaus P5<\/li>\n<li>Fahrradhelme k\u00f6nnen am Rad gelassen werden, alternativ gibt es begrenzte Aufbewahrungsm\u00f6glichkeiten an der MHP Arena<\/li>\n<li>Ge\u00f6ffnet von 18.30 Uhr bis zwei Stunden nach Spielende<\/li>\n<li>Umkleidem\u00f6glichkeit vorhanden<\/li>\n<\/ul>\n<p><strong>Anreise mit Belohnung<\/strong><\/p>\n<p>Der VfB belohnt die umweltschonende An- und Abreise bei Heimspielen \u2013 teilnehmende Fans erhalten einen Coupon f\u00fcr ein Softgetr\u00e4nk oder Wasser \u00fcber die ummadum App, wenn sie ihre Anreise mit einem der folgenden Verkehrsmittel tracken:<\/p>\n<ul class=\"triangle\">\n<li>\u00d6PNV<\/li>\n<li>Fahrrad<\/li>\n<li>Zu Fu\u00df<\/li>\n<li>in einer Fahrgemeinschaft<\/li>\n<\/ul>\n<p>Der Coupon ist an einem der station\u00e4ren Kioske in der MHP Arena einl\u00f6sbar. Jetzt mitmachen: ummadum &#8211; Community beitreten<\/p>\n<p><strong>Verhalten in der Arena<\/strong><\/p>\n<p>Damit alle Fans die Zeit im Stadion genie\u00dfen k\u00f6nnen, m\u00f6chten wir euch bitten, stets R\u00fccksicht aufeinander zu nehmen. Respektiert die Bed\u00fcrfnisse eurer Sitznachbarn und sorgt daf\u00fcr, dass das Stadion ein Ort bleibt, an dem sich alle wohlf\u00fchlen. Dies betrifft in erster Linie das strikte Einhalten der rauchfreien Bl\u00f6cke und das dauerhafte Stehen in den Sitzplatzbereichen. Gemeinsam schaffen wir eine Atmosph\u00e4re, die von Fairness, Respekt und Zusammenhalt gepr\u00e4gt ist, gerade auch f\u00fcr die j\u00fcngeren Besucher der Begegnung. Vielen Dank f\u00fcr eure Unterst\u00fctzung und euer Verst\u00e4ndnis.<\/p>\n<p><strong>Wir w\u00fcnschen euch einen stimmungsgeladenen Heimspiel-Auftakt gegen Borussia M\u00f6nchengladbach!<\/strong><\/p>\n","protected":false},"excerpt":{"rendered":"Zum ersten Heimspiel der neuen Bundesligasaison empf\u00e4ngt der VfB am Samstagnachmittag Borussia M\u00f6nchengladbach. Die MHP Arena ist ausverkauft.&hellip;\n","protected":false},"author":2,"featured_media":377712,"comment_status":"","ping_status":"","sticky":false,"template":"","format":"standard","meta":{"footnotes":""},"categories":[1849],"tags":[3364,29,548,663,3934,30,13,4455,14,15,1209,12],"class_list":{"0":"post-377711","1":"post","2":"type-post","3":"status-publish","4":"format-standard","5":"has-post-thumbnail","7":"category-moenchengladbach","8":"tag-de","9":"tag-deutschland","10":"tag-eu","11":"tag-europa","12":"tag-europe","13":"tag-germany","14":"tag-headlines","15":"tag-moenchengladbach","16":"tag-nachrichten","17":"tag-news","18":"tag-nordrhein-westfalen","19":"tag-schlagzeilen"},"share_on_mastodon":{"url":"https:\/\/pubeurope.com\/@de\/115102050140851737","error":""},"_links":{"self":[{"href":"https:\/\/www.europesays.com\/de\/wp-json\/wp\/v2\/posts\/377711","targetHints":{"allow":["GET"]}}],"collection":[{"href":"https:\/\/www.europesays.com\/de\/wp-json\/wp\/v2\/posts"}],"about":[{"href":"https:\/\/www.europesays.com\/de\/wp-json\/wp\/v2\/types\/post"}],"author":[{"embeddable":true,"href":"https:\/\/www.europesays.com\/de\/wp-json\/wp\/v2\/users\/2"}],"replies":[{"embeddable":true,"href":"https:\/\/www.europesays.com\/de\/wp-json\/wp\/v2\/comments?post=377711"}],"version-history":[{"count":0,"href":"https:\/\/www.europesays.com\/de\/wp-json\/wp\/v2\/posts\/377711\/revisions"}],"wp:featuredmedia":[{"embeddable":true,"href":"https:\/\/www.europesays.com\/de\/wp-json\/wp\/v2\/media\/377712"}],"wp:attachment":[{"href":"https:\/\/www.europesays.com\/de\/wp-json\/wp\/v2\/media?parent=377711"}],"wp:term":[{"taxonomy":"category","embeddable":true,"href":"https:\/\/www.europesays.com\/de\/wp-json\/wp\/v2\/categories?post=377711"},{"taxonomy":"post_tag","embeddable":true,"href":"https:\/\/www.europesays.com\/de\/wp-json\/wp\/v2\/tags?post=377711"}],"curies":[{"name":"wp","href":"https:\/\/api.w.org\/{rel}","templated":true}]}}