{"id":377756,"date":"2025-08-27T18:26:14","date_gmt":"2025-08-27T18:26:14","guid":{"rendered":"https:\/\/www.europesays.com\/de\/377756\/"},"modified":"2025-08-27T18:26:14","modified_gmt":"2025-08-27T18:26:14","slug":"us-bundesstaat-minnesota-tote-durch-schuesse-an-schule-in-minneapolis","status":"publish","type":"post","link":"https:\/\/www.europesays.com\/de\/377756\/","title":{"rendered":"US-Bundesstaat Minnesota: Tote durch Sch\u00fcsse an Schule in Minneapolis"},"content":{"rendered":"<p class=\"metatextline\">Stand: 27.08.2025 18:17 Uhr<\/p>\n<p class=\"textabsatz columns twelve  m-ten  m-offset-one l-eight l-offset-two\">\n        <strong>Im US-Bundesstaates Minnesota hat es einen Schusswaffenvorfall an einer Schule gegeben. Dabei wurden nach Polizeiangaben zwei Kinder get\u00f6tet, zahlreiche Menschen wurden verletzt. Auch der mutma\u00dfliche Sch\u00fctze ist tot. <\/strong>\n    <\/p>\n<p class=\"textabsatz m-ten m-offset-one l-eight l-offset-two columns twelve\">\nAn einer Schule in Minneapolis im US-Bundesstaat Minnesota sind an einer Schule Sch\u00fcsse gefallen. &#8222;Das FBI hat schnell reagiert und ist vor Ort&#8220;, schrieb US-Pr\u00e4sident Donald Trump auf seiner Plattform Truth Social.<\/p>\n<p class=\"textabsatz m-ten m-offset-one l-eight l-offset-two columns twelve\">\nNach Angaben des Polizeichefs von Minneapolis wurden zwei Kinder im Alter von acht und zehn Jahren get\u00f6tet und 17 Menschen verletzt, darunter 14 Kinder. Zwei der verletzten Kinder seien in einem kritischen Zustand. Der Sch\u00fctze habe sich demnach anschlie\u00dfend selbst das Leben genommen. Die Polizei geht von einem Einzelt\u00e4ter aus.<\/p>\n<p class=\"textabsatz m-ten m-offset-one l-eight l-offset-two columns twelve\">\nDer Gouverneur von Minnesota, Tim Walz, erkl\u00e4rte im Onlinedienst X, er sei \u00fcber Sch\u00fcsse an der katholischen Schule informiert worden. &#8222;Ich bete f\u00fcr unsere Kinder und Lehrer, deren erste Schulwoche durch diesen furchtbaren Akt der Gewalt ruiniert wurde&#8220;, erkl\u00e4rte Walz.<\/p>\n<p>    Mehrere Vorf\u00e4lle binnen eines Tages<\/p>\n<p class=\"textabsatz m-ten m-offset-one l-eight l-offset-two columns twelve\">\nUS-Heimatschutzministerin Kristi Noem sprach auf der Plattform X von einem &#8222;schrecklichen Schusswaffenvorfall&#8220; an einer katholischen Schule, den ihr Ministerium beobachte.<\/p>\n<p class=\"textabsatz m-ten m-offset-one l-eight l-offset-two columns twelve\">\nIn dieser Woche sind viele Sch\u00fclerinnen und Sch\u00fcler in den USA aus den Sommerferien in die Schulen zur\u00fcckgekehrt. Die Schule, die Kinder vom Vorschulalter bis zur achten Klasse unterrichtet, hatte laut ihrer Website f\u00fcr 8:15 Uhr eine Schulmesse angesetzt.<\/p>\n<p class=\"textabsatz m-ten m-offset-one l-eight l-offset-two columns twelve\">\nDie Tat ist die j\u00fcngste in einer Reihe t\u00f6dlicher Schusswaffenvorf\u00e4lle in der Stadt innerhalb von weniger als 24 Stunden. Bei drei weiteren Vorf\u00e4llen wurden der Polizei zufolge insgesamt drei Menschen get\u00f6tet und sieben verletzt.<\/p>\n","protected":false},"excerpt":{"rendered":"Stand: 27.08.2025 18:17 Uhr Im US-Bundesstaates Minnesota hat es einen Schusswaffenvorfall an einer Schule gegeben. Dabei wurden nach&hellip;\n","protected":false},"author":2,"featured_media":377757,"comment_status":"","ping_status":"","sticky":false,"template":"","format":"standard","meta":{"footnotes":""},"categories":[5],"tags":[331,332,3364,29,30,13,63043,14,15,5995,12,64],"class_list":{"0":"post-377756","1":"post","2":"type-post","3":"status-publish","4":"format-standard","5":"has-post-thumbnail","7":"category-nachrichten","8":"tag-aktuelle-nachrichten","9":"tag-aktuelle-news","10":"tag-de","11":"tag-deutschland","12":"tag-germany","13":"tag-headlines","14":"tag-minnesota","15":"tag-nachrichten","16":"tag-news","17":"tag-schiesserei","18":"tag-schlagzeilen","19":"tag-usa"},"share_on_mastodon":{"url":"https:\/\/pubeurope.com\/@de\/115102141704545341","error":""},"_links":{"self":[{"href":"https:\/\/www.europesays.com\/de\/wp-json\/wp\/v2\/posts\/377756","targetHints":{"allow":["GET"]}}],"collection":[{"href":"https:\/\/www.europesays.com\/de\/wp-json\/wp\/v2\/posts"}],"about":[{"href":"https:\/\/www.europesays.com\/de\/wp-json\/wp\/v2\/types\/post"}],"author":[{"embeddable":true,"href":"https:\/\/www.europesays.com\/de\/wp-json\/wp\/v2\/users\/2"}],"replies":[{"embeddable":true,"href":"https:\/\/www.europesays.com\/de\/wp-json\/wp\/v2\/comments?post=377756"}],"version-history":[{"count":0,"href":"https:\/\/www.europesays.com\/de\/wp-json\/wp\/v2\/posts\/377756\/revisions"}],"wp:featuredmedia":[{"embeddable":true,"href":"https:\/\/www.europesays.com\/de\/wp-json\/wp\/v2\/media\/377757"}],"wp:attachment":[{"href":"https:\/\/www.europesays.com\/de\/wp-json\/wp\/v2\/media?parent=377756"}],"wp:term":[{"taxonomy":"category","embeddable":true,"href":"https:\/\/www.europesays.com\/de\/wp-json\/wp\/v2\/categories?post=377756"},{"taxonomy":"post_tag","embeddable":true,"href":"https:\/\/www.europesays.com\/de\/wp-json\/wp\/v2\/tags?post=377756"}],"curies":[{"name":"wp","href":"https:\/\/api.w.org\/{rel}","templated":true}]}}