{"id":377821,"date":"2025-08-27T19:02:19","date_gmt":"2025-08-27T19:02:19","guid":{"rendered":"https:\/\/www.europesays.com\/de\/377821\/"},"modified":"2025-08-27T19:02:19","modified_gmt":"2025-08-27T19:02:19","slug":"einige-freibaeder-in-berlin-sollen-laenger-offen-bleiben-2","status":"publish","type":"post","link":"https:\/\/www.europesays.com\/de\/377821\/","title":{"rendered":"Einige Freib\u00e4der in Berlin sollen l\u00e4nger offen bleiben"},"content":{"rendered":"<p class=\"is-first-paragraph\" data-external=\"Article.FirstParagraph\">Die Freibadsaison soll in neun Berliner Sommerb\u00e4dern verl\u00e4ngert werden. Das Prinzenbad, das Strandbad Wannsee sowie die Sommerb\u00e4der Wuhlheide, Mariendorf, Staaken-West, Olympiastadion, Humboldthain und Pankow und das Sommerbad des Kombibads Gropiusstadt k\u00f6nnten noch bis Mitte und zum Teil bis Ende September ge\u00f6ffnet bleiben, wie die Berliner B\u00e4der mitteilten. Alle anderen B\u00e4der schlie\u00dfen am 7. September.<\/p>\n<p>Ganz sicher sei die Verl\u00e4ngerung der neun B\u00e4der nicht. \u00abDie verl\u00e4ngerten \u00d6ffnungszeiten gelten zun\u00e4chst unter Vorbehalt, da die endg\u00fcltige Dauer der Verl\u00e4ngerung ma\u00dfgeblich von der Wetterlage im September abh\u00e4ngt\u00bb, hei\u00dft es in der Mitteilung. Nur das Sommerbad in Gropiusstadt bleibt den Angaben zufolge in jedem Fall bis zum 30. September ge\u00f6ffnet. Auch das dazugeh\u00f6rige Sportangebot f\u00fcr Kinder und Jugendliche laufe bis dahin weiter.<\/p>\n<p>In diesem Sommer war es oft k\u00fchl. Wegen des h\u00e4ufig schlechten Wetters besuchten bisher deutlich weniger Menschen die Berliner B\u00e4der als in den vergangenen Jahren.<\/p>\n","protected":false},"excerpt":{"rendered":"Die Freibadsaison soll in neun Berliner Sommerb\u00e4dern verl\u00e4ngert werden. Das Prinzenbad, das Strandbad Wannsee sowie die Sommerb\u00e4der Wuhlheide,&hellip;\n","protected":false},"author":2,"featured_media":377822,"comment_status":"","ping_status":"","sticky":false,"template":"","format":"standard","meta":{"footnotes":""},"categories":[1825],"tags":[296,29,30],"class_list":{"0":"post-377821","1":"post","2":"type-post","3":"status-publish","4":"format-standard","5":"has-post-thumbnail","7":"category-berlin","8":"tag-berlin","9":"tag-deutschland","10":"tag-germany"},"share_on_mastodon":{"url":"https:\/\/pubeurope.com\/@de\/115102282245794566","error":""},"_links":{"self":[{"href":"https:\/\/www.europesays.com\/de\/wp-json\/wp\/v2\/posts\/377821","targetHints":{"allow":["GET"]}}],"collection":[{"href":"https:\/\/www.europesays.com\/de\/wp-json\/wp\/v2\/posts"}],"about":[{"href":"https:\/\/www.europesays.com\/de\/wp-json\/wp\/v2\/types\/post"}],"author":[{"embeddable":true,"href":"https:\/\/www.europesays.com\/de\/wp-json\/wp\/v2\/users\/2"}],"replies":[{"embeddable":true,"href":"https:\/\/www.europesays.com\/de\/wp-json\/wp\/v2\/comments?post=377821"}],"version-history":[{"count":0,"href":"https:\/\/www.europesays.com\/de\/wp-json\/wp\/v2\/posts\/377821\/revisions"}],"wp:featuredmedia":[{"embeddable":true,"href":"https:\/\/www.europesays.com\/de\/wp-json\/wp\/v2\/media\/377822"}],"wp:attachment":[{"href":"https:\/\/www.europesays.com\/de\/wp-json\/wp\/v2\/media?parent=377821"}],"wp:term":[{"taxonomy":"category","embeddable":true,"href":"https:\/\/www.europesays.com\/de\/wp-json\/wp\/v2\/categories?post=377821"},{"taxonomy":"post_tag","embeddable":true,"href":"https:\/\/www.europesays.com\/de\/wp-json\/wp\/v2\/tags?post=377821"}],"curies":[{"name":"wp","href":"https:\/\/api.w.org\/{rel}","templated":true}]}}