{"id":377896,"date":"2025-08-27T19:44:12","date_gmt":"2025-08-27T19:44:12","guid":{"rendered":"https:\/\/www.europesays.com\/de\/377896\/"},"modified":"2025-08-27T19:44:12","modified_gmt":"2025-08-27T19:44:12","slug":"eu-steuert-auf-geopolitische-bedeutungslosigkeit-zu","status":"publish","type":"post","link":"https:\/\/www.europesays.com\/de\/377896\/","title":{"rendered":"EU steuert auf geopolitische Bedeutungslosigkeit zu"},"content":{"rendered":"<p class=\"tspB2l4 tspB2l5\">Italiens Ministerpr\u00e4sidentin Giorgia Meloni hat scharf mit der Europ\u00e4ische Union abgerechnet. Die EU sei \u201ezunehmend zur geopolitischen Bedeutungslosigkeit verdammt\u201c, sagte die Vorsitzende der rechten Regierungspartei Fratelli d&#8217;Italia (Br\u00fcder Italiens) in Rimini. Der Staatenbund, zu dem Italien selbst geh\u00f6rt, sei \u201eunf\u00e4hig, wirksam auf die Herausforderungen der Wettbewerbsf\u00e4higkeit durch China und die USA zu reagieren\u201c.<\/p>\n<p class=\"tspQck\">Empfohlener redaktioneller Inhalt<\/p>\n<p> An dieser Stelle finden Sie einen von unseren Redakteuren ausgew\u00e4hlten, externen Inhalt, der den Artikel f\u00fcr Sie mit zus\u00e4tzlichen Informationen anreichert. Sie k\u00f6nnen sich hier den externen Inhalt mit einem Klick anzeigen lassen oder wieder ausblenden. <\/p>\n<p> Externen Inhalt anzeigen <\/p>\n<p class=\"tspQcq\"> Ich bin damit einverstanden, dass mir der externe Inhalt angezeigt wird. Damit k\u00f6nnen personenbezogene Daten an Drittplattformen \u00fcbermittelt werden.  Mehr Informationen dazu erhalten Sie in den Datenschutz-Einstellungen. Diese finden Sie ganz unten auf unserer Seite im Footer, sodass Sie Ihre Einstellungen jederzeit verwalten oder widerrufen k\u00f6nnen. <\/p>\n<p class=\"tspB2l4\">Damit erinnerte Meloni an die \u00c4u\u00dferungen ihres parteilosen Vorg\u00e4ngers und ehemaligen EZB-Pr\u00e4sidenten Mario Draghi. Dieser hatte j\u00fcngst in Rimini ebenfalls vor einer geopolitischen und wirtschaftlichen Schw\u00e4che Europas gewarnt. Sie selbst habe diese Entwicklung schon lange vorhergesehen, sagte Meloni in ihrer rund 40-min\u00fctigen Rede. Das Fundament, auf dem die EU und die Demokratien gebaut seien, werde von \u201ezynischen Autokratien\u201c infrage gestellt. Die Union m\u00fcsse in der Lage sein, ihre Seele und ihre Wurzeln wiederzuentdecken, sagte die rechte Regierungschefin.<\/p>\n<p class=\"tspB2l4\">Meloni steht seit Oktober 2022 an der Spitze einer Rechtskoalition in Italien. Bereits im Wahlkampf trat sie mit EU-skeptischen Positionen auf, hat sich als Regierungschefin jedoch gem\u00e4\u00dfigter gezeigt.<\/p>\n<p class=\"tspB2l4\">\u00a9 dpa-infocom, dpa:250827-930-962556\/2<\/p>\n<p class=\"tspB2l4\">Das ist eine Nachricht direkt aus dem dpa-Newskanal.<\/p>\n","protected":false},"excerpt":{"rendered":"Italiens Ministerpr\u00e4sidentin Giorgia Meloni hat scharf mit der Europ\u00e4ische Union abgerechnet. Die EU sei \u201ezunehmend zur geopolitischen Bedeutungslosigkeit&hellip;\n","protected":false},"author":2,"featured_media":377897,"comment_status":"","ping_status":"","sticky":false,"template":"","format":"standard","meta":{"footnotes":""},"categories":[3933],"tags":[331,332,548,663,158,3934,3935,13,14,15,12],"class_list":{"0":"post-377896","1":"post","2":"type-post","3":"status-publish","4":"format-standard","5":"has-post-thumbnail","7":"category-eu","8":"tag-aktuelle-nachrichten","9":"tag-aktuelle-news","10":"tag-eu","11":"tag-europa","12":"tag-europaeische-union","13":"tag-europe","14":"tag-european-union","15":"tag-headlines","16":"tag-nachrichten","17":"tag-news","18":"tag-schlagzeilen"},"share_on_mastodon":{"url":"https:\/\/pubeurope.com\/@de\/115102447319239285","error":""},"_links":{"self":[{"href":"https:\/\/www.europesays.com\/de\/wp-json\/wp\/v2\/posts\/377896","targetHints":{"allow":["GET"]}}],"collection":[{"href":"https:\/\/www.europesays.com\/de\/wp-json\/wp\/v2\/posts"}],"about":[{"href":"https:\/\/www.europesays.com\/de\/wp-json\/wp\/v2\/types\/post"}],"author":[{"embeddable":true,"href":"https:\/\/www.europesays.com\/de\/wp-json\/wp\/v2\/users\/2"}],"replies":[{"embeddable":true,"href":"https:\/\/www.europesays.com\/de\/wp-json\/wp\/v2\/comments?post=377896"}],"version-history":[{"count":0,"href":"https:\/\/www.europesays.com\/de\/wp-json\/wp\/v2\/posts\/377896\/revisions"}],"wp:featuredmedia":[{"embeddable":true,"href":"https:\/\/www.europesays.com\/de\/wp-json\/wp\/v2\/media\/377897"}],"wp:attachment":[{"href":"https:\/\/www.europesays.com\/de\/wp-json\/wp\/v2\/media?parent=377896"}],"wp:term":[{"taxonomy":"category","embeddable":true,"href":"https:\/\/www.europesays.com\/de\/wp-json\/wp\/v2\/categories?post=377896"},{"taxonomy":"post_tag","embeddable":true,"href":"https:\/\/www.europesays.com\/de\/wp-json\/wp\/v2\/tags?post=377896"}],"curies":[{"name":"wp","href":"https:\/\/api.w.org\/{rel}","templated":true}]}}