{"id":377949,"date":"2025-08-27T20:12:14","date_gmt":"2025-08-27T20:12:14","guid":{"rendered":"https:\/\/www.europesays.com\/de\/377949\/"},"modified":"2025-08-27T20:12:14","modified_gmt":"2025-08-27T20:12:14","slug":"ex-staatsanwaeltin-staatsanwaltschaft-lehnt-ermittlungen-gegen-brorhilker-ab-2","status":"publish","type":"post","link":"https:\/\/www.europesays.com\/de\/377949\/","title":{"rendered":"Ex-Staatsanw\u00e4ltin: Staatsanwaltschaft lehnt Ermittlungen gegen Brorhilker ab"},"content":{"rendered":"<p class=\"dm-paragraph my-8 dm-article-content-width\" index=\"0\" should-collapse-on-mobile=\"true\" has-padding=\"\" data-v-586984a4=\"\">\u00a0Das ist das Ergebnis der Pr\u00fcfung einer umfangreichen Strafanzeige, die seitens der Staatsanwaltschaft Bonn vorgenommen wurde. Ein Sprecher der Beh\u00f6rde best\u00e4tigte am Donnerstag auf Anfrage der \u201eK\u00f6lnischen Rundschau\u201c, dass ein Anfangsverdacht nicht gesehen wurde.<\/p>\n<p class=\"dm-paragraph my-8 dm-article-content-width\" index=\"1\" should-collapse-on-mobile=\"true\" has-padding=\"\" data-v-586984a4=\"\">Im Herbst vergangenen Jahres hatten Anw\u00e4lte des fr\u00fcheren Chefs der Warburg Bank, Christian Olearius, die ehemalige Ermittlerin angezeigt. Sie hatten ihr vorgeworfen, im Zusammenhang mit den <a href=\"https:\/\/www.rundschau-online.de\/cum-ex-ermittlungen-in-koeln-nach-zwoelf-jahren-erst-ein-prozent-der-beschuldigten-angeklagt-810026\" rel=\"nofollow noopener\" target=\"_blank\">Cum-Ex-Gesch\u00e4ften<\/a> \u201evors\u00e4tzlich und bewusst unvollst\u00e4ndige und falsche Sachverhalte zur Grundlage ihrer Anklagen gegen ehemalige Mitarbeiter der Warburg Bank gemacht zu haben\u201c, hie\u00df es seinerzeit in einer Mitteilung.<\/p>\n<p class=\"dm-paragraph my-8 dm-article-content-width\" index=\"2\" should-collapse-on-mobile=\"true\" has-padding=\"\" data-v-586984a4=\"\">Nach Informationen der \u201eK\u00f6lnischen Rundschau\u201c aus Justizkreisen soll gegen die Entscheidung, kein strafrechtliches Ermittlungsverfahren einzuleiten, eine Beschwerde bei der Generalstaatsanwaltschaft in K\u00f6ln anh\u00e4ngig sein. Ein Sprecher habe das am Donnerstag zun\u00e4chst aber nicht best\u00e4tigen k\u00f6nnen.<\/p>\n<p class=\"dm-paragraph my-8 dm-article-content-width\" index=\"3\" should-collapse-on-mobile=\"true\" has-padding=\"\" data-v-586984a4=\"\"><a href=\"https:\/\/www.rundschau-online.de\/wirtschaft\/star-ermittlerin-anne-brorhilker-katastrophale-fehlentscheidung-1015875\" rel=\"nofollow noopener\" target=\"_blank\">Brorhilker<\/a> hatte bei der K\u00f6lner Staatsanwaltschaft unter anderem in F\u00e4llen der umstrittenen Cum-Ex-Steuerdeals ermittelt und zahlreiche Beteiligte angeklagt. Im Jahr 2024 hatte sie bei der Beh\u00f6rde gek\u00fcndigt, weil sie sich zu wenig in der aufw\u00e4ndigen Arbeit unterst\u00fctzt f\u00fchlte. Anschlie\u00dfend nahm sie eine neue T\u00e4tigkeit in der Gesch\u00e4ftsf\u00fchrung der B\u00fcrgerbewegung Finanzwende auf.<\/p>\n","protected":false},"excerpt":{"rendered":"\u00a0Das ist das Ergebnis der Pr\u00fcfung einer umfangreichen Strafanzeige, die seitens der Staatsanwaltschaft Bonn vorgenommen wurde. Ein Sprecher&hellip;\n","protected":false},"author":2,"featured_media":361914,"comment_status":"","ping_status":"","sticky":false,"template":"","format":"standard","meta":{"footnotes":""},"categories":[1828],"tags":[29,30,1420,1209],"class_list":{"0":"post-377949","1":"post","2":"type-post","3":"status-publish","4":"format-standard","5":"has-post-thumbnail","7":"category-koeln","8":"tag-deutschland","9":"tag-germany","10":"tag-koeln","11":"tag-nordrhein-westfalen"},"share_on_mastodon":{"url":"https:\/\/pubeurope.com\/@de\/115102557440067210","error":""},"_links":{"self":[{"href":"https:\/\/www.europesays.com\/de\/wp-json\/wp\/v2\/posts\/377949","targetHints":{"allow":["GET"]}}],"collection":[{"href":"https:\/\/www.europesays.com\/de\/wp-json\/wp\/v2\/posts"}],"about":[{"href":"https:\/\/www.europesays.com\/de\/wp-json\/wp\/v2\/types\/post"}],"author":[{"embeddable":true,"href":"https:\/\/www.europesays.com\/de\/wp-json\/wp\/v2\/users\/2"}],"replies":[{"embeddable":true,"href":"https:\/\/www.europesays.com\/de\/wp-json\/wp\/v2\/comments?post=377949"}],"version-history":[{"count":0,"href":"https:\/\/www.europesays.com\/de\/wp-json\/wp\/v2\/posts\/377949\/revisions"}],"wp:featuredmedia":[{"embeddable":true,"href":"https:\/\/www.europesays.com\/de\/wp-json\/wp\/v2\/media\/361914"}],"wp:attachment":[{"href":"https:\/\/www.europesays.com\/de\/wp-json\/wp\/v2\/media?parent=377949"}],"wp:term":[{"taxonomy":"category","embeddable":true,"href":"https:\/\/www.europesays.com\/de\/wp-json\/wp\/v2\/categories?post=377949"},{"taxonomy":"post_tag","embeddable":true,"href":"https:\/\/www.europesays.com\/de\/wp-json\/wp\/v2\/tags?post=377949"}],"curies":[{"name":"wp","href":"https:\/\/api.w.org\/{rel}","templated":true}]}}