{"id":378033,"date":"2025-08-27T20:59:13","date_gmt":"2025-08-27T20:59:13","guid":{"rendered":"https:\/\/www.europesays.com\/de\/378033\/"},"modified":"2025-08-27T20:59:13","modified_gmt":"2025-08-27T20:59:13","slug":"kiew-laesst-ukrainer-bis-zum-alter-von-22-jahren-ausreisen","status":"publish","type":"post","link":"https:\/\/www.europesays.com\/de\/378033\/","title":{"rendered":"Kiew l\u00e4sst Ukrainer bis zum Alter von 22 Jahren ausreisen"},"content":{"rendered":"<p class=\"article-header-description\">Die ukrainische Regierung weicht das Ausreiseverbot f\u00fcr junge M\u00e4nner auf. M\u00e4nner bis zum Alter von 22 Jahren d\u00fcrfen trotz des russischen Angriffskriegs ausreisen. Das erkl\u00e4rte Regierungschefin Swyrydenko auf der Plattform Telegram.<\/p>\n<p>27.08.2025<\/p>\n<ul class=\"b-social-icons\">\n<li class=\"social-icons-item\">\n<\/li>\n<li class=\"social-icons-item\">\n<p>                      Link kopieren\/teilen<\/p>\n<p class=\"snackbar-content\">Der Link wurde in die Zwischenablage kopiert.<\/p>\n<\/li>\n<li class=\"social-icons-item\"><a title=\"Email\" href=\"mailto:?subject=Kiew%20l%C3%A4sst%20Ukrainer%20bis%20zum%20Alter%20von%2022%20Jahren%20ausreisen&amp;body=Krieg%0AKriegKiew%20l%C3%A4sst%20Ukrainer%20bis%20zum%20Alter%20von%2022%20Jahren%20ausreisen%0ADie%20ukrainische%20Regierung%20weicht%20das%20Ausreiseverbot%20f%C3%BCr%20junge%20M%C3%A4nner%20auf.%20M%C3%A4nner%20bis%20zum%20Alter%20von%2022%20Jahren%20d%C3%BCrfen%20trotz%20des%20russischen%20Angriffskriegs%20ausreisen.%20Das%20erkl%C3%A4rte%20Regierungschefin%20Swyrydenko%20auf%20der%20Plattform%20Telegram.%0Ahttps%3A%2F%2Fwww.deutschlandfunk.de%2Fkiew-laesst-ukrainer-bis-zum-alter-von-22-jahren-ausreisen-106.html\" target=\"_blank\" rel=\"noopener noreferrer\" class=\"b-btn-social is-email\" data-tracking=\"{&quot;chapter1&quot;:&quot;Email&quot;,&quot;chapter3&quot;:&quot;Social Media&quot;,&quot;name&quot;:&quot;Social Media&quot;,&quot;chapter2&quot;:&quot;https:\/\/www.deutschlandfunk.de\/kiew-laesst-ukrainer-bis-zum-alter-von-22-jahren-ausreisen-106.html&quot;,&quot;level2&quot;:&quot;2&quot;}\">\n<p>                      Email<\/a><\/li>\n<\/ul>\n<p>                    <img decoding=\"async\" loading=\"lazy\" class=\"internal-image\" title=\"Menschen am polnischen Grenz\u00fcbergang zur Ukraine, im Vordergrund ein R\u00fccken mit Tarnfleck-Rucksack und einer Tasche mit Ukraine-Flaggenaufn\u00e4her\" alt=\"Menschen am polnischen Grenz\u00fcbergang zur Ukraine, im Vordergrund ein R\u00fccken mit Tarnfleck-Rucksack und einer Tasche mit Ukraine-Flaggenaufn\u00e4her\" src=\"https:\/\/www.europesays.com\/de\/wp-content\/uploads\/2025\/08\/militaerruckack-ukraineflagge-menschen-grenze-100-1920x1080.jpg\" \/><\/p>\n<p>                  Junge M\u00e4nner bis 22 Jahre d\u00fcrfen die Ukraine trotz geltenden Kriegsrechts verlassen. (picture alliance \/ dpa \/ Sebastian Gollnow)<\/p>\n<p>Im ukrainischen Kriegsrecht gilt normalerweise f\u00fcr wehrpflichtige M\u00e4nner bis zum Alter von 60 Jahren ein Ausreiseverbot. So soll die Verteidigungsf\u00e4higkeit des Landes sichergestellt werden. Die ukrainische Regierung erhofft sich von dem neuen Schritt langfristige Vorteile. Wer im Ausland studiert oder eine Ausbildung absolviert, soll sp\u00e4ter mit Wissen und Kontakten zur\u00fcckkehren und somit das Land st\u00e4rken. An die Front d\u00fcrfen ohnehin nur M\u00e4nner ab 25 Jahren. J\u00fcngere Jahrg\u00e4nge sind von der Wehrpflicht ausgenommen. Sie k\u00f6nnen sich nur als Freiwillige melden. Die Regelung dient als Schutzma\u00dfnahme der besonders schwachen Geburtsjahrg\u00e4nge nach der Jahrtausendwende.<\/p>\n<p>Diese Nachricht wurde am 27.08.2025 im Programm Deutschlandfunk gesendet.<\/p>\n","protected":false},"excerpt":{"rendered":"Die ukrainische Regierung weicht das Ausreiseverbot f\u00fcr junge M\u00e4nner auf. M\u00e4nner bis zum Alter von 22 Jahren d\u00fcrfen&hellip;\n","protected":false},"author":2,"featured_media":378034,"comment_status":"","ping_status":"","sticky":false,"template":"","format":"standard","meta":{"footnotes":""},"categories":[4012],"tags":[331,332,13,14,15,12,317],"class_list":{"0":"post-378033","1":"post","2":"type-post","3":"status-publish","4":"format-standard","5":"has-post-thumbnail","7":"category-ukraine","8":"tag-aktuelle-nachrichten","9":"tag-aktuelle-news","10":"tag-headlines","11":"tag-nachrichten","12":"tag-news","13":"tag-schlagzeilen","14":"tag-ukraine"},"share_on_mastodon":{"url":"https:\/\/pubeurope.com\/@de\/115102742205943384","error":""},"_links":{"self":[{"href":"https:\/\/www.europesays.com\/de\/wp-json\/wp\/v2\/posts\/378033","targetHints":{"allow":["GET"]}}],"collection":[{"href":"https:\/\/www.europesays.com\/de\/wp-json\/wp\/v2\/posts"}],"about":[{"href":"https:\/\/www.europesays.com\/de\/wp-json\/wp\/v2\/types\/post"}],"author":[{"embeddable":true,"href":"https:\/\/www.europesays.com\/de\/wp-json\/wp\/v2\/users\/2"}],"replies":[{"embeddable":true,"href":"https:\/\/www.europesays.com\/de\/wp-json\/wp\/v2\/comments?post=378033"}],"version-history":[{"count":0,"href":"https:\/\/www.europesays.com\/de\/wp-json\/wp\/v2\/posts\/378033\/revisions"}],"wp:featuredmedia":[{"embeddable":true,"href":"https:\/\/www.europesays.com\/de\/wp-json\/wp\/v2\/media\/378034"}],"wp:attachment":[{"href":"https:\/\/www.europesays.com\/de\/wp-json\/wp\/v2\/media?parent=378033"}],"wp:term":[{"taxonomy":"category","embeddable":true,"href":"https:\/\/www.europesays.com\/de\/wp-json\/wp\/v2\/categories?post=378033"},{"taxonomy":"post_tag","embeddable":true,"href":"https:\/\/www.europesays.com\/de\/wp-json\/wp\/v2\/tags?post=378033"}],"curies":[{"name":"wp","href":"https:\/\/api.w.org\/{rel}","templated":true}]}}