{"id":378125,"date":"2025-08-27T21:52:24","date_gmt":"2025-08-27T21:52:24","guid":{"rendered":"https:\/\/www.europesays.com\/de\/378125\/"},"modified":"2025-08-27T21:52:24","modified_gmt":"2025-08-27T21:52:24","slug":"verona-pooth-verlaesst-mit-ihrer-familie-deutschland","status":"publish","type":"post","link":"https:\/\/www.europesays.com\/de\/378125\/","title":{"rendered":"Verona Pooth verl\u00e4sst mit ihrer Familie Deutschland"},"content":{"rendered":"<p>Bisher nannte sie D\u00fcsseldorf ihr Zuhause, nun lebt TV-Ikone Verona Pooth in den Vereinigten Arabischen Emiraten. Sie will so mehr Zeit mit ihrem Sohn verbringen. Au\u00dferdem lobt sie mehrere Vorz\u00fcge von Dubai.<\/p>\n<p class=\"is-first-paragraph\" data-external=\"Article.FirstParagraph\">Verona Pooth hat sich einen Traum erf\u00fcllt und ist mit ihrer Familie nach Dubai gezogen. \u201eIch habe beruflich schon so viel erreicht in meinem Leben. Nur das mit dem Ausland war mir bis jetzt noch nicht gelungen\u201c, sagte die 57-j\u00e4hrige TV-Ikone, die bisher D\u00fcsseldorf ihr Zuhause nannte, im Interview mit der Zeitschrift \u201e<a class=\"is-link c-block-items__link is-external c-link--rich-text-renderer\" href=\"https:\/\/www.bunte.de\/stars\/star-life\/verona-pooth-exklusiv-in-bunte-ich-bin-ins-ausland-gezogen_fe97ffbc-4650-4264-98ab-56a7ac019b25.html\" title=\"(Link wird in einem neuen Tab ge\u00f6ffnet)\" rel=\"nofollow noopener\" data-internal-tracking-enabled=\"true\" data-internal-tracking=\"{&quot;action&quot;:&quot;click&quot;,&quot;label&quot;:&quot;link&quot;,&quot;name&quot;:&quot;Inline Element&quot;,&quot;data&quot;:{&quot;source&quot;:&quot;&quot;,&quot;target&quot;:&quot;https:\/\/www.bunte.de\/stars\/star-life\/verona-pooth-exklusiv-in-bunte-ich-bin-ins-ausland-gezogen_fe97ffbc-4650-4264-98ab-56a7ac019b25.html&quot;,&quot;trackingName&quot;:&quot;&quot;,&quot;trackingLabel&quot;:&quot;&quot;}}\" target=\"_blank\">Bunte<\/a>\u201c.<\/p>\n<p>Dem Bericht zufolge hatte sie schon fr\u00fcher immer von einem Leben in Los Angeles getr\u00e4umt. \u201eLetztendlich scheiterte Los Angeles an der gro\u00dfen Zeitverschiebung, Jetlag und komplizierten Fl\u00fcgen \u2013 mit Dubai war der Schritt deutlich einfacher.\u201c<\/p>\n<p>Zu den Gr\u00fcnden f\u00fcr den Umzug in die W\u00fcstencity sagte sie: \u201eDie Sicherheit ist enorm hoch, die Stadt ist ein Dienstleistungsparadies. Der Service verdient eine Eins mit Sternchen. Au\u00dferdem genie\u00dfe ich hier die Anonymit\u00e4t, dar\u00fcber bin ich auch ganz froh.\u201c<\/p>\n<p>F\u00fcr sie sei der Zeitpunkt gekommen, ihr Leben umzustellen, sagte Pooth weiter. \u201eIch bin ein Workaholic, arbeite seit Jahrzehnten gef\u00fchlt sieben Tage die Woche\u201c. Sie wollte sich eine M\u00f6glichkeit schaffen, mehr Zeit mit ihrem Sohn Rocco zu verbringen. \u201eSchneller als man glaubt, ist auch er aus dem Haus.\u201c<\/p>\n<p>Die Moderatorin hat mit ihrem Mann Franjo zwei S\u00f6hne: Rocco und Diego. Der \u00e4ltere Sohn Diego gewann die neueste Staffel der Tanzsendung \u201eLet&#8217;s Dance\u201c. Verona Pooth war gerade in der Sat.1-Realityshow \u201eVilla der Versuchung\u201c zu sehen.<\/p>\n<p>dpa\/ll<\/p>\n","protected":false},"excerpt":{"rendered":"Bisher nannte sie D\u00fcsseldorf ihr Zuhause, nun lebt TV-Ikone Verona Pooth in den Vereinigten Arabischen Emiraten. Sie will&hellip;\n","protected":false},"author":2,"featured_media":378126,"comment_status":"","ping_status":"","sticky":false,"template":"","format":"standard","meta":{"footnotes":""},"categories":[155],"tags":[29,10250,214,30,110,49709,215,102514],"class_list":{"0":"post-378125","1":"post","2":"type-post","3":"status-publish","4":"format-standard","5":"has-post-thumbnail","7":"category-unterhaltung","8":"tag-deutschland","9":"tag-dubai","10":"tag-entertainment","11":"tag-germany","12":"tag-newsteam","13":"tag-pooth","14":"tag-unterhaltung","15":"tag-verona"},"share_on_mastodon":{"url":"https:\/\/pubeurope.com\/@de\/115102950604169585","error":""},"_links":{"self":[{"href":"https:\/\/www.europesays.com\/de\/wp-json\/wp\/v2\/posts\/378125","targetHints":{"allow":["GET"]}}],"collection":[{"href":"https:\/\/www.europesays.com\/de\/wp-json\/wp\/v2\/posts"}],"about":[{"href":"https:\/\/www.europesays.com\/de\/wp-json\/wp\/v2\/types\/post"}],"author":[{"embeddable":true,"href":"https:\/\/www.europesays.com\/de\/wp-json\/wp\/v2\/users\/2"}],"replies":[{"embeddable":true,"href":"https:\/\/www.europesays.com\/de\/wp-json\/wp\/v2\/comments?post=378125"}],"version-history":[{"count":0,"href":"https:\/\/www.europesays.com\/de\/wp-json\/wp\/v2\/posts\/378125\/revisions"}],"wp:featuredmedia":[{"embeddable":true,"href":"https:\/\/www.europesays.com\/de\/wp-json\/wp\/v2\/media\/378126"}],"wp:attachment":[{"href":"https:\/\/www.europesays.com\/de\/wp-json\/wp\/v2\/media?parent=378125"}],"wp:term":[{"taxonomy":"category","embeddable":true,"href":"https:\/\/www.europesays.com\/de\/wp-json\/wp\/v2\/categories?post=378125"},{"taxonomy":"post_tag","embeddable":true,"href":"https:\/\/www.europesays.com\/de\/wp-json\/wp\/v2\/tags?post=378125"}],"curies":[{"name":"wp","href":"https:\/\/api.w.org\/{rel}","templated":true}]}}