{"id":378687,"date":"2025-08-28T03:05:12","date_gmt":"2025-08-28T03:05:12","guid":{"rendered":"https:\/\/www.europesays.com\/de\/378687\/"},"modified":"2025-08-28T03:05:12","modified_gmt":"2025-08-28T03:05:12","slug":"autobahnausbau-kein-umdenken-in-sicht","status":"publish","type":"post","link":"https:\/\/www.europesays.com\/de\/378687\/","title":{"rendered":"Autobahnausbau \u2013 Kein Umdenken in Sicht"},"content":{"rendered":"<p dir=\"ltr\" id=\"docs-internal-guid-dd25e553-7fff-0722-4b38-19f56d96332d\" style=\"line-height:1.38;margin-top:12pt;margin-bottom:12pt;\">Die \u00bbnd.Genossenschaft\u00ab geh\u00f6rt ihren Leser:innen und Autor:innen. Sie sind es, die durch ihren Beitrag unseren Journalismus f\u00fcr alle zug\u00e4nglich machen: Hinter uns steht kein Medienkonzern, kein gro\u00dfer Anzeigenkunde und auch kein Milliard\u00e4r.<\/p>\n<p dir=\"ltr\" style=\"line-height:1.38;margin-top:12pt;margin-bottom:12pt;\"><b>Dank der Unterst\u00fctzung unserer Community k\u00f6nnen wir:<\/b><\/p>\n<p dir=\"ltr\" style=\"line-height:1.38;margin-top:12pt;margin-bottom:12pt;\">\u2192 unabh\u00e4ngig und kritisch berichten<br \/>&#13;<br \/>\n\u2192 Themen ins Licht r\u00fccken, die sonst im Schatten bleiben<br \/>&#13;<br \/>\n\u2192 Stimmen Raum geben, die oft zum Schweigen gebracht werden<br \/>&#13;<br \/>\n\u2192 Desinformation mit Fakten begegnen<br \/>&#13;<br \/>\n\u2192 linke Perspektiven st\u00e4rken und vertiefen<\/p>\n<p dir=\"ltr\" style=\"line-height:1.38;margin-top:12pt;margin-bottom:12pt;\"><b>Mit \u00bbFreiwillig zahlen\u00ab tragen Sie solidarisch zur Finanzierung unserer Zeitung bei. Damit nd.bleibt.<\/b><\/p>\n","protected":false},"excerpt":{"rendered":"Die \u00bbnd.Genossenschaft\u00ab geh\u00f6rt ihren Leser:innen und Autor:innen. Sie sind es, die durch ihren Beitrag unseren Journalismus f\u00fcr alle&hellip;\n","protected":false},"author":2,"featured_media":378688,"comment_status":"","ping_status":"","sticky":false,"template":"","format":"standard","meta":{"footnotes":""},"categories":[1825],"tags":[296,29,30,1888],"class_list":{"0":"post-378687","1":"post","2":"type-post","3":"status-publish","4":"format-standard","5":"has-post-thumbnail","7":"category-berlin","8":"tag-berlin","9":"tag-deutschland","10":"tag-germany","11":"tag-verkehrspolitik"},"share_on_mastodon":{"url":"https:\/\/pubeurope.com\/@de\/115104181425062826","error":""},"_links":{"self":[{"href":"https:\/\/www.europesays.com\/de\/wp-json\/wp\/v2\/posts\/378687","targetHints":{"allow":["GET"]}}],"collection":[{"href":"https:\/\/www.europesays.com\/de\/wp-json\/wp\/v2\/posts"}],"about":[{"href":"https:\/\/www.europesays.com\/de\/wp-json\/wp\/v2\/types\/post"}],"author":[{"embeddable":true,"href":"https:\/\/www.europesays.com\/de\/wp-json\/wp\/v2\/users\/2"}],"replies":[{"embeddable":true,"href":"https:\/\/www.europesays.com\/de\/wp-json\/wp\/v2\/comments?post=378687"}],"version-history":[{"count":0,"href":"https:\/\/www.europesays.com\/de\/wp-json\/wp\/v2\/posts\/378687\/revisions"}],"wp:featuredmedia":[{"embeddable":true,"href":"https:\/\/www.europesays.com\/de\/wp-json\/wp\/v2\/media\/378688"}],"wp:attachment":[{"href":"https:\/\/www.europesays.com\/de\/wp-json\/wp\/v2\/media?parent=378687"}],"wp:term":[{"taxonomy":"category","embeddable":true,"href":"https:\/\/www.europesays.com\/de\/wp-json\/wp\/v2\/categories?post=378687"},{"taxonomy":"post_tag","embeddable":true,"href":"https:\/\/www.europesays.com\/de\/wp-json\/wp\/v2\/tags?post=378687"}],"curies":[{"name":"wp","href":"https:\/\/api.w.org\/{rel}","templated":true}]}}