{"id":378821,"date":"2025-08-28T04:18:13","date_gmt":"2025-08-28T04:18:13","guid":{"rendered":"https:\/\/www.europesays.com\/de\/378821\/"},"modified":"2025-08-28T04:18:13","modified_gmt":"2025-08-28T04:18:13","slug":"studie-koeln-spitzenreiter-in-der-liste-der-staedte-mit-geringem-einsamkeitsrisiko","status":"publish","type":"post","link":"https:\/\/www.europesays.com\/de\/378821\/","title":{"rendered":"Studie: K\u00f6ln Spitzenreiter in der Liste der St\u00e4dte mit geringem Einsamkeitsrisiko"},"content":{"rendered":"<p class=\"dm-paragraph my-8 dm-article-content-width\" index=\"0\" should-collapse-on-mobile=\"true\" has-padding=\"\" data-v-586984a4=\"\">Der Worlds Loneliest Cities Report 2025 hat beste Nachrichten. K\u00f6ln soll den Studien-Machern der Berliner \u201eNova Tech Industries\u201c zufolge die Stadt mit dem geringsten Risiko zur Einsamkeit sein. Teilt man die frohe Kunde mit Menschen, die sich in der Stadt seit vielen Jahren mit dem unfreiwilligen Alleinsein vieler ihrer B\u00fcrgerinnen und B\u00fcrger besch\u00e4ftigen, dann erntet man zuweilen \u00dcberraschung ob dieses Ergebnisses. Schlie\u00dflich enth\u00fcllte erst vor zwei Jahren eine Studie im Auftrag der Landesregierung, dass die bisher eher unter Senioren verbreitete Einsamkeit auch auf die Jugend \u00fcbergegriffen hat: Jeder f\u00fcnfte Jugendliche f\u00fchlte sich demnach unfreiwillig allein.<\/p>\n<p class=\"dm-paragraph my-8 dm-article-content-width\" index=\"1\" should-collapse-on-mobile=\"true\" has-padding=\"\" data-v-586984a4=\"\">Und auch eine Umfrage des Statistischen Bundesamtes ergab, dass sich die Zahl der jungen Menschen, die sich einsam f\u00fchlen, in Deutschland von 14 bis 17 Prozent in der Zeit vor Corona auf 36 Prozent im Jahr 2023 verdoppelt hat.<\/p>\n<p>Wie das Einsamkeitsrisiko gemessen wurde<\/p>\n<p class=\"dm-paragraph my-8 dm-article-content-width\" index=\"3\" should-collapse-on-mobile=\"true\" has-padding=\"\" data-v-586984a4=\"\">Der World&#8217;s Loneliest Cities Report 2025 hat sich nun das Ziel gesetzt, das Einsamkeitsrisiko an Orten m\u00f6glichst objektiv zu vergleichen. Statt per subjektiver Umfrage Einsamkeit festzustellen, betrachtet der Bericht Faktoren f\u00fcr Einsamkeit lokal. Daf\u00fcr hat er europ\u00e4ische und US-amerikanische St\u00e4dte in neun Kategorien gemessen. Im Fokus hatten die Forscher etwa die Heiratsrate, das Gl\u00fccksniveau sowie die Gesundheitsversorgung. F\u00fcr jede Kategorie vergeben die Forscher zwischen einem und zehn Punkten; je mehr Punkte, desto niedriger f\u00e4llt das Einsamkeitsrisiko am Ende aus.<\/p>\n<p>Alles zum Thema <a href=\"https:\/\/www.ksta.de\/themen\/deutscher-caritasverband\" class=\"text-primary hover:underline\" data-v-b56a735c=\"\" rel=\"nofollow noopener\" target=\"_blank\">Caritas<\/a>Mehr anzeigen<\/p>\n<p class=\"dm-paragraph my-8 dm-article-content-width\" index=\"4\" should-collapse-on-mobile=\"true\" has-padding=\"\" data-v-586984a4=\"\">Das Ergebnis: K\u00f6ln gewinnt mit 41,8 Punkten von 90 Punkten, Lissabon und Miami folgen dicht dahinter mit 41,7 Punkten auf Platz zwei. In den Top zehn der 25 untersuchten St\u00e4dte liegen auch Berlin, Hamburg und M\u00fcnchen. Die traurige andere Seite der Treppe f\u00fchrt ausschlie\u00dflich in die USA: Die einsamsten St\u00e4dte sind Los Angeles (20,2 Punkte), Houston (20,2 Punkte), San Diego (22,5 Punkte) und Dallas (22,8 Punkte). Schlusslicht ist New York City mit 18,7 Punkten. Ein Problem der US-Metropolen: Sie sind eher mit Autos statt zu Fu\u00df erkundbar. Und wer schon mal versucht hat, auf der Stadtautobahn Beziehungen zu kn\u00fcpfen, der wei\u00df, dass das der Einsamkeit durchaus zutr\u00e4glich sein kann.<\/p>\n<p><a href=\"https:\/\/www.ksta.de\/koeln\/die-optimistin-koeln-hat-laut-studie-ein-geringes-einsamkeitsrisiko-warum-wir-das-als-appell-verstehen-sollten-jetzt-zu-liefern-1094443\" class=\"dm-imagefeat__imagecontainer dm-imagefeat relative\" aria-label=\"\" tabindex=\"-1\" data-v-d81621e6=\"\" rel=\"nofollow noopener\" target=\"_blank\"><img decoding=\"async\" width=\"4000\" height=\"2667\" alt=\"K\u00f6ln: Ein Mann und eine Frau sitzen im K\u00f6lner Gr\u00fcng\u00fcrtel auf einer Parkbank.\" loading=\"lazy\" onerror=\"this.setAttribute('data-error', 1)\" class=\"dm-imagefeat__image w-full aspect-square sm:aspect-auto aspect-video\" style=\"aspect-ratio:1;\" data-nuxt-pic=\"\" src=\"https:\/\/www.europesays.com\/de\/wp-content\/uploads\/2025\/08\/2fc3fb4c-e093-467f-967a-6a1cb88a3712.jpeg\"  \/><\/a><\/p>\n<p class=\"dm-paragraph my-8 dm-article-content-width\" index=\"6\" should-collapse-on-mobile=\"true\" has-padding=\"\" data-v-586984a4=\"\">Herausgekommen ist am Ende eher ein Indikatoren-Ranking. Alle europ\u00e4ischen Metropolen verf\u00fcgen vor allem \u00fcber ein vergleichsweise gutes Gesundheitssystem, einen robusten Sozialstaat und schaffen es so schon schnell automatisch auf die vordersten Pl\u00e4tze. Hinzu komme eine ausgeglichene Balance zwischen urbanem Leben und sozialer Infrastruktur. \u201eDas deutsche Modell der Stadtentwicklung, das \u00f6ffentliche R\u00e4ume, kulturelle Einrichtungen und soziale Dienste betont, scheint besonders effektiv bei der Bek\u00e4mpfung urbaner Einsamkeit zu sein\u201c, hei\u00dft es. Grundlage f\u00fcr die Bemessung dieser \u00f6ffentlichen R\u00e4ume und kulturellen Einrichtungen war beispielsweise die Zahl der Yoga- und Fitnessstudios oder queeren Bars im Verh\u00e4ltnis zur Bev\u00f6lkerungszahl. Wissenschaftlich mag man das kritisch sehen, aber immerhin haben die Studien-Macher ein wichtiges Ziel erreicht: Aufmerksamkeit f\u00fcr ein Thema zu schaffen, das sich lange in der Tabuzone versteckt.<\/p>\n<p>Grundlage f\u00fcr die Bemessung: Zahl der Yogastudios oder queeren Bars im Verh\u00e4ltnis zur Bev\u00f6lkerungszahl<\/p>\n<p class=\"dm-paragraph my-8 dm-article-content-width\" index=\"8\" should-collapse-on-mobile=\"true\" has-padding=\"\" data-v-586984a4=\"\">Und vielleicht ist die gute Platzierung der deutschen St\u00e4dte und insbesondere der einzigen Metropole Nordrhein-Westfalens ja gerade die Folge der schlechten Nachrichten nach der Corona-Pandemie. Immerhin ist die Diagnose \u2013 und sei sie noch so besorgniserregend \u2013 ja auch der erste Schritt zur Genesung. So sieht es zumindest Arndt Klocke, Sprecher der Gr\u00fcnen-Landtagsfraktion f\u00fcr mentale Gesundheit. In den vergangenen Jahren geriet die Bek\u00e4mpfung von Einsamkeit auch in Deutschland und hier auch speziell in NRW zunehmend in den Fokus von Politik. \u201eDa hat uns Gro\u00dfbritannien mit seinem Einsamkeitsministerium inspiriert. Die zunehmende Einsamkeit w\u00e4hrend Corona hat die Lage dann zugespitzt.\u201c<\/p>\n<p class=\"dm-paragraph my-8 dm-article-content-width\" index=\"9\" should-collapse-on-mobile=\"true\" has-padding=\"\" data-v-586984a4=\"\">Und dann muss man kein Lokalpatriot sein, um vorauszusehen, dass das Thema Einsamkeitsbek\u00e4mpfung in K\u00f6ln zumindest nicht auf sandigen Boden f\u00e4llt: \u201eK\u00f6ln ist eine Stadt des Gemeinsinns. Eine Metropole f\u00fcr B\u00fcrgervereine, Initiativen, Sportclubs, Karnevalsg\u00e4rten und Nachbarschaftsfeste. In K\u00f6ln findet der zweitgr\u00f6\u00dfte Christopher-Street-Day Europas statt\u201c, schw\u00e4rmt Klocke im Gespr\u00e4ch mit dem \u201eK\u00f6lner Stadt-Anzeiger\u201c.<\/p>\n<p class=\"dm-paragraph my-8 dm-article-content-width\" index=\"10\" should-collapse-on-mobile=\"true\" has-padding=\"\" data-v-586984a4=\"\">Zur Wahrheit geh\u00f6rt allerdings auch, dass eine zugeschriebene heitere Volksseele, erste Pl\u00e4tze in Rankings und Fortschritte in der politischen Debatte nicht dar\u00fcber hinwegt\u00e4uschen k\u00f6nnen, dass die Einsamkeit auch in K\u00f6ln noch immer einen zu gro\u00dfen Platz einnimmt. Und dass bei der Bek\u00e4mpfung des guten Willens allein nicht erreicht wurde. \u201eSogar ein ehrenamtliches Projekt braucht immer auch finanzielle Unterst\u00fctzung\u201c, sagt Klocke.<\/p>\n<p>Politischer Aktionsplan gegen Einsamkeit hat auch K\u00f6lner Projekte auf der F\u00f6rderliste<\/p>\n<p class=\"dm-paragraph my-8 dm-article-content-width\" index=\"12\" should-collapse-on-mobile=\"true\" has-padding=\"\" data-v-586984a4=\"\">Ein erster Schritt in die richtige Richtung ist Klocke zufolge des Aktionsplans gegen Einsamkeit. Die Landesregierung hat ihn \u201eDu+Wir=Eins\u201c genannt, auch K\u00f6lner Projekte finden sich auf der F\u00f6rderliste. Ausreichend sei das aber lange nicht. Klocke fordert, dass die Stadt nicht an der Zivilgesellschaft spart, sondern gerade die Mittel f\u00fcr Soziales zus\u00e4tzlich langfristig abgesichert werden m\u00fcssten. Das sei am Ende sogar \u00f6konomisch, sagt Klocke: \u201eWeil jeden Euro f\u00fcr Soziales kriegen wir vielfach in Wohlstand im Gesundheitssystem und bei den Ausgaben zur Pr\u00e4vention von Rechtsextremismus wieder raus.\u201c Einsamkeit belaste nicht nur die Seele der Betroffenen, sondern f\u00f6rdert auch Extremismus und k\u00f6rperliche Krankheiten. Beispielsweise steige Einsamkeitsstudien zufolge das Risiko von Demenz um 50 Prozent und das f\u00fcr Herz-Kreislauf-Erkrankungen um ein Drittel.<\/p>\n<p class=\"dm-paragraph my-8 dm-article-content-width\" index=\"13\" should-collapse-on-mobile=\"true\" has-padding=\"\" data-v-586984a4=\"\">Nils Freund von der <a href=\"https:\/\/www.ksta.de\/themen\/deutscher-caritasverband\" rel=\"nofollow noopener\" target=\"_blank\">Caritas<\/a> pocht ebenfalls auf mehr Geld im Kampf gegen Einsamkeit: \u201eDamit das Risiko f\u00fcr K\u00f6lner niedrig bleibt, muss die Stadt die Zivilgesellschaft mehr und verl\u00e4sslicher finanziell unterst\u00fctzen.\u201c K\u00f6ln zeichne sich derzeit durch seine Vielfalt an Tr\u00e4gern f\u00fcr soziale Projekte und Netzwerke aus. Was laut Freund tats\u00e4chlich ein Bollwerk gegen Einsamkeit bilden k\u00f6nnte. Fragt sich nur, wie lange noch. Denn aktuell, so beobachtet Freund mit Sorge, streiche die Stadt Projekte, um Geld zu sparen. Dabei br\u00e4uchten besonders die steigende Zahl von Rentnern und die vielen zugezogenen Studierenden eine gute soziale Infrastruktur, um sich aufgehoben zu f\u00fchlen.<\/p>\n<p class=\"dm-paragraph my-8 dm-article-content-width\" index=\"14\" should-collapse-on-mobile=\"true\" has-padding=\"\" data-v-586984a4=\"\">Infrastruktur, wie sie beispielsweise das Nachbarschaftswerk K\u00f6lsch H\u00e4tz biete, das ebenfalls die <a href=\"https:\/\/www.ksta.de\/themen\/deutscher-caritasverband\" rel=\"nofollow noopener\" target=\"_blank\">Caritas<\/a> verantwortet. Das Prinzip: Nachbarn helfen ehrenamtlich anderen Nachbarn. Sie k\u00fcmmern sich um Seniorinnen und Senioren, Kinder von Alleinerziehenden, veranstalten Stra\u00dfenfeste und verbringen Zeit mit denen, die sonst wenig Ansprechpartner haben. Rund 600 K\u00f6lner engagieren sich bei K\u00f6lsch H\u00e4tz.<\/p>\n<p><a href=\"https:\/\/www.ksta.de\/wirtschaft\/zehn-jahre-wir-schaffen-das-mehr-als-die-haelfte-aller-gefluechteten-arbeitet-heute-als-fachkraft-1-1090966\" class=\"dm-imagefeat__imagecontainer dm-imagefeat relative\" aria-label=\"\" tabindex=\"-1\" data-v-d81621e6=\"\" rel=\"nofollow noopener\" target=\"_blank\"><img decoding=\"async\" width=\"4000\" height=\"2563\" alt=\"Drei junge Fl\u00fcchtlinge arbeiten im Ausbildungszentrum der Siemens Professional Education an der Verdrahtung eines Schaltschranks. Foto: Monika Skolimowska\/dpa-Zentralbild\/dpa\" loading=\"lazy\" onerror=\"this.setAttribute('data-error', 1)\" class=\"dm-imagefeat__image w-full aspect-square sm:aspect-auto aspect-video\" style=\"aspect-ratio:1;\" data-nuxt-pic=\"\" src=\"https:\/\/www.europesays.com\/de\/wp-content\/uploads\/2025\/08\/8b739ef3-50fa-4e4c-869a-7a42c9f0e66c.jpeg\"  \/><\/a><\/p>\n<p class=\"dm-paragraph my-8 dm-article-content-width\" index=\"16\" should-collapse-on-mobile=\"true\" has-padding=\"\" data-v-586984a4=\"\">Der K\u00f6lner Psychotherapeut Professor Michael Klein begr\u00fc\u00dfte solche Initiativen im Gespr\u00e4ch mit dem \u201eK\u00f6lner Stadt-Anzeiger\u201c: \u201eDas Gegenst\u00fcck zu Einsamkeit ist guter sozialer Kontakt \u2013 dazu tragen Nachbarschaftsnetzwerke, Vereine und Initiativen bei. Dadurch entsteht dann der psychologisch gesehen beste Schutz: Einen Freundeskreis aus zwei bis f\u00fcnf wirklich Freunden zu erzeugen. Wer das hat, f\u00fchlt sich selten einsam.\u201c F\u00fcr viele seiner Patientinnen und Patienten sei solch ein Netz keine Selbstverst\u00e4ndlichkeit. Klein beobachtet eine zunehmende Isolation, die er auch der \u00fcberm\u00e4\u00dfigen Nutzung sozialer Medien zuschreibt.<\/p>\n<p class=\"dm-paragraph my-8 dm-article-content-width\" index=\"17\" should-collapse-on-mobile=\"true\" has-padding=\"\" data-v-586984a4=\"\">Ein gutes Netz an Beziehungen ist auch den Studienautoren zufolge dem Einsamkeitsrisiko abtr\u00e4glich. Formalit\u00e4ten, wie sie aus Heirats- oder Scheidungs- oder Singleraten abzulesen sind, h\u00e4ngen mit dem Einsamkeitsrisiko oder dessen Abwesenheit zusammen. Sie kommen zu dem Schluss, dass \u201edie Qualit\u00e4t sozialer Netzwerke wichtiger ist als formelle Beziehungsstrukturen.\u201c<\/p>\n<p class=\"dm-paragraph my-8 dm-article-content-width\" index=\"18\" should-collapse-on-mobile=\"true\" has-padding=\"\" data-v-586984a4=\"\">Das wird die k\u00f6lsche Karnevalsseele gerne h\u00f6ren, die schon im Liedgut auch Wildfremde dazu einl\u00e4dt, doch einfach einen mitzutrinken.<\/p>\n<p class=\"dm-paragraph my-8 dm-article-content-width\" index=\"20\" should-collapse-on-mobile=\"true\" has-padding=\"\" data-v-586984a4=\"\"><b>Die \u201eNummer gegen Kummer\u201c<\/b> ist unter der kostenfreien Rufnummer <b>116 111<\/b> erreichbar \u2013 montags bis samstags von 14 bis 20 Uhr. Dort finden alle unter 21 Jahren anonym und vertraulich ein offenes Ohr f\u00fcr Sorgen und Probleme (https:\/\/www.nummergegenkummer.de).<\/p>\n<p class=\"dm-paragraph my-8 dm-article-content-width\" index=\"21\" should-collapse-on-mobile=\"true\" has-padding=\"\" data-v-586984a4=\"\"><b>Die Telefonseelsorge<\/b> ist rund um die Uhr unter den kostenfreien Nummern <b>0800 111 0 111<\/b> und <b>0800 111 0 222<\/b> erreichbar. Das Angebot richtet sich an Menschen jeden Alters, anonym und vertraulich, auch per Mail oder Chat nutzbar (https:\/\/www.telefonseelsorge.de).<\/p>\n","protected":false},"excerpt":{"rendered":"Der Worlds Loneliest Cities Report 2025 hat beste Nachrichten. K\u00f6ln soll den Studien-Machern der Berliner \u201eNova Tech Industries\u201c&hellip;\n","protected":false},"author":2,"featured_media":378822,"comment_status":"","ping_status":"","sticky":false,"template":"","format":"standard","meta":{"footnotes":""},"categories":[1828],"tags":[29,30,1420,1209],"class_list":{"0":"post-378821","1":"post","2":"type-post","3":"status-publish","4":"format-standard","5":"has-post-thumbnail","7":"category-koeln","8":"tag-deutschland","9":"tag-germany","10":"tag-koeln","11":"tag-nordrhein-westfalen"},"share_on_mastodon":{"url":"https:\/\/pubeurope.com\/@de\/115104468861258500","error":""},"_links":{"self":[{"href":"https:\/\/www.europesays.com\/de\/wp-json\/wp\/v2\/posts\/378821","targetHints":{"allow":["GET"]}}],"collection":[{"href":"https:\/\/www.europesays.com\/de\/wp-json\/wp\/v2\/posts"}],"about":[{"href":"https:\/\/www.europesays.com\/de\/wp-json\/wp\/v2\/types\/post"}],"author":[{"embeddable":true,"href":"https:\/\/www.europesays.com\/de\/wp-json\/wp\/v2\/users\/2"}],"replies":[{"embeddable":true,"href":"https:\/\/www.europesays.com\/de\/wp-json\/wp\/v2\/comments?post=378821"}],"version-history":[{"count":0,"href":"https:\/\/www.europesays.com\/de\/wp-json\/wp\/v2\/posts\/378821\/revisions"}],"wp:featuredmedia":[{"embeddable":true,"href":"https:\/\/www.europesays.com\/de\/wp-json\/wp\/v2\/media\/378822"}],"wp:attachment":[{"href":"https:\/\/www.europesays.com\/de\/wp-json\/wp\/v2\/media?parent=378821"}],"wp:term":[{"taxonomy":"category","embeddable":true,"href":"https:\/\/www.europesays.com\/de\/wp-json\/wp\/v2\/categories?post=378821"},{"taxonomy":"post_tag","embeddable":true,"href":"https:\/\/www.europesays.com\/de\/wp-json\/wp\/v2\/tags?post=378821"}],"curies":[{"name":"wp","href":"https:\/\/api.w.org\/{rel}","templated":true}]}}