{"id":379107,"date":"2025-08-28T06:57:55","date_gmt":"2025-08-28T06:57:55","guid":{"rendered":"https:\/\/www.europesays.com\/de\/379107\/"},"modified":"2025-08-28T06:57:55","modified_gmt":"2025-08-28T06:57:55","slug":"duesseldorf-am-wochenende-buedchentag-herbstfestival-und-mehr","status":"publish","type":"post","link":"https:\/\/www.europesays.com\/de\/379107\/","title":{"rendered":"D\u00fcsseldorf am Wochenende: B\u00fcdchentag, Herbstfestival und mehr!"},"content":{"rendered":"<p data-p-count=\"1\"><a href=\"https:\/\/www.tonight.de\/duesseldorf\" data-internallinksmanager029f6b8e52c=\"44\" title=\"D\u00fcsseldorf News\" target=\"_blank\" rel=\"noopener\">D\u00fcsseldorf<\/a> \u00fcberrascht an jedem Wochenende mit einer Vielzahl unterschiedlicher Veranstaltungen. Da ist f\u00fcr jeden Geschmack etwas dabei: In den Clubs der Stadt wird bis tief in die Nacht gefeiert, in den Museen und Kulturinstituten locken sehenswerte Ausstellungen, auf den Flohm\u00e4rkten zahlreiche Schn\u00e4ppchen. Um die \u00dcbersicht zu wahren, tischen wir euch hier w\u00f6chentlich die Highlights auf.<\/p>\n<p data-p-count=\"2\"><strong>Von M\u00e4rkten bis Partys \u00fcber Open-Air-Events<\/strong>: <a href=\"https:\/\/www.tonight.de\/events\/duesseldorf-veranstaltungen-was-ist-heute-morgen-diesen-monat-los-freizeittipps-events-alle-infos_365449.html\" target=\"_blank\" rel=\"noopener\">Das sind die besten Veranstaltungs- und Freizeit-Tipps f\u00fcr D\u00fcsseldorf im Monats\u00fcberblick<\/a><\/p>\n<p>Das ist am Donnerstag in D\u00fcsseldorf los &#8211; 28. August 2025<br \/>\n\u201eTAIYO\u201c bei HATO im Medienhafen<br \/>donnerstags bis samstags, t\u00e4glich ab 16 Uhr<\/p>\n<p class=\"single--container post-137326 post type-post status-publish format-standard has-post-thumbnail hentry category-duesseldorf category-events tag-duesseldorftonight tag-event-tipps tag-festivals tag-konzerte-nrw\" data-p-count=\"3\">Beim beliebten Fusions-Restaurant am Medienhafen nimmt man das strahlende Sommerwetter in den kommenden Tagen gekonnt mit: Unter dem \u201eTAIYO\u201c-Banner d\u00fcrft ihr euch auf leckeres Asian Streetfood, jede Menge coolen Sound und entspannte Beats freuen. Das stylishe Hafenflair kommt kostenlos obendrauf. Los geht\u2019s von Donnerstag bis Samstag t\u00e4glich ab 16 Uhr &#8211; mal als z\u00fcnftige \u201eAfterwork\u201c, mal als entspannte \u201eSunset Session\u201c, aber immer mit bestem Blick auf das Wasser.<\/p>\n<p>Schon gelesen?<\/p>\n<p data-p-count=\"4\"><strong>Adresse:<\/strong> Speditionstra\u00dfe 2, 40221 D\u00fcsseldorf<\/p>\n<p>                <a href=\"https:\/\/www.tonight.de\/fotogalerie\/so-feiert-duesseldorf-den-sommer-2025-die-besten-momente-die-schoensten-fotos\" target=\"_blank\" rel=\"noopener\"><\/p>\n<p>                        <img decoding=\"async\" src=\"https:\/\/www.europesays.com\/de\/wp-content\/uploads\/2025\/08\/8Diner-en-BLanc-Duesseldorf-9.8.2025-Ben-Liebsch-Rheinpark-Golzheim-69-940x627.jpg\" alt=\"Bildergalerie: So feiert D\u00fcsseldorf den Sommer 2025: Die besten Momente, die sch\u00f6nsten Fotos\" loading=\"lazy\" width=\"940\" height=\"627\"\/><\/p>\n<p>                <\/a><\/p>\n<p>Ausstellung im Bilker Bunker: \u201eStreet Photography\u201c<br \/>mittwochs bis samstags von 17 bis 21 Uhr, Laufzeit bis 14. September, geschlossen vom 3. bis 11. September<\/p>\n<p data-p-count=\"5\">Die neue Ausstellung \u201eStreet Photography\u201c im Bilker Bunker reflektiert die paradoxen Bedingungen, unter denen diese Fotografie heute entsteht. \u00d6ffnungszeiten: mittwochs bis samstags von 17 bis 21 Uhr. Zum Finale am Sonntag, dem 14. September (Tag des offenen Denkmals) von 12 bis 17 Uhr.<\/p>\n<p data-p-count=\"6\"><strong>Adresse:<\/strong> Bilker Bunker, Aachener Stra\u00dfe 39, 40223 D\u00fcsseldorf<\/p>\n<p>VierLinden: Konzert und Open-Air-Kino im S\u00fcdpark<br \/>Donnerstag ab 18.30 Uhr, Freitag und Samstag ab 21.30 Uhr<\/p>\n<p data-p-count=\"7\">Diverse Konzerte, ein Open-Air-Kino, sowie zahlreiche Comedy- und Quiz-Abende locken noch bis Anfang September ins VierLinden Open-Air im D\u00fcsseldorfer S\u00fcdpark. <a href=\"https:\/\/www.tonight.de\/duesseldorf\/goldmucke-sommer-edition-im-vierlinden-open-air-im-suedpark-duesseldorf-konzerte-tickets-infos_123408.html\" target=\"_blank\" rel=\"false noopener\">Wir verraten alle Termine und Infos!<\/a> Tickets f\u00fcr die Konzerte gibt es <a href=\"https:\/\/goldmucke.de\/\" rel=\"false noopener\" target=\"_blank\">im Ticketshop auf goldmucke.de<\/a>, Film-Fans werden auf der <a href=\"https:\/\/filmkunstkinos.de\/kinos\/vier-linden-open-air\/\" rel=\"nofollow noopener\" target=\"_blank\">Website der Filmkunstkinos<\/a> gl\u00fccklich.<\/p>\n<p data-p-count=\"8\"><strong>Darauf d\u00fcrft ihr euch als n\u00e4chstes freuen:<\/strong><\/p>\n<ul>\n<li>Konzerte am Donnerstag, 28. August 2025, 18.30 bis 22 Uhr: The Deadnotes (Indie-Punk) und Woodship (Alternative-Rock)<\/li>\n<li>Kino am Freitag, 29. August 2025, ab 21.30 Uhr: Wundersch\u00f6ner<\/li>\n<li>Kino am Samstag, 30. August 2025, ab 21.30 Uhr: Anora<\/li>\n<\/ul>\n<p data-p-count=\"9\"><strong>Adresse:<\/strong> Siegburger Str. 25, 40591 D\u00fcsseldorf \/ <a href=\"https:\/\/www.google.com\/maps\/place\/VierLinden+Open-Air\/@51.2046684,6.8073355,17z\/data=!4m5!3m4!1s0x47b8cbb08e65192d:0xa4a9b266dc708648!8m2!3d51.2047222!4d6.8083333\" rel=\"noopener\" target=\"_blank\">Link zu Google Maps<\/a><\/p>\n<p>Finale beim Alltours Open-Air-Kino am Rhein: Die nackte Kanone, Superman, Vaiana 2 und F1<br \/>t\u00e4glich ab 20.50 Uhr, ab Samstag ab 20.40 Uhr<\/p>\n<p><a href=\"https:\/\/www.tonight.de\/fotogalerie\/hitzefrei-am-rhein-so-schoen-entspannt-ihr-bei-33-grad-im-alltours-kino-beach-fotos-14-august-2025\/attachment\/duesseldorf-open-air-kino-rhein-alltours-wicked-filmnacht-19-august-2025-52\" target=\"_blank\" rel=\"noopener\"><img loading=\"lazy\" decoding=\"async\" aria-describedby=\"caption-attachment-411930\" class=\"wp-image-411930 size-large\" src=\"https:\/\/www.europesays.com\/de\/wp-content\/uploads\/2025\/08\/duesseldorf-open-air-kino-rhein-alltours-wicked-filmnacht-19-august-2025-52-940x627.jpg\" alt=\"\" width=\"940\" height=\"627\" data-wp-pid=\"411930\"\/><\/a><\/p>\n<p id=\"caption-attachment-411930\" class=\"wp-caption-text\">Perfekter Blick auf den Rhein und die Leinwand im Alltours Open-Air-Kino in D\u00fcsseldorf.<br \/>Foto: Tonight \/ Ben Liebsch<\/p>\n<p data-p-count=\"10\">Noch bis zum 31. August d\u00fcrft ihr euch voll und ganz in die \u201eFilmn\u00e4chte unter Sternen\u201c st\u00fcrzen: Das ber\u00fchmt-ber\u00fcchtigte Open-Air-Kino findet ihr direkt am Robert-Lehr-Ufer. Der Eintritt ins Kino kostet im Vorverkauf 18 Euro (zzgl. 1 Euro VVK-Geb\u00fchr) sowie 20 Euro an der Abendkasse.<\/p>\n<p data-p-count=\"11\">Am Donnerstag wird es ziemlich lustig: Liam Neeson versucht sich im Remake der Kult-Parodie<strong> \u201eDie nackte Kanone\u201c<\/strong> &#8211; und das gar nicht mal so schlecht. Comic-Fans behalten am Freitag <strong>\u201eSuperman\u201c<\/strong> auf dem Schirm, Familien mit Kindern hingegegen <strong>\u201eVaiana 2\u201c<\/strong> am Samstag. Zum Finale am Sonntag l\u00e4uft dann die 2. Joker Night mit der Wiederholung des popul\u00e4ren Sport-Dramas <strong>\u201eF1\u201c<\/strong> mit Brad Pitt in der Hauptrolle. Anschnallen und ab damit!<\/p>\n<p data-p-count=\"12\"><a href=\"https:\/\/www.tonight.de\/events\/alltours-open-air-kino-duesseldorf-programm-alle-filme-im-ueberblick_125835.html\" target=\"_blank\" rel=\"false noopener\">F\u00fcr das gesamte Programm und alle weiteren Infos solltet ihr hier vorbeischauen!<\/a><\/p>\n<p data-p-count=\"13\"><strong>Adresse:<\/strong> Alltours Open-Air-Kino, Rheinpark Golzheim, Robert-Lehr-Ufer 3, 40474 D\u00fcsseldorf<\/p>\n<p><strong>Praktische Tipps f\u00fcr euer Wochenende in D\u00fcsseldorf<\/strong><\/p>\n<p>D\u00fcsseldorf-Tipps zum Start ins Wochenende am Freitag, 29. August 2025<br \/>\nCaravan Salon D\u00fcsseldorf<br \/>Freitag, 29. August, bis einschlie\u00dflich Sonntag, 7. September, t\u00e4glich von 10 bis 18 Uhr<\/p>\n<p>  <img decoding=\"async\" class=\"_brlbs-thumbnail\" src=\"https:\/\/www.europesays.com\/de\/wp-content\/uploads\/2025\/08\/1756364186_18_cb-instagram.png\" alt=\"Instagram\"\/>   <\/p>\n<p data-p-count=\"19\">Sommer war gestern: Das Schloss Eller l\u00e4dt an diesem Wochenende bereits zum gro\u00dfen Herbstfestival und verzaubert eure Augen und Ohren vor Ort mit schnieken Kunst- und Schmuck-Unikaten, Mode, Dekorativem und stilvoller Live-Musik. Nat\u00fcrlich m\u00fcsst ihr dabei nicht hungern: Regionale Spezialit\u00e4ten, kulinarische Gen\u00fcsse und k\u00fchle Weine stehen parat.<\/p>\n<p data-p-count=\"20\"><strong>Wichtig:<\/strong> letzter Einlass auf das Gel\u00e4nde jeweils ab 17 Uhr! Wer mit dem Auto anreist: Parkpl\u00e4tze sind in ausreichender Menge direkt am Schloss vorhanden, kosten aber 3 Euro.<\/p>\n<p data-p-count=\"21\"><strong>Adresse:<\/strong> Schloss Eller, Heidelberger Stra\u00dfe 42, 40229 D\u00fcsseldorf<\/p>\n<p>Street Food Festival an den Schwanenh\u00f6fen<br \/>Freitag von 16 bis 22 Uhr, Samstag und Sonntag 12 bis 22 Uhr<\/p>\n<p data-p-count=\"22\">Wer nach den ganzen Food <a href=\"https:\/\/www.tonight.de\/freizeit\/die-besten-nrw-festivals-2025-diese-termine-solltet-ihr-kennen_132767.html\" data-internallinksmanager029f6b8e52c=\"67\" title=\"Festivals in NRW\" target=\"_blank\" rel=\"noopener\">Festivals<\/a> der letzten Wochen noch immer nicht satt ist, der sollte am Wochenende unbedingt mal an den Schwanenh\u00f6fen vorbeischauen: Hier d\u00fcrft ihr euch auf eine kulinarische Reise rund um die Welt freuen, bei der Fusionsk\u00fcche und s\u00fc\u00dfe S\u00fcnden im Fokus der vielen Foodtrucks stehen. Nat\u00fcrlich kommen dabei auf Veganer auf ihre Kosten. Der Eintritt kostet euch 4,90 Euro.<\/p>\n<p data-p-count=\"23\"><strong>Adresse:<\/strong> Schwanenh\u00f6fe, Erkrather Str. 230, 40233 D\u00fcsseldorf<\/p>\n<p>Stadtstr\u00e4nde in D\u00fcsseldorf: Der Sommer hat noch lange nicht fertig!<br \/>Das Programm von Freitag bis Montag<\/p>\n<p><a href=\"https:\/\/www.tonight.de\/fotogalerie\/stadtstrand-duesseldorf-so-zelebriert-ihr-das-sommerwochenende-fotos-28-juni-2025-samstag\/attachment\/5stadtstrand-tonhalle-ben-liebsch-28-juni-2025-105\" target=\"_blank\" rel=\"noopener\"><img loading=\"lazy\" decoding=\"async\" class=\"alignnone wp-image-405438 size-large\" src=\"https:\/\/www.europesays.com\/de\/wp-content\/uploads\/2025\/08\/5Stadtstrand-Tonhalle-Ben-Liebsch-28.-Juni-2025-105-940x627.jpg\" alt=\"\" width=\"940\" height=\"627\" data-wp-pid=\"405438\"\/><\/a><\/p>\n<p data-p-count=\"24\">Der Stadtstrand hat noch nicht genug und verl\u00e4ngert einfach den Urlaub! An allen drei Strandorten gibt es nicht nur sommerliche Erholung und Entschleunigung vom Alltag, sondern auch eine Extraportion Urlaubfeeling.Der Kunst- und Kulturstrand an der Oberkasseler Br\u00fccke hat zus\u00e4tzlich ein abwechslungsreiches Kultur- und Musikprogramm im Angebot, das nach einem nie enden wollenden Sommer klingt und f\u00fcr jeden Geschmack etwas zu bieten hat:<\/p>\n<p data-p-count=\"25\"><strong>Freitag, 29. August, ab 19 Uhr:<\/strong> Song Slam \u2013 die Talentshow f\u00fcr Newcomer und zuk\u00fcnftige <a href=\"https:\/\/www.tonight.de\/unterhaltung\/promis\" data-internallinksmanager029f6b8e52c=\"71\" title=\"Promi News\" target=\"_blank\" rel=\"noopener\">Stars<\/a> und Sternchen der Szene<\/p>\n<p data-p-count=\"26\">Sechs talentierte S\u00e4nger aus nah oder fern pr\u00e4sentieren sich, ihr K\u00f6nnen und ihre musikalischen Eigenkompositionen einer internationalen Fachjury und einem leidenschaftlichen Publikum. Der Winner des Abends darf sich \u00fcber Produktionszeit in einem professionellen Tonstudio und Auftrittsm\u00f6glichkeiten und damit maximale Sichtbarkeit freuen.<\/p>\n<p data-p-count=\"27\"><strong>Samstag, 30. August, ab 17 Uhr:<\/strong> Stadtstrand Reggae- &amp; Ska-NIght<\/p>\n<p data-p-count=\"28\">Die Stadtstrand-Reggae-Night ist vor allem eins: Groovige Beats, entspannte Vibes und das Gef\u00fchl, auf einer Urlaubsinsel gestrandet zu sein, wo eine kollektive Gl\u00fcckseligkeit und eine Leichtigkeit des Seins einen ewigen Sommer verspricht. Mit dabei: Andr\u00e9 George &amp; The Roots Horn Section und Prengel.<\/p>\n<p data-p-count=\"29\"><strong>Sonntag, 31. August, ab 13 Uhr: \u201eWeinufer\u201c \u2013 Wein meets Rhein<\/strong><\/p>\n<p data-p-count=\"30\">So sieht es aus, wenn der legend\u00e4re Weindampfer Anker wirft und zum Landgang aufruft! Flaneure auf der Rheinuferpromenade treffen sich am Kunst- und Kulturstrand am Tonhallenufer zu Weingenuss , um bei gepflegter Elektromucke den Sonntag und das Leben zu feiern.<\/p>\n<p data-p-count=\"31\"><strong>Montag, 1. September, ab 18 Uhr: Afterwork-Singen \u2013 Mitsingkonzert von und mit Sarah Bowers <\/strong><\/p>\n<p data-p-count=\"32\">Nach dem ph\u00e4nomenalen Besucher- und Teilnehmerrekord beim letzten Sing-a-long Anfang Juli l\u00e4dt Multi-Gesangstalent und Ausnahmek\u00f6nnerin Sarah Bouwers wieder alle Gleichgesinnte mit Lust und Leidenschaft zum Singen zu einem Abend unkomplizierten Sing- und Musikspa\u00dfes ein. Ohne Vorkenntnisse, ohne Noten, jedefrau und jedermann ist willkommen.<\/p>\n<p>Konzert im Zakk: Die Krupps<br \/>Freitag, Einlass ab 19.30 Uhr<\/p>\n<p data-p-count=\"33\">Die Krupps feiern am Freitag ihre 45. Geburtstags-Tour im Zakk: Neben Kraftwerk und den Einst\u00fcrzenden Neubauten ist die Band aus D\u00fcsseldorf seit den 80er-Jahren einer der international pr\u00e4senten und relevanten Wegbereiter f\u00fcr den Sound, der hier wie bei niemand anderem die Werkzeug-Rhythmik und den Maschinenklang in einem Stahlwerk aufnahm. Nicht umsonst entlehnte der Gr\u00fcnder J\u00fcrgen Engler ihren Namen von der Essener Schwerindustriellen-Familie Krupp und nannte gleich die erste Platte \u201eStahlwerksinfonie\u201c. Auch das letzte Album \u201eStahlwerkRequiem\u201c lehnt hier an.<\/p>\n<p data-p-count=\"34\">Tickets gibt es <a href=\"https:\/\/www.zakk.de\/event-detail?event=14749\" target=\"_blank\" rel=\"false noopener\">im VVK ab 42 Euro<\/a>, an der Abendkasse ab 50 Euro.<\/p>\n<p data-p-count=\"35\"><strong>Adresse:<\/strong> Zakk, Eingang Biergarten \u00fcber Pinienstra\u00dfe, Fichtenstra\u00dfe 40, 40233 D\u00fcsseldorf<\/p>\n<p>\u201eWhite Night\u201c in der Nachtresidenz D\u00fcsseldorf: \u201eKorean Party Factory\u201c<br \/>Freitag ab 23 Uhr <\/p>\n<p>  <img decoding=\"async\" class=\"_brlbs-thumbnail\" src=\"https:\/\/www.europesays.com\/de\/wp-content\/uploads\/2025\/08\/1756364186_18_cb-instagram.png\" alt=\"Instagram\"\/>   <\/p>\n<p data-p-count=\"37\">Das erste Mal ganz in Wei\u00df gekleidet kommt die \u201eKorean Party Factory\u201c in der Nachtresidenz daher: Werft euch in ein strahlendes Outfit und sahnt bereits am Eingang 1 bis 2 Soju Shots ab. Und wem es auf der Tanzfl\u00e4che zu hei\u00df wird, der findet weitere Abk\u00fchlung in Form von Wassereis und k\u00fchlen Drinks. Da im September keine \u201eKorean Party Factory\u201c in D\u00fcsseldorf stattfindet, ist dies nochmal die perfekte Gelegenheit f\u00fcr alle K-Pop-Fans ins Wochenende zu feiern! Tickets gibt es an der Abendkasse f\u00fcr 15 Euro.<\/p>\n<p data-p-count=\"38\"><strong>Adresse:<\/strong> Nachtresidenz, Bahnstra\u00dfe 13, 40212 D\u00fcsseldorf<\/p>\n<p>Ausgehen am Samstag in D\u00fcsseldorf: Unsere Tipps f\u00fcr den 30. August 2025<br \/>\nTr\u00f6deln in D\u00fcsseldorf: Antikmarkt Aachener Platz und Flohmarkt am Sch\u00fctzenplatz in Benrath<br \/>samstags von 7.30 bis 16 Uhr (Aachener Platz), von 7 bis 14 Uhr (Benrath)<\/p>\n<p>                <a href=\"https:\/\/www.tonight.de\/fotogalerie\/die-besten-flohmaerkte-in-duesseldorf-fotos-vom-fischmarkt-radschlaegermarkt-weiberkram-buechermeile-buecherbummel-und-co\" target=\"_blank\" rel=\"noopener\"><\/p>\n<p>                        <img decoding=\"async\" src=\"https:\/\/www.europesays.com\/de\/wp-content\/uploads\/2025\/08\/Fischmarkt-1.-September-2024-Ben-Liebsch-16-940x627.jpg\" alt=\"Bildergalerie: Die besten Flohm\u00e4rkte in D\u00fcsseldorf - Fotos vom Fischmarkt, Radschl\u00e4germarkt und Co.!\" loading=\"lazy\" width=\"940\" height=\"627\"\/><\/p>\n<p>                <\/a><\/p>\n<p>                            <img decoding=\"async\" loading=\"lazy\" width=\"940\" height=\"627\" src=\"https:\/\/www.europesays.com\/de\/wp-content\/uploads\/2025\/08\/Fischmarkt-1.-September-2024-Ben-Liebsch-16.jpg\" alt=\"\" itemprop=\"contentUrl\"\/><\/p>\n<p>                            D\u00fcsseldorfer lieben ihre Floh- und Tr\u00f6delm\u00e4rkte \u2013 so wie hier den Fischmarkt am Tonhallenufer bei sch\u00f6nstem Sonnenschein im Sommer!<\/p>\n<p>                            Foto: Tonight \/ Ben Liebsch<\/p>\n<p>                            <img decoding=\"async\" loading=\"lazy\" width=\"940\" height=\"752\" src=\"https:\/\/www.europesays.com\/de\/wp-content\/uploads\/2025\/08\/IMG_2011-scaled.jpg\" alt=\"\" itemprop=\"contentUrl\"\/><\/p>\n<p>                            Die D\u00fcsseldorfer B\u00fcchermeile lockt mehrmals im Jahr an die Rheinpromenade. Hier gibt es neue und alte B\u00fccher f\u00fcr wenig Geld zu ergattern.<\/p>\n<p>                            Foto: Tonight \/ M. Tempels<\/p>\n<p>                            <img decoding=\"async\" loading=\"lazy\" width=\"940\" height=\"705\" src=\"https:\/\/www.europesays.com\/de\/wp-content\/uploads\/2025\/08\/IMG_1431-1-scaled.jpg\" alt=\"\" itemprop=\"contentUrl\"\/><\/p>\n<p>                            Der beliebte Flohmarkt &#8222;Weiberkram&#8220; hat mittlerweile das Rheinriff (Areal B\u00f6hler) f\u00fcr sich in Beschlag genommen: Hier d\u00fcrfen M\u00e4dels mehrmals j\u00e4hrlich auf der Tr\u00f6delwelle reiten.<\/p>\n<p>                            Foto: Tonight \/ J. Former<\/p>\n<p>                            <img decoding=\"async\" loading=\"lazy\" width=\"940\" height=\"625\" src=\"https:\/\/www.europesays.com\/de\/wp-content\/uploads\/2025\/08\/imago246432905-scaled.jpg\" alt=\"\" itemprop=\"contentUrl\"\/><\/p>\n<p>                            Der Flohmarkt am Aachener Platz l\u00e4dt einmal w\u00f6chentlich am Samstag zum St\u00f6bern ein.<\/p>\n<p>                            Foto: IMAGO \/ Funke Foto Services<\/p>\n<p>                            <img decoding=\"async\" loading=\"lazy\" width=\"940\" height=\"627\" src=\"https:\/\/www.europesays.com\/de\/wp-content\/uploads\/2025\/08\/Fischmarkt-4.-August-2024-Ben-Liebsch-3.jpg\" alt=\"\" itemprop=\"contentUrl\"\/><\/p>\n<p>                            Der Fischmarkt am Tonhallenufer ist auch bei jungen Menschen sehr beliebt \u2013 und l\u00e4ngst zum festen Treffpunkt geworden.<\/p>\n<p>                            Foto: Tonight \/ Ben Liebsch<\/p>\n<p>                            <img decoding=\"async\" loading=\"lazy\" width=\"940\" height=\"625\" src=\"https:\/\/www.europesays.com\/de\/wp-content\/uploads\/2025\/08\/buecherbummel-duesseldorf-koenigsallee.jpg\" alt=\"B\u00fccherbummel D\u00fcsseldorf K\u00f6nigsallee\" itemprop=\"contentUrl\"\/><\/p>\n<p>                            Das Pendant zur B\u00fcchermeile am Rhein ist der B\u00fccherbummel auf der K\u00f6. Hier wird einmal im Jahr rund um den K\u00f6-Graben geschm\u00f6kert, gebl\u00e4ttert und gefeilscht.<\/p>\n<p>                            Foto: IMAGO \/ Funke Foto Services<\/p>\n<p>                            <img decoding=\"async\" loading=\"lazy\" width=\"633\" height=\"422\" src=\"https:\/\/www.europesays.com\/de\/wp-content\/uploads\/2025\/08\/image-7.png\" alt=\"\" itemprop=\"contentUrl\"\/><\/p>\n<p>                            Der Radschl\u00e4germarkt findet einmal monatlich auf dem Metro-Gel\u00e4nde in D\u00fcsseldorf statt. Einst war der unter jungen Leuten sehr beliebte Markt auf dem Gel\u00e4nde am Blumengro\u00dfmarkt zuhause.<\/p>\n<p>                            Foto: Andreas Endermann<\/p>\n<p>                            <img decoding=\"async\" loading=\"lazy\" width=\"940\" height=\"671\" src=\"https:\/\/www.europesays.com\/de\/wp-content\/uploads\/2025\/08\/duesseldorf-carlsplatz-blumen-27-maerz-2025-1-scaled.jpg\" alt=\"D\u00fcsseldorf Carlsplatz\" itemprop=\"contentUrl\"\/><\/p>\n<p>                            Kein Tr\u00f6delmarkt, aber dennoch ein \u00e4u\u00dferst beliebtes Shopping- und Gastro-Ziel inmitten der Stadt: der Carlsplatz.<\/p>\n<p>                            Foto: Tonight \/ M. Tempels<\/p>\n<p>                            <img decoding=\"async\" loading=\"lazy\" width=\"940\" height=\"627\" src=\"https:\/\/www.europesays.com\/de\/wp-content\/uploads\/2025\/08\/Fischmarkt-1.-September-2024-Ben-Liebsch-41.jpg\" alt=\"\" itemprop=\"contentUrl\"\/><\/p>\n<p>                            Ansto\u00dfen auf den D\u00fcsseldorfer Fischmarkt: Prost!<\/p>\n<p>                            Foto: Tonight \/ Ben Liebsch<\/p>\n<p>                            <img decoding=\"async\" loading=\"lazy\" width=\"940\" height=\"534\" src=\"https:\/\/www.europesays.com\/de\/wp-content\/uploads\/2025\/08\/2c4eadb7-65b8-464f-bd76-1d7e76f55b53.jpg\" alt=\"\" itemprop=\"contentUrl\"\/><\/p>\n<p>                            Die \u00dcberdachung sorgt f\u00fcr praktischen Schlechtwetter-Schutz: Hier wird auf dem Radschl\u00e4germarkt auf dem Metro-Gel\u00e4nde in D\u00fcsseldorf getr\u00f6delt.<\/p>\n<p>                            Foto: Veranstalter<\/p>\n<p>                            <img decoding=\"async\" loading=\"lazy\" width=\"940\" height=\"642\" src=\"https:\/\/www.europesays.com\/de\/wp-content\/uploads\/2025\/08\/flohmarkt-duesseldorf-scaled.jpg\" alt=\"Flohmarkt D\u00fcsseldorf\" itemprop=\"contentUrl\"\/><\/p>\n<p>                            Der gr\u00f6\u00dfte Flohmarkt der Stadt findet sich auf dem Messeparkplatz P1.<\/p>\n<p>                            Foto: Horst Ossinger \/ dpa<\/p>\n<p>                            <img decoding=\"async\" loading=\"lazy\" width=\"940\" height=\"627\" src=\"https:\/\/www.europesays.com\/de\/wp-content\/uploads\/2025\/08\/Fischmarkt-6.10.2024-Ben-Liebsch-15.jpg\" alt=\"\" itemprop=\"contentUrl\"\/><\/p>\n<p>                            Auf dem Fischmarkt l\u00e4sst sich die Sonne auch Ende Oktober, teilweise sogar noch im November genie\u00dfen. Von Dezember bis M\u00e4rz ist der Fischmarkt dann aber in Winterpause.<\/p>\n<p>                            Foto: Tonight \/ Ben Liebsch<\/p>\n<p>                            <img decoding=\"async\" loading=\"lazy\" width=\"940\" height=\"1253\" src=\"https:\/\/www.europesays.com\/de\/wp-content\/uploads\/2025\/08\/radschlaegermarkt-duesseldorf-metro.jpg\" alt=\"Radschl\u00e4germarkt D\u00fcsseldorf\" itemprop=\"contentUrl\"\/><\/p>\n<p>                            Auf dem Radschl\u00e4germarkt in D\u00fcsseldorf l\u00e4sst es sich herrlich flanieren und tr\u00f6deln.<\/p>\n<p>                            Foto: Radschl\u00e4germarkt<\/p>\n<p>                            <img decoding=\"async\" loading=\"lazy\" width=\"940\" height=\"705\" src=\"https:\/\/www.europesays.com\/de\/wp-content\/uploads\/2025\/08\/IMG_4531-scaled.jpg\" alt=\"\" itemprop=\"contentUrl\"\/><\/p>\n<p>                            Auf dem Radschl\u00e4germarkt an der Metro geht es auch k\u00fcnstlerisch her: An dieses Gem\u00e4lde von Pikachu konnten wir nicht einfach so dran vorbeigehen. S\u00fc\u00df!<\/p>\n<p>                            Foto: Tonight \/ K. Friebus<\/p>\n<p>                            <img decoding=\"async\" loading=\"lazy\" width=\"940\" height=\"705\" src=\"https:\/\/www.europesays.com\/de\/wp-content\/uploads\/2025\/08\/Fischmarkt_DUS.jpg\" alt=\"\" itemprop=\"contentUrl\"\/><\/p>\n<p>                            Der Fischmarkt zieht an den Sonntagen jede Menge Schaulustige und hungrige Besucher an.<\/p>\n<p>                            Foto: Agentur Rheinlust<\/p>\n<p>                            <img decoding=\"async\" loading=\"lazy\" width=\"940\" height=\"627\" src=\"https:\/\/www.europesays.com\/de\/wp-content\/uploads\/2025\/08\/duesseldorf-fischmarkt-finale-3-november-2024-aaaa43.jpg\" alt=\"\" itemprop=\"contentUrl\"\/><\/p>\n<p>                            Diese Besucher feiern den Fischmarkt in D\u00fcsseldorf.<\/p>\n<p>                            Foto: Tonight \/ Ben Liebsch<\/p>\n<p>                            <img decoding=\"async\" loading=\"lazy\" width=\"940\" height=\"671\" src=\"https:\/\/www.europesays.com\/de\/wp-content\/uploads\/2025\/08\/IMG_2251-1-scaled.jpg\" alt=\"\" itemprop=\"contentUrl\"\/><\/p>\n<p>                            Der Radschl\u00e4germarkt fand am 8. September 2024 zum letzten Mal am Gro\u00dfmarkt statt \u2013 seitdem findet dort ein neuer Flohmarkt statt.<\/p>\n<p>                            Foto: Tonight \/ M. Tempels<\/p>\n<p>                            <img decoding=\"async\" loading=\"lazy\" width=\"940\" height=\"627\" src=\"https:\/\/www.europesays.com\/de\/wp-content\/uploads\/2025\/08\/duesseldorf-fischmarkt-finale-3-november-2024-aaaa36.jpg\" alt=\"\" itemprop=\"contentUrl\"\/><\/p>\n<p>                            Weitere Eindr\u00fccke vom Fischmarkt in D\u00fcsseldorf.<\/p>\n<p>                            Foto: Tonight \/ Ben Liebsch<\/p>\n<p>                            <img decoding=\"async\" loading=\"lazy\" width=\"940\" height=\"627\" src=\"https:\/\/www.europesays.com\/de\/wp-content\/uploads\/2025\/08\/Fischmarkt-6.10.2024-Ben-Liebsch-44.jpg\" alt=\"\" itemprop=\"contentUrl\"\/><\/p>\n<p>                            Weitere Eindr\u00fccke vom Fischmarkt in D\u00fcsseldorf.<\/p>\n<p>                            Foto: Tonight \/ Ben Liebsch<\/p>\n<p>                            <img decoding=\"async\" loading=\"lazy\" width=\"940\" height=\"705\" src=\"https:\/\/www.europesays.com\/de\/wp-content\/uploads\/2025\/08\/metro-duesseldorf-radschlaegermarkt.jpg\" alt=\"Metro D\u00fcsseldorf Radschl\u00e4germarkt\" itemprop=\"contentUrl\"\/><\/p>\n<p>                            Der popul\u00e4re Radschl\u00e4germarkt ist nun auf dem Gel\u00e4nde der Metro in D\u00fcsseldorf zu finden.<\/p>\n<p>                            Foto: Radschl\u00e4germarkt<\/p>\n<p>                            <img decoding=\"async\" loading=\"lazy\" width=\"940\" height=\"627\" src=\"https:\/\/www.europesays.com\/de\/wp-content\/uploads\/2025\/08\/Fischmarkt-4.-August-2024-Ben-Liebsch-36.jpg\" alt=\"\" itemprop=\"contentUrl\"\/><\/p>\n<p>                            Weitere Eindr\u00fccke vom Fischmarkt in D\u00fcsseldorf.<\/p>\n<p>                            Foto: Tonight \/ Ben Liebsch<\/p>\n<p>                            <img decoding=\"async\" loading=\"lazy\" width=\"940\" height=\"705\" src=\"https:\/\/www.europesays.com\/de\/wp-content\/uploads\/2025\/08\/IMG_1393-scaled.jpg\" alt=\"\" itemprop=\"contentUrl\"\/><\/p>\n<p>                            Weitere Eindr\u00fccke von der B\u00fcchermeile am Rhein.<\/p>\n<p>                            Foto: B\u00fcchermeile D\u00fcsseldorf<\/p>\n<p>                            <img decoding=\"async\" loading=\"lazy\" width=\"940\" height=\"626\" src=\"https:\/\/www.europesays.com\/de\/wp-content\/uploads\/2025\/08\/fischmarkt-duesseldorf-rhein-biergarten.jpg\" alt=\"\" itemprop=\"contentUrl\"\/><\/p>\n<p>                            Weitere Eindr\u00fccke vom Fischmarkt in D\u00fcsseldorf.<\/p>\n<p>                            Foto: Tonight<\/p>\n<p>                            <img decoding=\"async\" loading=\"lazy\" width=\"940\" height=\"627\" src=\"https:\/\/www.europesays.com\/de\/wp-content\/uploads\/2025\/08\/Fischmarkt-6.10.2024-Ben-Liebsch-34.jpg\" alt=\"\" itemprop=\"contentUrl\"\/><\/p>\n<p>                            Weitere Eindr\u00fccke vom Fischmarkt in D\u00fcsseldorf.<\/p>\n<p>                            Foto: Tonight \/ Ben Liebsch<\/p>\n<p>                            <img decoding=\"async\" loading=\"lazy\" width=\"940\" height=\"627\" src=\"https:\/\/www.europesays.com\/de\/wp-content\/uploads\/2025\/08\/Fischmarkt-6.10.2024-Ben-Liebsch-30.jpg\" alt=\"\" itemprop=\"contentUrl\"\/><\/p>\n<p>                            Weitere Eindr\u00fccke vom Fischmarkt in D\u00fcsseldorf.<\/p>\n<p>                            Foto: Tonight \/ Ben Liebsch<\/p>\n<p>                            <img decoding=\"async\" loading=\"lazy\" width=\"940\" height=\"528\" src=\"https:\/\/www.europesays.com\/de\/wp-content\/uploads\/2025\/08\/wo-ist-der-fischmarkt-duesseldorf-und-koeln-hin-1005057-1.jpg\" alt=\"\" itemprop=\"contentUrl\"\/><\/p>\n<p>                            Weitere Eindr\u00fccke vom Fischmarkt in D\u00fcsseldorf.<\/p>\n<p>                            Foto: Tonight \/ Ben Liebsch<\/p>\n<p>                            <img decoding=\"async\" loading=\"lazy\" width=\"940\" height=\"705\" src=\"https:\/\/www.europesays.com\/de\/wp-content\/uploads\/2025\/08\/buechermeile-duesseldorf.jpg\" alt=\"B\u00fcchermeile D\u00fcsseldorf\" itemprop=\"contentUrl\"\/><\/p>\n<p>                            Weitere Eindr\u00fccke von der B\u00fcchermeile am Rhein.<\/p>\n<p>                            Foto: B\u00fcchermeile D\u00fcsseldorf<\/p>\n<p>                            <img decoding=\"async\" loading=\"lazy\" width=\"940\" height=\"627\" src=\"https:\/\/www.europesays.com\/de\/wp-content\/uploads\/2025\/08\/Fischmarkt-1.-September-2024-Ben-Liebsch-30.jpg\" alt=\"\" itemprop=\"contentUrl\"\/><\/p>\n<p>                            Weitere Eindr\u00fccke vom Fischmarkt in D\u00fcsseldorf.<\/p>\n<p>                            Foto: Tonight \/ Ben Liebsch<\/p>\n<p>                            <img decoding=\"async\" loading=\"lazy\" width=\"940\" height=\"627\" src=\"https:\/\/www.europesays.com\/de\/wp-content\/uploads\/2025\/08\/IMG_4011.jpg\" alt=\"\" itemprop=\"contentUrl\"\/><\/p>\n<p>                            Weitere Eindr\u00fccke vom Fischmarkt in D\u00fcsseldorf.<\/p>\n<p>                            Foto: Tonight \/ Ben Liebsch<\/p>\n<p>                            <img decoding=\"async\" loading=\"lazy\" width=\"940\" height=\"627\" src=\"https:\/\/www.europesays.com\/de\/wp-content\/uploads\/2025\/08\/fischmarkt-duesseldorf-tonhallenufer-sonntag-5-mai-2024-1225.jpg\" alt=\"\" itemprop=\"contentUrl\"\/><\/p>\n<p>                            Weitere Eindr\u00fccke vom Fischmarkt in D\u00fcsseldorf.<\/p>\n<p>                            Foto: Tonight \/ Ben Liebsch<\/p>\n<p>                            <img decoding=\"async\" loading=\"lazy\" width=\"940\" height=\"627\" src=\"https:\/\/www.europesays.com\/de\/wp-content\/uploads\/2025\/08\/fischmarkt-duesseldorf-tonhallenufer-sonntag-5-mai-2024-12.jpg\" alt=\"\" itemprop=\"contentUrl\"\/><\/p>\n<p>                            Weitere Eindr\u00fccke vom Fischmarkt in D\u00fcsseldorf.<\/p>\n<p>                            Foto: Tonight \/ Ben Liebsch<\/p>\n<p>                            <img decoding=\"async\" loading=\"lazy\" width=\"940\" height=\"627\" src=\"https:\/\/www.europesays.com\/de\/wp-content\/uploads\/2025\/08\/fischmarkt-duesseldorf-tonhallenufer-sonntag-5-mai-2024-25.jpg\" alt=\"\" itemprop=\"contentUrl\"\/><\/p>\n<p>                            Weitere Eindr\u00fccke vom Fischmarkt in D\u00fcsseldorf.<\/p>\n<p>                            Foto: Tonight \/ Ben Liebsch<\/p>\n<p>                            <img decoding=\"async\" loading=\"lazy\" width=\"940\" height=\"627\" src=\"https:\/\/www.europesays.com\/de\/wp-content\/uploads\/2025\/08\/Tonight_tonhallenufer-duesseldorf-fischmarkt-dusseldorf-1397767.jpg\" alt=\"Fischmarkt D\u00fcsseldorf\" itemprop=\"contentUrl\"\/><\/p>\n<p>                            Weitere Eindr\u00fccke vom Fischmarkt in D\u00fcsseldorf.<\/p>\n<p>                            Foto: Tonight \/ Ben Liebsch<\/p>\n<p>                            <img decoding=\"async\" loading=\"lazy\" width=\"940\" height=\"627\" src=\"https:\/\/www.europesays.com\/de\/wp-content\/uploads\/2025\/08\/Tonight_tonhallenufer-duesseldorf-fischmarkt-dusseldorf-1397711.jpg\" alt=\"Fischmarkt D\u00fcsseldorf\" itemprop=\"contentUrl\"\/><\/p>\n<p>                            Weitere Eindr\u00fccke vom Fischmarkt in D\u00fcsseldorf.<\/p>\n<p>                            Foto: Tonight \/ Ben Liebsch<\/p>\n<p>                            <img decoding=\"async\" loading=\"lazy\" width=\"940\" height=\"705\" src=\"https:\/\/www.europesays.com\/de\/wp-content\/uploads\/2025\/08\/IMG_6134.jpeg\" alt=\"B\u00fcchermeile D\u00fcsseldorf\" itemprop=\"contentUrl\"\/><\/p>\n<p>                            Weitere Eindr\u00fccke von der B\u00fcchermeile am Rhein.<\/p>\n<p>                            Foto: B\u00fcchermeile D\u00fcsseldorf<\/p>\n<p data-p-count=\"39\">Am Samstag d\u00fcrft ihr munter drauflos tr\u00f6deln: Die Flohm\u00e4rkte am Aachener Platz und am Sch\u00fctzenplatz in Benrath \u00f6ffnen ihre Pforten f\u00fcr ausgiebiges St\u00f6bern, Feilschen und <a href=\"https:\/\/www.tonight.de\/shopping\/verkaufsoffener-sonntag-nrw-2025-alle-termine-in-der-uebersicht_208775.html\" data-internallinksmanager029f6b8e52c=\"79\" title=\"Verkaufsoffener Sonntag NRW\" target=\"_blank\" rel=\"noopener\">Shoppen<\/a>. Dabei l\u00e4sst sich garantiert der ein oder andere Schnapper schlagen &#8211; und ein hei\u00dfer Snack oder eine Tasse Kaffee sind garantiert auch noch drin.<\/p>\n<p data-p-count=\"40\"><strong>Adressen:<\/strong> Tr\u00f6del- und Antikmarkt Aachener Platz, Ulenbergstra\u00dfe 10, 40223 D\u00fcsseldorf-Bilk<br \/>Tr\u00f6delmarkt Benrath, Sch\u00fctzenplatz, Bayreuther Stra\u00dfe 31, 40597 D\u00fcsseldorf-Benrath<\/p>\n<p>Tr\u00f6delspa\u00df: Hofflohm\u00e4rkte in Flingern<br \/>Samstag von 10 bis 16 Uhr<\/p>\n<p data-p-count=\"41\">Endlich ist es wieder soweit: Die Hofflohmarkt-Saison ist er\u00f6ffnet! Mit dem Kick-off am Samstag in Flingern d\u00fcrft ihr endlich wieder durch die mal h\u00fcbschen, mal kuriosen Hinterh\u00f6fe der Stadt tr\u00f6deln und das ein oder andere Sammlerst\u00fcck zum \u201eDas letzte Preis?\u201c mitnehmen. Im Gegensatz zu den gro\u00dfen Flohm\u00e4rkten der Stadt ist die Atmosph\u00e4re hier meist um einiges intimer und pers\u00f6nlicher &#8211; ein herrliches Event, welches sich l\u00e4ngst in die Herzen der Flohmarkt-Fans getr\u00f6delt hat.<\/p>\n<p data-p-count=\"42\">Wo genau getr\u00f6delt wird und welche Adressen mitmachen, zeigt euch die aktuelle Grafik auf <a href=\"https:\/\/www.hofflohmaerkte.de\/pages\/hofflohmarkte-dusseldorf\" target=\"_blank\" rel=\"false noopener\">hofflohmaerkte.de<\/a>.<\/p>\n<p data-p-count=\"43\"><strong>Hofflohm\u00e4rkte 2025 in D\u00fcsseldorf:<\/strong><a href=\"https:\/\/www.tonight.de\/duesseldorf\/flohmarkt-in-duesseldorf-hofflohmaerkte-troedelmarkt-garage-sale-termine-infos-anmeldung-tipps_287025.html\" target=\"_blank\" rel=\"false noopener\">Die n\u00e4chsten Termine und alle Infos verraten wir euch hier!<\/a><\/p>\n<p>Chance Festival im Hofgarten<br \/>Samstag ab 14 Uhr<\/p>\n<p><a href=\"https:\/\/www.tonight.de\/media\/2024\/07\/Chance-Festival.jpg\" target=\"_blank\" rel=\"noopener\"><img loading=\"lazy\" decoding=\"async\" aria-describedby=\"caption-attachment-362613\" class=\"wp-image-362613 size-large\" src=\"https:\/\/www.europesays.com\/de\/wp-content\/uploads\/2025\/08\/Chance-Festival-940x627.jpg\" alt=\"\" width=\"940\" height=\"627\" data-wp-pid=\"362613\"\/><\/a><\/p>\n<p id=\"caption-attachment-362613\" class=\"wp-caption-text\">Auch in diesem Jahr findet das Chance Festival in D\u00fcsseldorf statt. Foto: Chance Festival \/ PUBLIC TUNE PR<\/p>\n<p data-p-count=\"44\">Am Samstag, verwandeln sich der D\u00fcsseldorfer Hofgarten und das Theatermuseum erneut in ein Zentrum franz\u00f6sischer Kultur: Bereits zum f\u00fcnften Mal erwartet euch beim Chance Festival ein Mix aus franz\u00f6sischen Musikern, die die B\u00fchne mit Pop, Rap und Elektro zum Beben bringen. Neu sind sportliche Aktivit\u00e4ten wie Rugby und Yoga. Nat\u00fcrlich kommt auch das leibliche Wohl nicht zu kurz: Es gibt franz\u00f6sische Snacks und Drinks. Der Eintritt ist frei.<\/p>\n<p data-p-count=\"45\"><strong>Weiterlesen<\/strong>:<a href=\"https:\/\/www.tonight.de\/events\/duesseldorf-vive-la-popkultur-open-air-chance-festival-2025-im-hofgarten_362612.html\" target=\"_blank\" rel=\"noopener\"> \u201eVive la Popkultur!\u201c &#8211; Euer Guide zum Chance Festival 2025 im D\u00fcsseldorfer Hofgarten<\/a><\/p>\n<p data-p-count=\"46\"><strong>Adresse<\/strong>: Hofgartenb\u00fchne sowie Theatermuseum D\u00fcsseldorf, J\u00e4gerhofstra\u00dfe 26 bzw. 1, 40479 D\u00fcsseldorf<\/p>\n<p>B\u00fcdchentag in ganz D\u00fcsseldorf<br \/>Samstag von 14 bis 22 Uhr, Afterpartys ab 22 Uhr<\/p>\n<p>  <img decoding=\"async\" class=\"_brlbs-thumbnail\" src=\"https:\/\/www.europesays.com\/de\/wp-content\/uploads\/2025\/08\/1756364186_18_cb-instagram.png\" alt=\"Instagram\"\/>   <\/p>\n<p data-p-count=\"54\">Nach seiner Premiere im Vorjahr geht das Erftplatzfest 2025 in seine zweite Runde: Der kleine und lauschige Platz inmitten vom Medienhafen, direkt am Eigelstein und nur wenige Schritte vom Zollhof entfernt, lockt am Samstag mit Musik, kreativen Aktionen, Streetfood und einer geh\u00f6rigen Portion Nachbarschaftsgef\u00fchl. Die Amun\u00ec Wine &amp; K\u00e4sebar verspricht zus\u00e4tzlich noch Vini italiani, Arancini und Cannoli &#8211; das wird herrlich!<\/p>\n<p data-p-count=\"55\"><strong>Adresse:<\/strong> Erftplatz, D\u00fcsseldorf<\/p>\n<p>Merkur Spiel-Arena: Fortuna D\u00fcsseldorf gegen den KSC<br \/>Samstag ab 20.30 Uhr<\/p>\n<p data-p-count=\"56\">Fortuna-Fans freuen sich auf das n\u00e4chste Heimspiel ihrer Mannschaft in der Merkur Spiel-Arena: Am Samstag m\u00fcssen die Jungs gegen die ausgefuchsten \u201eEurofighter\u201c ran! Anpfiff ist um 20.30 Uhr. Wer unsere Jungs vor Ort nicht anfeuern kann, der schaut am besten in der Altstadt vorbei: \u00dcbertragen wird das Spiel in zahlreichen Kneipen und Bars, darunter zum Beispiel in der Retemat\u00e4ng Bar auf der Ratinger Stra\u00dfe.<\/p>\n<p data-p-count=\"57\"><strong>Die n\u00e4chsten Heimspiele der Fortuna:<\/strong><\/p>\n<ul>\n<li>21. September 2025, ab 13.30 Uhr: Fortuna D\u00fcsseldorf \u2013 Darmstadt 98<\/li>\n<li>4. Oktober 2025: Fortuna D\u00fcsseldorf \u2013 FCN<\/li>\n<li>18. Oktober 2025: Fortuna D\u00fcsseldorf \u2013 BTSV<\/li>\n<\/ul>\n<p data-p-count=\"58\"><strong>Adresse:<\/strong> Merkur Spiel-Arena D\u00fcsseldorf, Arena Stra\u00dfe 1, 40474 D\u00fcsseldorf<\/p>\n<p>Ihr sucht Ausflugstipps abseits von D\u00fcsseldorf? Dann schaut mal hier rein!<\/p>\n<p>Wochenende in D\u00fcsseldorf: Die Highlights am Sonntag, 31. August 2025<br \/>\nParty-Tipp am Sonntag: \u201eODEZZA\u201c feiert auf der Rheinterrasse<br \/>Sonntag von 14 bis 22 Uhr<\/p>\n<p><img loading=\"lazy\" decoding=\"async\" aria-describedby=\"caption-attachment-403690\" class=\"wp-image-403690 size-large\" src=\"https:\/\/www.europesays.com\/de\/wp-content\/uploads\/2025\/08\/1Odezza-Rheinterrasse-Ben-Liebsch-15.6.2025-940x627.jpg\" alt=\"\" width=\"940\" height=\"627\" data-wp-pid=\"403690\"\/><\/p>\n<p id=\"caption-attachment-403690\" class=\"wp-caption-text\">So feierte die \u201eODEZZA\u201c 2025 auf der Rheinterrasse.<br \/>Foto: Tonight \/ Ben Liebsch<\/p>\n<p data-p-count=\"59\">Erst k\u00fcrzlich hinterlie\u00df die \u201eODEZZA\u201c auf dem Gourmet Festival und im nahegelegenen Ruby Luna Hotel <a href=\"https:\/\/www.tonight.de\/fotogalerie\/duesseldorf-odezza-im-ruby-luna-hotel-so-war-die-afterparty-zum-gourmet-festival-23-august-2025-alle-fotos\" target=\"_blank\" rel=\"false noopener\">einen bleibenden Eindruck<\/a>, jetzt wird gleich munter weitergefeiert: Diesmal geht es auf die Rheinterrasse &#8211; wohlgemerkt bereits zum zweiten Mal in diesem Jahr. Der Eintritt kostet euch 25 Euro, <a href=\"https:\/\/www.odezza-event.de\/tickets\/events\/odezza-goes-rheinterrasse-31-08-2025\/\" target=\"_blank\" rel=\"nofollow noopener\">Tickets gibt es hier!<\/a><\/p>\n<p data-p-count=\"60\"><strong>Adresse:<\/strong> Rheinterrasse, Joseph-Beuys-Ufer 33, 40479 D\u00fcsseldorf<\/p>\n","protected":false},"excerpt":{"rendered":"D\u00fcsseldorf \u00fcberrascht an jedem Wochenende mit einer Vielzahl unterschiedlicher Veranstaltungen. Da ist f\u00fcr jeden Geschmack etwas dabei: In&hellip;\n","protected":false},"author":2,"featured_media":379108,"comment_status":"","ping_status":"","sticky":false,"template":"","format":"standard","meta":{"footnotes":""},"categories":[1831],"tags":[3364,29,3892,3405,30,1209],"class_list":{"0":"post-379107","1":"post","2":"type-post","3":"status-publish","4":"format-standard","5":"has-post-thumbnail","7":"category-duesseldorf","8":"tag-de","9":"tag-deutschland","10":"tag-duesseldorftonight","11":"tag-duesseldorf","12":"tag-germany","13":"tag-nordrhein-westfalen"},"share_on_mastodon":{"url":"https:\/\/pubeurope.com\/@de\/115105101660679946","error":""},"_links":{"self":[{"href":"https:\/\/www.europesays.com\/de\/wp-json\/wp\/v2\/posts\/379107","targetHints":{"allow":["GET"]}}],"collection":[{"href":"https:\/\/www.europesays.com\/de\/wp-json\/wp\/v2\/posts"}],"about":[{"href":"https:\/\/www.europesays.com\/de\/wp-json\/wp\/v2\/types\/post"}],"author":[{"embeddable":true,"href":"https:\/\/www.europesays.com\/de\/wp-json\/wp\/v2\/users\/2"}],"replies":[{"embeddable":true,"href":"https:\/\/www.europesays.com\/de\/wp-json\/wp\/v2\/comments?post=379107"}],"version-history":[{"count":0,"href":"https:\/\/www.europesays.com\/de\/wp-json\/wp\/v2\/posts\/379107\/revisions"}],"wp:featuredmedia":[{"embeddable":true,"href":"https:\/\/www.europesays.com\/de\/wp-json\/wp\/v2\/media\/379108"}],"wp:attachment":[{"href":"https:\/\/www.europesays.com\/de\/wp-json\/wp\/v2\/media?parent=379107"}],"wp:term":[{"taxonomy":"category","embeddable":true,"href":"https:\/\/www.europesays.com\/de\/wp-json\/wp\/v2\/categories?post=379107"},{"taxonomy":"post_tag","embeddable":true,"href":"https:\/\/www.europesays.com\/de\/wp-json\/wp\/v2\/tags?post=379107"}],"curies":[{"name":"wp","href":"https:\/\/api.w.org\/{rel}","templated":true}]}}