{"id":379171,"date":"2025-08-28T07:32:17","date_gmt":"2025-08-28T07:32:17","guid":{"rendered":"https:\/\/www.europesays.com\/de\/379171\/"},"modified":"2025-08-28T07:32:17","modified_gmt":"2025-08-28T07:32:17","slug":"abor-tynna-mit-konzert-in-der-stadthalle-tickets-ab-jetzt","status":"publish","type":"post","link":"https:\/\/www.europesays.com\/de\/379171\/","title":{"rendered":"Abor &#038; Tynna mit Konzert in der Stadthalle \u2013 Tickets ab jetzt"},"content":{"rendered":"<p>Ticketverkauf l\u00e4uft <\/p>\n<p>ESC-Stars geben Konzert in Braunschweig<\/p>\n<p>28.08.2025 &#8211; 07:41 UhrLesedauer: 1 Min.<\/p>\n<p><a href=\"#focus-0\" class=\"transition-colors duration-200 focus-within:text-magenta block text-current relative\" data-sctrack=\"FocusGalleryImage.Reference\"><img fetchpriority=\"high\" data-testid=\"Opener.Image\" style=\"--lqipURL:url('https:\/\/images.t-online.de\/2025\/08\/CXw7AjEpDfHp\/405x68:3455x1944\/fit-in\/150x0\/filters:blur(25)\/may-15-2025-basel-switzerland-abor-tynna-of-germany-performs-at-the-live-2nd-semi-final-of-the-69th-eurovision-song-contest-held-at-st-jakobshalle-on-may-13-2025-in-basel-switzerland-basel-switzerland-zumar123-20250515-zap-r123-097-copyright-xbadenxrothx.jpg')\"   loading=\"eager\" src=\"https:\/\/www.europesays.com\/de\/wp-content\/uploads\/2025\/08\/may-15-2025-basel-switzerland-abor-tynna-of-germany-performs-at-the-live-2nd-semi-final-of-the-69th-.jpeg\" alt=\"imago images 0818678331\" title=\"imago images 0818678331\" width=\"3455\" height=\"1944\" class=\"bg-[url:var(--lqipURL)] bg-cover bg-center flex h-full w-full max-w-full\" decoding=\"async\"\/><img style=\"--width:32;--height:32\" loading=\"lazy\" src=\"https:\/\/www.t-online.de\/s\/paper\/_next\/static\/media\/zoom-in.f7dae02f.svg\" alt=\"Vergr\u00f6\u00dfern des Bildes\" title=\"Vergr\u00f6\u00dfern des Bildes\" class=\"block h-[calc(var(--height)_\/_16_*_1rem)] w-[calc(var(--width)_\/_16_*_1rem)] max-w-none absolute bottom-8 right-8 rounded-4 bg-snow p-8\" decoding=\"async\"\/><\/a><\/p>\n<p>Abor &amp; Tynna auf der B\u00fchne: Deutschlands ESC-Teilnehmer kommen erneut nach Braunschweig (Quelle: IMAGO\/Baden Roth\/imago)<\/p>\n<p class=\"font-bold text-18 leading-17\">Bevor ihre Europatour startet, kommen Abor &amp; Tynna f\u00fcr eine Pop-Up-Show nach Braunschweig. Die Tickets sind streng limitiert.<\/p>\n<p class=\"text-18 leading-17\">Der n\u00e4chste Coup f\u00fcr <a class=\"transition-colors duration-200 cursor-pointer text-inherit no-underline text-salemsfur md:hover:text-magenta md:hover:border-magenta md:focus:text-magenta border-current border-b border-solid break-words\" href=\"https:\/\/www.t-online.de\/themen\/braunschweig\/\" data-sctrack=\"BodyAnchor\" rel=\"nofollow noopener\" target=\"_blank\">Braunschweig<\/a>: Die Wiener ESC-Stars Abor &amp; Tynna spielen am Samstag, 27. September 2025, eine exklusive Pop-Up-Show in der Stadthalle. Die Geschwister treten damit bei &#8222;Underconstruction: Section No. 4&#8220; auf \u2013 und zwar im Mittelfoyer direkt vor dem Gro\u00dfen Saal.<\/p>\n<p class=\"text-18 leading-17\">Einen Tag vor ihrem offiziellen Tourneestart in der Frankfurter Batschkapp geben Abor &amp; Tynna damit ein besonderes Gastspiel in Braunschweig. Mit Songs wie &#8222;Baller&#8220;, &#8222;Rotk\u00e4ppchen&#8220; oder &#8222;Parallele Linien&#8220; haben sie sich in den internationalen Charts etabliert, touren durch sechs L\u00e4nder und spielen ausverkaufte Shows.<\/p>\n<p class=\"text-18 leading-17\">Hannes Schulte, Projektleiter von Veranstalter Undercover, freut sich \u00fcber die prominenten G\u00e4ste, die bereits im April ihr letztes Konzert vor dem <a class=\"transition-colors duration-200 cursor-pointer text-inherit no-underline text-salemsfur md:hover:text-magenta md:hover:border-magenta md:focus:text-magenta border-current border-b border-solid break-words\" href=\"https:\/\/www.t-online.de\/themen\/eurovision-song-contest\/\" data-sctrack=\"BodyAnchor\" rel=\"nofollow noopener\" target=\"_blank\">Eurovision Song Contest<\/a> 2025 in Braunschweig gaben: &#8222;Wir haben Abor &amp; Tynna im TV vor einem Millionenpublikum gesehen, beim Finale von Pop Meets Classic live in der ausverkauften <a class=\"transition-colors duration-200 cursor-pointer text-inherit no-underline text-salemsfur md:hover:text-magenta md:hover:border-magenta md:focus:text-magenta border-current border-b border-solid break-words\" href=\"https:\/\/www.t-online.de\/themen\/volkswagen\/\" data-sctrack=\"BodyAnchor\" rel=\"nofollow noopener\" target=\"_blank\">Volkswagen<\/a> Halle \u2013 und sind m\u00e4chtig stolz, sie jetzt in unserem Baustellen-Setting zu pr\u00e4sentieren, das intimer nicht sein k\u00f6nnte&#8220;, so Schulte.<\/p>\n<p class=\"text-18 leading-17\">Das Konzept &#8222;Underconstruction&#8220; brachte in der j\u00fcngsten Vergangenheit weitere namhafte K\u00fcnstler in die sich im Umbau befindliche Stadthalle. So waren etwa Zartmann oder PA69 in der L\u00f6wenstadt zu Besuch. Nun folgt mit Abor &amp; Tynna ein weiterer international erfolgreicher Act. Beim ESC 2025 erreichten sie f\u00fcr Deutschland den 15. Platz.<\/p>\n<p class=\"text-18 leading-17\">Der Vorverkauf f\u00fcr das Konzert startete bereits am Mittwoch, 27. August. Karten gibt es im Ticketshop von Undercover (undercover.de). Die Pl\u00e4tze sind streng limitiert.<\/p>\n","protected":false},"excerpt":{"rendered":"Ticketverkauf l\u00e4uft ESC-Stars geben Konzert in Braunschweig 28.08.2025 &#8211; 07:41 UhrLesedauer: 1 Min. Abor &amp; Tynna auf der&hellip;\n","protected":false},"author":2,"featured_media":379172,"comment_status":"","ping_status":"","sticky":false,"template":"","format":"standard","meta":{"footnotes":""},"categories":[1850],"tags":[522,44051,6429,3364,29,548,663,27639,3934,30,102664,13,11247,14,15,1411,12,9645,22208],"class_list":{"0":"post-379171","1":"post","2":"type-post","3":"status-publish","4":"format-standard","5":"has-post-thumbnail","7":"category-braunschweig","8":"tag-522","9":"tag-abor-tynna","10":"tag-braunschweig","11":"tag-de","12":"tag-deutschland","13":"tag-eu","14":"tag-europa","15":"tag-europatour","16":"tag-europe","17":"tag-germany","18":"tag-hannes-schulte","19":"tag-headlines","20":"tag-konzertankuendigung","21":"tag-nachrichten","22":"tag-news","23":"tag-niedersachsen","24":"tag-schlagzeilen","25":"tag-stadthalle","26":"tag-ticketverkauf"},"share_on_mastodon":{"url":"https:\/\/pubeurope.com\/@de\/115105231779992699","error":""},"_links":{"self":[{"href":"https:\/\/www.europesays.com\/de\/wp-json\/wp\/v2\/posts\/379171","targetHints":{"allow":["GET"]}}],"collection":[{"href":"https:\/\/www.europesays.com\/de\/wp-json\/wp\/v2\/posts"}],"about":[{"href":"https:\/\/www.europesays.com\/de\/wp-json\/wp\/v2\/types\/post"}],"author":[{"embeddable":true,"href":"https:\/\/www.europesays.com\/de\/wp-json\/wp\/v2\/users\/2"}],"replies":[{"embeddable":true,"href":"https:\/\/www.europesays.com\/de\/wp-json\/wp\/v2\/comments?post=379171"}],"version-history":[{"count":0,"href":"https:\/\/www.europesays.com\/de\/wp-json\/wp\/v2\/posts\/379171\/revisions"}],"wp:featuredmedia":[{"embeddable":true,"href":"https:\/\/www.europesays.com\/de\/wp-json\/wp\/v2\/media\/379172"}],"wp:attachment":[{"href":"https:\/\/www.europesays.com\/de\/wp-json\/wp\/v2\/media?parent=379171"}],"wp:term":[{"taxonomy":"category","embeddable":true,"href":"https:\/\/www.europesays.com\/de\/wp-json\/wp\/v2\/categories?post=379171"},{"taxonomy":"post_tag","embeddable":true,"href":"https:\/\/www.europesays.com\/de\/wp-json\/wp\/v2\/tags?post=379171"}],"curies":[{"name":"wp","href":"https:\/\/api.w.org\/{rel}","templated":true}]}}