{"id":379177,"date":"2025-08-28T07:35:10","date_gmt":"2025-08-28T07:35:10","guid":{"rendered":"https:\/\/www.europesays.com\/de\/379177\/"},"modified":"2025-08-28T07:35:10","modified_gmt":"2025-08-28T07:35:10","slug":"pol-ppmz-mainz-polizei-ermittelt-feuerwerk-vor-mannschaftshotel-gezuendet","status":"publish","type":"post","link":"https:\/\/www.europesays.com\/de\/379177\/","title":{"rendered":"POL-PPMZ: Mainz &#8211; Polizei ermittelt: Feuerwerk vor Mannschaftshotel gez\u00fcndet"},"content":{"rendered":"<p class=\"date\">28.08.2025 \u2013 09:15<\/p>\n<p class=\"customer\">\n                        <a class=\"story-customer\" title=\"weiter zum newsroom von Polizeipr\u00e4sidium Mainz\" href=\"https:\/\/www.presseportal.de\/blaulicht\/nr\/117708\" rel=\"nofollow noopener\" target=\"_blank\">Polizeipr\u00e4sidium Mainz<\/a>\n                    <\/p>\n<p><a data-category=\"citylink-story-view\" data-action=\"click\" data-label=\"Citylink in Meldungsansicht\" class=\"story-city event-trigger\" href=\"https:\/\/www.presseportal.de\/regional\/Mainz\" title=\"News aus Mainz \" rel=\"nofollow noopener\" target=\"_blank\">Mainz<\/a> (ots)<\/p>\n<p>Vermummte T\u00e4ter haben in der Nacht auf Donnerstag Feuerwerk vor dem Hotel des Rosenborg Trondheim, Gastverein bei Mainz 05 am heutigen Abend im Rahmen der UEAF Conference League, gez\u00fcndet und damit die Nachtruhe aller G\u00e4ste und Anwohner erheblich gest\u00f6rt.<\/p>\n<p>Gegen 3 Uhr nachts werden G\u00e4ste des Hilton-Hotels am Rheinufer, sowie Anwohner auf beiden Rheinseiten durch Explosionen von B\u00f6llern und Raketen geweckt. Angestellte erkennen mehrere vermummte Personen auf der Rheinpromenade beim Z\u00fcnden von Feuerwerksk\u00f6rpern. Die Personen waren alle schwarz gekleidet und hatten rote T\u00fccher oder \u00e4hnliches vor dem Gesicht.<\/p>\n<p>Beim Eintreffen der Polizei kann diese nur noch die leeren B\u00f6llerh\u00fcllen am Boden liegend erkennen.<\/p>\n<p>Die Ermittlungen wegen des Versto\u00dfes gegen das Sprengstoffgesetz werden durch die Polizei Mainz gef\u00fchrt. Dar\u00fcber hinaus steht die Polizei Mainz in Kontakt mit Offiziellen der UEFA und der Vereine.<\/p>\n<p class=\"contact-headline\">R\u00fcckfragen bitte an:<\/p>\n<p class=\"contact-text\">Polizeipr\u00e4sidium Mainz<br \/>Pressestelle<\/p>\n<p>Telefon: 06131 \/ 65-30022<\/p>\n<p>E-Mail: <a href=\"https:\/\/www.presseportal.de\/blaulicht\/pm\/117708\/mailto: ppmainz.presse@polizei.rlp.de\" class=\"uri-mailto\" rel=\"nofollow noopener\" target=\"_blank\"> ppmainz.presse@polizei.rlp.de<\/a><br \/><a target=\"_blank\" class=\"uri-ext outbound\" rel=\"noopener nofollow\" href=\"https:\/\/www.polizei.rlp.de\/pp.mainz\">www.polizei.rlp.de\/pp.mainz<\/a><\/p>\n<p class=\"originator\">Original-Content von: Polizeipr\u00e4sidium Mainz, \u00fcbermittelt durch news aktuell<\/p>\n","protected":false},"excerpt":{"rendered":"28.08.2025 \u2013 09:15 Polizeipr\u00e4sidium Mainz Mainz (ots) Vermummte T\u00e4ter haben in der Nacht auf Donnerstag Feuerwerk vor dem&hellip;\n","protected":false},"author":2,"featured_media":320445,"comment_status":"","ping_status":"","sticky":false,"template":"","format":"standard","meta":{"footnotes":""},"categories":[1847],"tags":[3364,29,548,663,3934,30,13,2052,177,14,15,121,178,180,179,181,17273,12,4544],"class_list":{"0":"post-379177","1":"post","2":"type-post","3":"status-publish","4":"format-standard","5":"has-post-thumbnail","7":"category-wiesbaden","8":"tag-de","9":"tag-deutschland","10":"tag-eu","11":"tag-europa","12":"tag-europe","13":"tag-germany","14":"tag-headlines","15":"tag-hessen","16":"tag-kriminalitt","17":"tag-nachrichten","18":"tag-news","19":"tag-polizei","20":"tag-presse","21":"tag-pressemeldung","22":"tag-pressemitteilung","23":"tag-pressemitteilungen","24":"tag-rp","25":"tag-schlagzeilen","26":"tag-wiesbaden"},"share_on_mastodon":{"url":"https:\/\/pubeurope.com\/@de\/115105243050997220","error":""},"_links":{"self":[{"href":"https:\/\/www.europesays.com\/de\/wp-json\/wp\/v2\/posts\/379177","targetHints":{"allow":["GET"]}}],"collection":[{"href":"https:\/\/www.europesays.com\/de\/wp-json\/wp\/v2\/posts"}],"about":[{"href":"https:\/\/www.europesays.com\/de\/wp-json\/wp\/v2\/types\/post"}],"author":[{"embeddable":true,"href":"https:\/\/www.europesays.com\/de\/wp-json\/wp\/v2\/users\/2"}],"replies":[{"embeddable":true,"href":"https:\/\/www.europesays.com\/de\/wp-json\/wp\/v2\/comments?post=379177"}],"version-history":[{"count":0,"href":"https:\/\/www.europesays.com\/de\/wp-json\/wp\/v2\/posts\/379177\/revisions"}],"wp:featuredmedia":[{"embeddable":true,"href":"https:\/\/www.europesays.com\/de\/wp-json\/wp\/v2\/media\/320445"}],"wp:attachment":[{"href":"https:\/\/www.europesays.com\/de\/wp-json\/wp\/v2\/media?parent=379177"}],"wp:term":[{"taxonomy":"category","embeddable":true,"href":"https:\/\/www.europesays.com\/de\/wp-json\/wp\/v2\/categories?post=379177"},{"taxonomy":"post_tag","embeddable":true,"href":"https:\/\/www.europesays.com\/de\/wp-json\/wp\/v2\/tags?post=379177"}],"curies":[{"name":"wp","href":"https:\/\/api.w.org\/{rel}","templated":true}]}}