{"id":379297,"date":"2025-08-28T08:42:13","date_gmt":"2025-08-28T08:42:13","guid":{"rendered":"https:\/\/www.europesays.com\/de\/379297\/"},"modified":"2025-08-28T08:42:13","modified_gmt":"2025-08-28T08:42:13","slug":"noch-sechs-abgaenge-bei-bayer","status":"publish","type":"post","link":"https:\/\/www.europesays.com\/de\/379297\/","title":{"rendered":"Noch sechs Abg\u00e4nge bei Bayer?"},"content":{"rendered":"<p>Bayer <a href=\"https:\/\/www.fussballtransfers.com\/verein\/bayer-04-leverkusen\/\" rel=\"nofollow noopener\" target=\"_blank\">Leverkusen<\/a> macht einen beispiellosen Transfersommer durch. Doch der Umbruch ist l\u00e4ngst nicht abgeschlossen. Einige Tage vor Schlie\u00dfung des Wechselfensters bahnen sich noch einige Deals an.<\/p>\n<p>            Unter der Anzeige geht&#8217;s weiter<\/p>\n<p>Abwehrspieler <a href=\"https:\/\/www.fussballtransfers.com\/spieler\/piero-martin-hincapie-reyna\/\" rel=\"nofollow noopener\" target=\"_blank\">Piero Hincapi\u00e9<\/a> (23) wird intensiv vom <a href=\"https:\/\/www.fussballtransfers.com\/verein\/fc-arsenal\/\" rel=\"nofollow noopener\" target=\"_blank\">FC Arsenal<\/a> gejagt und will auch gerne auf die Insel wechseln. Gefeilscht wird um die Abl\u00f6semodalit\u00e4ten, da die Gunners die per Ausstiegsklausel festgeschriebene Summe in H\u00f6he von 60 Millionen Euro nicht in diesem Sommer bezahlen m\u00f6chten, sondern gerne eine Leihe samt Kaufpflicht aushandeln w\u00fcrden. <\/p>\n<p>Zudem darf Rechtsverteidiger <a href=\"https:\/\/www.fussballtransfers.com\/spieler\/arthur-augusto-de-matos-soares\/\" rel=\"nofollow noopener\" target=\"_blank\">Arthur<\/a> (22) den Werksklub nach der Verpflichtung des abl\u00f6sefreien Lucas V\u00e1zquez (34) verlassen. Interesse bekundet allen voran der <a href=\"https:\/\/www.fussballtransfers.com\/verein\/paris-fc\/\" rel=\"nofollow noopener\" target=\"_blank\">Paris FC<\/a>. <\/p>\n<p>            Unter der Anzeige geht&#8217;s weiter<\/p>\n<p>        Double-Kader zerf\u00e4llt<\/p>\n<p>Von einem potenziellen Neuzugang k\u00f6nnte auch <a href=\"https:\/\/www.fussballtransfers.com\/spieler\/jonas-hofmann-1\/\" rel=\"nofollow noopener\" target=\"_blank\">Jonas Hofmann<\/a> (33) seine Zukunft abh\u00e4ngig machen. Der \u201akicker\u2018 geht davon aus, dass ein Abgang des Offensivspielers nicht ausgeschlossen werden kann, sollte der angestrebte Transfer von Eliesse Ben Seghir (20\/AS Monaco) \u00fcber die B\u00fchne gehen. <\/p>\n<p>Zu den Abgangskandidaten geh\u00f6ren dar\u00fcber hinaus St\u00fcrmer <a href=\"https:\/\/www.fussballtransfers.com\/spieler\/victor-okoh-boniface\/\" rel=\"nofollow noopener\" target=\"_blank\">Victor Boniface<\/a> (24) und Mittelfeldspieler <a href=\"https:\/\/www.fussballtransfers.com\/spieler\/aleix-garcia-serrano\/\" rel=\"nofollow noopener\" target=\"_blank\">Aleix Garc\u00eda<\/a> (28). Erstgenannter stand zwischenzeitlich schon kurz vor einer Leihe zum AC Mailand und zieht laut dem \u201akicker\u2018 nun die Aufmerksamkeit von Vereinen aus den Golfstaaten auf sich. Als potenzieller Ersatz f\u00fcr den von <a href=\"https:\/\/www.fussballtransfers.com\/verein\/west-ham-united\/\" rel=\"nofollow noopener\" target=\"_blank\">West Ham United<\/a> umgarnten Garc\u00eda wurde bereits Quinten Timber (24\/Feyenoord Rotterdam) <a href=\"https:\/\/www.fussballtransfers.com\/a6439742661062134226-angebot-eingereicht-bayer-arbeitet-an-timber-transfer\" class=\"textBlue\" rel=\"nofollow noopener\" target=\"_blank\">auserkoren<\/a>. <\/p>\n<p>            Unter der Anzeige geht&#8217;s weiter<\/p>\n<p>Schlie\u00dflich sucht der Vizemeister weiterhin nach einem Leihverein f\u00fcr den erst in diesem Sommer von Manchester City f\u00fcr 1,3 Millionen Euro verpflichteten <a href=\"https:\/\/www.fussballtransfers.com\/spieler\/farid-alfa-ruprecht\/\" rel=\"nofollow noopener\" target=\"_blank\">Farid Alfa-Ruprecht<\/a> (19). Der Fl\u00fcgelflitzer soll zwecks Spielpraxis andernorts untergebracht werden. <\/p>\n","protected":false},"excerpt":{"rendered":"Bayer Leverkusen macht einen beispiellosen Transfersommer durch. Doch der Umbruch ist l\u00e4ngst nicht abgeschlossen. Einige Tage vor Schlie\u00dfung&hellip;\n","protected":false},"author":2,"featured_media":379298,"comment_status":"","ping_status":"","sticky":false,"template":"","format":"standard","meta":{"footnotes":""},"categories":[136],"tags":[29,30,265],"class_list":{"0":"post-379297","1":"post","2":"type-post","3":"status-publish","4":"format-standard","5":"has-post-thumbnail","7":"category-sport","8":"tag-deutschland","9":"tag-germany","10":"tag-sport"},"share_on_mastodon":{"url":"https:\/\/pubeurope.com\/@de\/115105506544203411","error":""},"_links":{"self":[{"href":"https:\/\/www.europesays.com\/de\/wp-json\/wp\/v2\/posts\/379297","targetHints":{"allow":["GET"]}}],"collection":[{"href":"https:\/\/www.europesays.com\/de\/wp-json\/wp\/v2\/posts"}],"about":[{"href":"https:\/\/www.europesays.com\/de\/wp-json\/wp\/v2\/types\/post"}],"author":[{"embeddable":true,"href":"https:\/\/www.europesays.com\/de\/wp-json\/wp\/v2\/users\/2"}],"replies":[{"embeddable":true,"href":"https:\/\/www.europesays.com\/de\/wp-json\/wp\/v2\/comments?post=379297"}],"version-history":[{"count":0,"href":"https:\/\/www.europesays.com\/de\/wp-json\/wp\/v2\/posts\/379297\/revisions"}],"wp:featuredmedia":[{"embeddable":true,"href":"https:\/\/www.europesays.com\/de\/wp-json\/wp\/v2\/media\/379298"}],"wp:attachment":[{"href":"https:\/\/www.europesays.com\/de\/wp-json\/wp\/v2\/media?parent=379297"}],"wp:term":[{"taxonomy":"category","embeddable":true,"href":"https:\/\/www.europesays.com\/de\/wp-json\/wp\/v2\/categories?post=379297"},{"taxonomy":"post_tag","embeddable":true,"href":"https:\/\/www.europesays.com\/de\/wp-json\/wp\/v2\/tags?post=379297"}],"curies":[{"name":"wp","href":"https:\/\/api.w.org\/{rel}","templated":true}]}}