{"id":379421,"date":"2025-08-28T09:51:11","date_gmt":"2025-08-28T09:51:11","guid":{"rendered":"https:\/\/www.europesays.com\/de\/379421\/"},"modified":"2025-08-28T09:51:11","modified_gmt":"2025-08-28T09:51:11","slug":"ukraine-news-kiew-erlaubt-18-bis-22-jaehrigen-maennern-die-ausreise","status":"publish","type":"post","link":"https:\/\/www.europesays.com\/de\/379421\/","title":{"rendered":"Ukraine-News: Kiew erlaubt 18- bis 22-j\u00e4hrigen M\u00e4nnern die Ausreise"},"content":{"rendered":"<p>Ukraine erlaubt 18- bis 22-j\u00e4hrigen M\u00e4nnern die Ausreise<br \/><strong>Die ukrainische Regierung erteilt jungen M\u00e4nnern im Alter bis zu 22 Jahren trotz des laufenden Kriegs gegen Russland die Ausreisegenehmigung.<\/strong> &#8222;M\u00e4nner im Alter zwischen 18 und 22 k\u00f6nnen w\u00e4hrend des Kriegszustands ungehindert die Grenze \u00fcberschreiten&#8220;, schreibt Regierungschefin Julia Swyrydenko dazu auf Telegram. Die Regelung betreffe alle Wehrpflichtigen in dem Alter.<\/p>\n<p><strong>Es gehe auch darum, dass Ukrainer, die aus verschiedensten Gr\u00fcnden schon im Ausland seien, nicht die Verbindung zu ihrer Heimat verl\u00f6ren<\/strong>, schreibt Swyrydenko. Innenminister Ihor Klymenko wiederum erkl\u00e4rt, dass jungen M\u00e4nnern so gr\u00f6\u00dfere Chancen auf eine Ausbildung im Ausland einger\u00e4umt werden sollten, um sie dann nach ihrer R\u00fcckkehr zum Nutzen des Landes einzusetzen.<\/p>\n","protected":false},"excerpt":{"rendered":"Ukraine erlaubt 18- bis 22-j\u00e4hrigen M\u00e4nnern die AusreiseDie ukrainische Regierung erteilt jungen M\u00e4nnern im Alter bis zu 22&hellip;\n","protected":false},"author":2,"featured_media":379422,"comment_status":"","ping_status":"","sticky":false,"template":"","format":"standard","meta":{"footnotes":""},"categories":[1825],"tags":[1941,1939,296,1937,29,30,1940,1938],"class_list":{"0":"post-379421","1":"post","2":"type-post","3":"status-publish","4":"format-standard","5":"has-post-thumbnail","7":"category-berlin","8":"tag-aktuelle-nachrichten-aus-berlin","9":"tag-aktuelle-news-aus-berlin","10":"tag-berlin","11":"tag-berlin-news","12":"tag-deutschland","13":"tag-germany","14":"tag-nachrichten-aus-berlin","15":"tag-news-aus-berlin"},"share_on_mastodon":{"url":"https:\/\/pubeurope.com\/@de\/115105777910834171","error":""},"_links":{"self":[{"href":"https:\/\/www.europesays.com\/de\/wp-json\/wp\/v2\/posts\/379421","targetHints":{"allow":["GET"]}}],"collection":[{"href":"https:\/\/www.europesays.com\/de\/wp-json\/wp\/v2\/posts"}],"about":[{"href":"https:\/\/www.europesays.com\/de\/wp-json\/wp\/v2\/types\/post"}],"author":[{"embeddable":true,"href":"https:\/\/www.europesays.com\/de\/wp-json\/wp\/v2\/users\/2"}],"replies":[{"embeddable":true,"href":"https:\/\/www.europesays.com\/de\/wp-json\/wp\/v2\/comments?post=379421"}],"version-history":[{"count":0,"href":"https:\/\/www.europesays.com\/de\/wp-json\/wp\/v2\/posts\/379421\/revisions"}],"wp:featuredmedia":[{"embeddable":true,"href":"https:\/\/www.europesays.com\/de\/wp-json\/wp\/v2\/media\/379422"}],"wp:attachment":[{"href":"https:\/\/www.europesays.com\/de\/wp-json\/wp\/v2\/media?parent=379421"}],"wp:term":[{"taxonomy":"category","embeddable":true,"href":"https:\/\/www.europesays.com\/de\/wp-json\/wp\/v2\/categories?post=379421"},{"taxonomy":"post_tag","embeddable":true,"href":"https:\/\/www.europesays.com\/de\/wp-json\/wp\/v2\/tags?post=379421"}],"curies":[{"name":"wp","href":"https:\/\/api.w.org\/{rel}","templated":true}]}}