{"id":379445,"date":"2025-08-28T10:03:10","date_gmt":"2025-08-28T10:03:10","guid":{"rendered":"https:\/\/www.europesays.com\/de\/379445\/"},"modified":"2025-08-28T10:03:10","modified_gmt":"2025-08-28T10:03:10","slug":"ecclestone-haette-sich-chance-fuer-mick-gewuenscht","status":"publish","type":"post","link":"https:\/\/www.europesays.com\/de\/379445\/","title":{"rendered":"Ecclestone h\u00e4tte sich &#8222;Chance&#8220; f\u00fcr Mick gew\u00fcnscht"},"content":{"rendered":"\n<p>Die gr\u00f6\u00dfte News in der Sommerpause kam von Cadillac. Das neue Formel-1-Team <a href=\"https:\/\/www.motorsport-total.com\/formel-1\/news\/analyse-warum-sich-cadillac-fuer-bottas-und-perez-entschieden-hat-25082702\" class=\"pfr\" data-bracket=\"0\" rel=\"nofollow noopener\" target=\"_blank\">hat Valtteri Bottas und Sergio Perez in dieser Woche als Fahrer f\u00fcr 2026 best\u00e4tigt<\/a>. <a href=\"https:\/\/www.motorsport-total.com\/person\/mick-schumacher\" title=\"Mick Schumacher\" rel=\"nofollow noopener\" target=\"_blank\">Mick Schumacher<\/a> ging damit wieder einmal leer aus.<\/p>\n<p>Ex-Formel-1-Boss Bernie Ecclestone <a target=\"_blank\" href=\"https:\/\/www.sport.de\/news\/ne12644750\/formel-1--ecclestone-exklusiv-hamilton-sollte-aufhoeren---mick-schumacher-muss-chance-bekommen\/\" class=\"pfr\" data-bracket=\"0\" rel=\"nofollow noopener\">erkl\u00e4rt gegen\u00fcber sport.de<\/a>: &#8222;Es ist so viel Zeit verstrichen, dass die Leute sich nicht mehr daran erinnern, was er leisten kann. Warum sollte er dem Team helfen k\u00f6nnen?&#8220;<\/p>\n<p>&#8222;Ich wei\u00df nicht, was er ins Team bringen k\u00f6nnte, um hilfreich zu sein. Er hat einen guten Namen, aber ob er fahrerisch eine Hilfe sein kann? Er hat das nie gezeigt, warum sollte er das jetzt tun k\u00f6nnen?&#8220;, fragt sich Ecclestone.<\/p>\n<p>Trotzdem stellt der inzwischen 94-J\u00e4hrige klar: &#8222;Man sollte ihm aber trotzdem eine Chance geben.&#8220; Und auch einen Grand Prix in Deutschland w\u00fcrde sich Ecclestone in Zukunft wieder w\u00fcnschen.<\/p>\n<p>&#8222;Ich denke oft dar\u00fcber nach und ich verstehe es nicht. Es ist einfach merkw\u00fcrdig, dass das nicht m\u00f6glich gemacht wird&#8220;, sagt er dar\u00fcber, <a href=\"https:\/\/www.motorsport-total.com\/formel-1\/news\/domenicali-ueber-deutschland-gp-wir-sind-gespraechsbereit-25082006\" class=\"pfr\" data-bracket=\"0\" rel=\"nofollow noopener\" target=\"_blank\">dass es inzwischen seit f\u00fcnf Jahren kein Formel-1-Rennen in Deutschland mehr gab<\/a>.<\/p>\n<p>&#8222;Niemand w\u00fcrde sich dem entgegenstellen, au\u00dfer vielleicht ein paar Leute in Deutschland selbst. Es liegt nur am Geld. Wenn jemand mit der richtigen Finanzierung da w\u00e4re, w\u00fcrde es klappen&#8220;, ist sich Ecclestone sicher.<\/p>\n","protected":false},"excerpt":{"rendered":"Die gr\u00f6\u00dfte News in der Sommerpause kam von Cadillac. Das neue Formel-1-Team hat Valtteri Bottas und Sergio Perez&hellip;\n","protected":false},"author":2,"featured_media":379446,"comment_status":"","ping_status":"","sticky":false,"template":"","format":"standard","meta":{"footnotes":""},"categories":[136],"tags":[29,30,265],"class_list":{"0":"post-379445","1":"post","2":"type-post","3":"status-publish","4":"format-standard","5":"has-post-thumbnail","7":"category-sport","8":"tag-deutschland","9":"tag-germany","10":"tag-sport"},"share_on_mastodon":{"url":"https:\/\/pubeurope.com\/@de\/115105825113924647","error":""},"_links":{"self":[{"href":"https:\/\/www.europesays.com\/de\/wp-json\/wp\/v2\/posts\/379445","targetHints":{"allow":["GET"]}}],"collection":[{"href":"https:\/\/www.europesays.com\/de\/wp-json\/wp\/v2\/posts"}],"about":[{"href":"https:\/\/www.europesays.com\/de\/wp-json\/wp\/v2\/types\/post"}],"author":[{"embeddable":true,"href":"https:\/\/www.europesays.com\/de\/wp-json\/wp\/v2\/users\/2"}],"replies":[{"embeddable":true,"href":"https:\/\/www.europesays.com\/de\/wp-json\/wp\/v2\/comments?post=379445"}],"version-history":[{"count":0,"href":"https:\/\/www.europesays.com\/de\/wp-json\/wp\/v2\/posts\/379445\/revisions"}],"wp:featuredmedia":[{"embeddable":true,"href":"https:\/\/www.europesays.com\/de\/wp-json\/wp\/v2\/media\/379446"}],"wp:attachment":[{"href":"https:\/\/www.europesays.com\/de\/wp-json\/wp\/v2\/media?parent=379445"}],"wp:term":[{"taxonomy":"category","embeddable":true,"href":"https:\/\/www.europesays.com\/de\/wp-json\/wp\/v2\/categories?post=379445"},{"taxonomy":"post_tag","embeddable":true,"href":"https:\/\/www.europesays.com\/de\/wp-json\/wp\/v2\/tags?post=379445"}],"curies":[{"name":"wp","href":"https:\/\/api.w.org\/{rel}","templated":true}]}}