{"id":379473,"date":"2025-08-28T10:18:13","date_gmt":"2025-08-28T10:18:13","guid":{"rendered":"https:\/\/www.europesays.com\/de\/379473\/"},"modified":"2025-08-28T10:18:13","modified_gmt":"2025-08-28T10:18:13","slug":"vandalismus-in-bayerns-kirchen-blinde-zerstoerungswut","status":"publish","type":"post","link":"https:\/\/www.europesays.com\/de\/379473\/","title":{"rendered":"Vandalismus in Bayerns Kirchen: \u201eBlinde Zerst\u00f6rungswut\u201c"},"content":{"rendered":"<p class=\"mb-6 text-xs md:text-m lg:text-l font-serif group-[.font-sans]:font-sans \">\n    Kirchen in <a href=\"https:\/\/augsburger-allgemeine.de\/bayern\/\" target=\"_self\" class=\"underline \" rel=\"nofollow noopener\">Bayern<\/a> sind schon oft besch\u00e4digt worden: aufgebrochene Opferst\u00f6cke, umgesto\u00dfene Kerzenst\u00e4nder und Heiligenstatuen, zertr\u00fcmmerte Glasscheiben, Schmierereien \u2013 Vandalismus in allen m\u00f6glichen Erscheinungsformen. Zudem: Einbr\u00fcche und Diebst\u00e4hle. Im Bistum Regensburg wei\u00df man von Kirchenr\u00e4umen, in die uriniert, und von Madonnenfiguren, die gek\u00f6pft wurden. Im Bistum <a href=\"https:\/\/www.augsburger-allgemeine.de\/orte\/aa-eichstaett\" target=\"_self\" class=\"underline \" rel=\"nofollow noopener\">Eichst\u00e4tt<\/a> kam es seit 2015 zu zwei Brandstiftungen. Und erst im Juli klaute ein laut Polizei halbnackter Mann ein Altarkreuz aus einer Bamberger Kirche.\n  <\/p>\n<p class=\"mb-6 text-xs md:text-m lg:text-l font-serif group-[.font-sans]:font-sans \">\n    Schlagzeilen \u00fcber die Pfarreiengemeinschaft V\u00f6hringen im Bistum <a href=\"https:\/\/www.augsburger-allgemeine.de\/augsburg\/\" target=\"_self\" class=\"underline \" rel=\"nofollow noopener\">Augsburg<\/a> hinaus machte eine Reihe von Kirchensch\u00e4ndungen. Unter anderem die Pfarrkirche \u201eUnsere Liebe Frau vom Rosenkranz\u201c<a href=\"https:\/\/www.augsburger-allgemeine.de\/illertissen\/Voehringen-Kirchen-Sprayer-vor-Gericht-id42717166.html\" target=\"_self\" class=\"underline \" rel=\"nofollow noopener\"> in Bellenberg war mit Graffiti verschandelt worden,<\/a> die \u201eBeleidigungen gegen den Glauben, die Kirche und die Polizei\u201c enthielten, erkl\u00e4rte das Bistum im M\u00e4rz 2017. Der damalige Augsburger Bischof verf\u00fcgte deren sofortige Schlie\u00dfung und nahm gut einen Monat sp\u00e4ter <a href=\"https:\/\/www.augsburger-allgemeine.de\/neu-ulm\/Bellenberg-Ein-seltener-Ritus-id41079056.html\" target=\"_self\" class=\"underline \" rel=\"nofollow noopener\">einen seltenen S\u00fchneritus<\/a> vor, um Altar und W\u00e4nde symbolisch reinzuwaschen und Gott darum zu bitten, \u201ezu heilen, was verwundet ist\u201c.\n  <\/p>\n<p>            Es gebe einen \u201ezunehmend tabulosen\u201c Vandalismus in Gottesh\u00e4usern<\/p>\n<p class=\"mb-6 text-xs md:text-m lg:text-l font-serif group-[.font-sans]:font-sans \">\n    F\u00fcr die in der katholischen \u201eFreisinger Bischofskonferenz\u201c vertretenen sieben bayerischen Di\u00f6zesen samt der Di\u00f6zese Speyer, die aus historischen Gr\u00fcnden dazu geh\u00f6rt, sind Sachbesch\u00e4digungen und Vandalismus sowie Einbr\u00fcche und Diebst\u00e4hle kein neues Ph\u00e4nomen. Das gilt auch f\u00fcr die Evangelisch-Lutherische Kirche in Bayern. Auf Anfrage berichten die Sprecher und Sprecherinnen von geringen Fallzahlen, die sich angesichts der Zahl Tausender Kirchengeb\u00e4ude relativierten; in der Di\u00f6zese Regensburg beobachtet man gleichwohl, dass \u201edie Vorf\u00e4lle von Vandalismus in den vergangenen Jahren stark zugenommen haben\u201c. Umfassende eigene oder zentrale Statistiken werden meist nicht gef\u00fchrt.\n  <\/p>\n<p class=\"mb-6 text-xs md:text-m lg:text-l font-serif group-[.font-sans]:font-sans \">\n    Die Di\u00f6zese Speyer, die im vergangenen Jahr 28 F\u00e4lle von Einbruch\/Diebstahl und acht F\u00e4lle von Sachbesch\u00e4digung\/Vandalismus registrierte, erl\u00e4utert: \u201eDie Fallzahlen blieben \u00fcber die letzten Jahre \u00e4hnlich, es l\u00e4sst sich keine klare Zu- oder Abnahme erkennen.\u201c Best\u00e4tigt wird das von einer Umfrage der Katholischen Nachrichten-Agentur unter allen Landeskriminal\u00e4mtern. Demnach lag die Zahl der aktenkundig gewordenen F\u00e4lle 2024 und 2023 bundesweit jeweils im mittleren vierstelligen Bereich. Belastbar sind die Zahlen unter anderem aufgrund unterschiedlicher Erfassungskriterien nicht. Sie sind weder vollst\u00e4ndig noch vergleichbar, Schl\u00fcsse lassen sich aus ihnen also kaum ziehen.\n  <\/p>\n<p>    <img decoding=\"async\" src=\"https:\/\/images.mgpd.de\/img\/110658856\/crop\/c16_9-w100\/1264777932\/1278557298\/copy20of20bischof0211tif.jpg\" alt=\"Mit Weihwasser besprengte der damalige Augsburger Bischof Konrad Zdarsa im Jahr 2017 die W\u00e4nde der verunstalteten Bellenberger Kirche, um sie symbolisch reinzuwaschen.\" title=\"Mit Weihwasser besprengte der damalige Augsburger Bischof Konrad Zdarsa im Jahr 2017 die W\u00e4nde der verunstalteten Bellenberger Kirche, um sie symbolisch reinzuwaschen.\" class=\"h-full w-full object-cover\"\/><\/p>\n<p>      Icon vergr\u00f6\u00dfern<\/p>\n<p>    Mit Weihwasser besprengte der damalige Augsburger Bischof Konrad Zdarsa im Jahr 2017 die W\u00e4nde der verunstalteten Bellenberger Kirche, um sie symbolisch reinzuwaschen.<br \/>\n    Foto: Roland Furthmair (Archivbild)<\/p>\n<p>        Schlie\u00dfen <\/p>\n<p>      Icon Schlie\u00dfen<\/p>\n<p>        Icon vergr\u00f6\u00dfern<\/p>\n<p>        Icon verkleinern<\/p>\n<p>      Icon Pfeil bewegen<\/p>\n<p>    Mit Weihwasser besprengte der damalige Augsburger Bischof Konrad Zdarsa im Jahr 2017 die W\u00e4nde der verunstalteten Bellenberger Kirche, um sie symbolisch reinzuwaschen.<br \/>\n    Foto: Roland Furthmair (Archivbild)<\/p>\n<p class=\"mb-6 text-xs md:text-m lg:text-l font-serif group-[.font-sans]:font-sans \">\n    Und doch scheint sich etwas zu ver\u00e4ndern. Matthias Kopp hat darauf vor wenigen Tagen mit drastischen Worten hingewiesen. Der Sprecher<a href=\"https:\/\/www.augsburger-allgemeine.de\/politik\/die-afd-vertritt-unsere-position-nicht-bischof-baetzing-kritisiert-kulturkampf-um-brosius-gersdorf-110457594\" target=\"_self\" class=\"underline \" rel=\"nofollow noopener\"> der Deutschen Bischofskonferenz<\/a>, ein Zusammenschluss der katholischen Bisch\u00f6fe aller 27 (Erz-)Bist\u00fcmer, prangerte einen \u201ezunehmend tabulosen\u201c Vandalismus in Gottesh\u00e4usern an. \u201eSeit etwa 2015\u201c sei die Zahl der Delikte zwar nur leicht angestiegen, doch die T\u00e4ter gingen immer brutaler vor. Ausdr\u00fccklich widersprach er inzwischen der Deutung, die sich in sozialen Medien verbreitet hat, dies habe mit dem Zustrom muslimischer Fl\u00fcchtlinge zu tun. Die Motive der T\u00e4ter sind, soweit bekannt, h\u00f6chst verschieden. Eines der Motive: Ver\u00e4rgerung \u00fcber den Umgang der Kirche mit Vorw\u00fcrfen sexuellen Missbrauchs. Wie 2016 in W\u00fcrzburg, als in der Kiliansgruft der Neum\u00fcnsterkirche \u2013 der <a href=\"https:\/\/www.augsburger-allgemeine.de\/top\/meistgesucht\/immer-mehr-vandalismus-in-fraenkischen-kirchen-einbrechern-ist-sogar-der-tabernakel-nicht-heilig-id66524146.html\" target=\"_self\" class=\"underline \" rel=\"nofollow noopener\">Grabeskirche der Frankenapostel<\/a> \u2013 W\u00e4nde und eine Statue mit Farbe beschmiert wurden.\n  <\/p>\n<p>    <img decoding=\"async\" src=\"https:\/\/images.mgpd.de\/img\/110659145\/crop\/c16_9-w100\/2125135015\/266066314\/kirche2.jpg\" alt=\"Mit einer ungew\u00f6hnlichen Aktion reagierte die Pfarreiengemeinschaft Augsburg-Oberhausen\/B\u00e4renkeller auf Schmierereien an einer ihrer Kirchen. Sie stellte Plakate mit witzigen und nachdenklich stimmenden Spr\u00fcchen auf.\" title=\"Mit einer ungew\u00f6hnlichen Aktion reagierte die Pfarreiengemeinschaft Augsburg-Oberhausen\/B\u00e4renkeller auf Schmierereien an einer ihrer Kirchen. Sie stellte Plakate mit witzigen und nachdenklich stimmenden Spr\u00fcchen auf.\" class=\"h-full w-full object-cover\"\/><\/p>\n<p>      Icon vergr\u00f6\u00dfern<\/p>\n<p>    Mit einer ungew\u00f6hnlichen Aktion reagierte die Pfarreiengemeinschaft Augsburg-Oberhausen\/B\u00e4renkeller auf Schmierereien an einer ihrer Kirchen. Sie stellte Plakate mit witzigen und nachdenklich stimmenden Spr\u00fcchen auf.<br \/>\n    Foto: Marcus Lechner, PG Augsburg-Oberhausen\/B\u00e4renkeller<\/p>\n<p>        Schlie\u00dfen <\/p>\n<p>      Icon Schlie\u00dfen<\/p>\n<p>        Icon vergr\u00f6\u00dfern<\/p>\n<p>        Icon verkleinern<\/p>\n<p>      Icon Pfeil bewegen<\/p>\n<p>    Mit einer ungew\u00f6hnlichen Aktion reagierte die Pfarreiengemeinschaft Augsburg-Oberhausen\/B\u00e4renkeller auf Schmierereien an einer ihrer Kirchen. Sie stellte Plakate mit witzigen und nachdenklich stimmenden Spr\u00fcchen auf.<br \/>\n    Foto: Marcus Lechner, PG Augsburg-Oberhausen\/B\u00e4renkeller<\/p>\n<p class=\"mb-6 text-xs md:text-m lg:text-l font-serif group-[.font-sans]:font-sans \">\n    \u201eInsgesamt ist zu beobachten, dass der Respekt vor kirchlichen Geb\u00e4uden, vor kirchlichen Handlungen, vor dem, was den Gl\u00e4ubigen heilig ist, abnimmt\u201c, sagt ein Sprecher der Di\u00f6zese W\u00fcrzburg. Sein Regensburger Kollege spricht von \u201eblinder Zerst\u00f6rungswut\u201c und erg\u00e4nzt: \u201eSicher ist es auch ein mittlerweile fehlender Bezug zum christlichen Glauben, der die T\u00e4ter oder T\u00e4terinnen dazu f\u00fchrt, solche Handlungen zu begehen.\u201c\n  <\/p>\n<p>            Video\u00fcberwachung und mehr: Gemeinden setzen verst\u00e4rkt auf Schutzma\u00dfnahmen<\/p>\n<p class=\"mb-6 text-xs md:text-m lg:text-l font-serif group-[.font-sans]:font-sans \">\n    Pfarreien und Kirchengemeinden in Bayern versuchen, das Vandalismus-Problem teils mit verst\u00e4rkten Schutzma\u00dfnahmen in den Griff zu bekommen. So werden Kirchen, gerade in l\u00e4ndlichen R\u00e4umen, nur mehr zu bestimmten Zeiten ge\u00f6ffnet. Gittert\u00fcren trennen Kirchenschiffe von den weiter zug\u00e4nglichen Vorr\u00e4umen. Kirchenpfleger machen Rundg\u00e4nge. Es gibt Video\u00fcberwachung, und wertvolles Inventar wird besonders gesichert. Das Bistum Augsburg f\u00fchrt die Tatsache, dass es in den vergangenen Jahren auf seinem Gebiet \u201ekeine signifikante Zunahme\u201c an F\u00e4llen feststellen musste, auch zur\u00fcck auf die \u201ediversen Sicherheitsma\u00dfnahmen, die seitens der Kirchenstiftungen vor Ort ergriffen und laufend verfeinert werden\u201c. <a href=\"https:\/\/www.augsburger-allgemeine.de\/augsburg\/augsburg-kirche-mit-fck-jesus-beschmiert-pfarrei-reagiert-mit-ungewoehnlicher-aktion-id64672191.html\" target=\"_self\" class=\"underline \" rel=\"nofollow noopener\">Ungew\u00f6hnlich reagierte eine Augsburger Pfarreiengemeinschaft<\/a> 2022 auf Schmierereien an einer ihrer Kirchen. Sie platzierte vor dieser Plakate, eines mit dem Spruch: \u201eWer schreibt denn heute noch an die Wand, schreibt uns doch auf Insta!\u201c\n  <\/p>\n<ul data-module-id=\"DragDropModule\" class=\"flex flex-wrap justify-start group-[.no-bookmarks]:hidden\">\n<li class=\"mb-3 mr-3\">\n    Daniel Wirsching<\/p>\n<p>      Icon Haken im Kreis gesetzt<\/p>\n<p>      Icon Plus im Kreis<\/p>\n<\/li>\n<li class=\"mb-3 mr-3\">\n    Bayern<\/p>\n<p>      Icon Haken im Kreis gesetzt<\/p>\n<p>      Icon Plus im Kreis<\/p>\n<\/li>\n<li class=\"mb-3 mr-3\">\n    Zerst\u00f6rungswut<\/p>\n<p>      Icon Haken im Kreis gesetzt<\/p>\n<p>      Icon Plus im Kreis<\/p>\n<\/li>\n<\/ul>\n","protected":false},"excerpt":{"rendered":"Kirchen in Bayern sind schon oft besch\u00e4digt worden: aufgebrochene Opferst\u00f6cke, umgesto\u00dfene Kerzenst\u00e4nder und Heiligenstatuen, zertr\u00fcmmerte Glasscheiben, Schmierereien \u2013&hellip;\n","protected":false},"author":2,"featured_media":379474,"comment_status":"","ping_status":"","sticky":false,"template":"","format":"standard","meta":{"footnotes":""},"categories":[1846],"tags":[680,772,3364,29,548,663,3934,30,13,14,15,12],"class_list":{"0":"post-379473","1":"post","2":"type-post","3":"status-publish","4":"format-standard","5":"has-post-thumbnail","7":"category-augsburg","8":"tag-augsburg","9":"tag-bayern","10":"tag-de","11":"tag-deutschland","12":"tag-eu","13":"tag-europa","14":"tag-europe","15":"tag-germany","16":"tag-headlines","17":"tag-nachrichten","18":"tag-news","19":"tag-schlagzeilen"},"share_on_mastodon":{"url":"https:\/\/pubeurope.com\/@de\/115105884162450925","error":""},"_links":{"self":[{"href":"https:\/\/www.europesays.com\/de\/wp-json\/wp\/v2\/posts\/379473","targetHints":{"allow":["GET"]}}],"collection":[{"href":"https:\/\/www.europesays.com\/de\/wp-json\/wp\/v2\/posts"}],"about":[{"href":"https:\/\/www.europesays.com\/de\/wp-json\/wp\/v2\/types\/post"}],"author":[{"embeddable":true,"href":"https:\/\/www.europesays.com\/de\/wp-json\/wp\/v2\/users\/2"}],"replies":[{"embeddable":true,"href":"https:\/\/www.europesays.com\/de\/wp-json\/wp\/v2\/comments?post=379473"}],"version-history":[{"count":0,"href":"https:\/\/www.europesays.com\/de\/wp-json\/wp\/v2\/posts\/379473\/revisions"}],"wp:featuredmedia":[{"embeddable":true,"href":"https:\/\/www.europesays.com\/de\/wp-json\/wp\/v2\/media\/379474"}],"wp:attachment":[{"href":"https:\/\/www.europesays.com\/de\/wp-json\/wp\/v2\/media?parent=379473"}],"wp:term":[{"taxonomy":"category","embeddable":true,"href":"https:\/\/www.europesays.com\/de\/wp-json\/wp\/v2\/categories?post=379473"},{"taxonomy":"post_tag","embeddable":true,"href":"https:\/\/www.europesays.com\/de\/wp-json\/wp\/v2\/tags?post=379473"}],"curies":[{"name":"wp","href":"https:\/\/api.w.org\/{rel}","templated":true}]}}