{"id":379505,"date":"2025-08-28T10:36:10","date_gmt":"2025-08-28T10:36:10","guid":{"rendered":"https:\/\/www.europesays.com\/de\/379505\/"},"modified":"2025-08-28T10:36:10","modified_gmt":"2025-08-28T10:36:10","slug":"ueberwaeltigende-resonanz-booking-com-mehr-als-12-000-hotels-in-europa-schliessen-sich-sammelklage-an","status":"publish","type":"post","link":"https:\/\/www.europesays.com\/de\/379505\/","title":{"rendered":"&#8222;\u00dcberw\u00e4ltigende Resonanz&#8220;: Booking.com: Mehr als 12.000 Hotels in Europa schlie\u00dfen sich Sammelklage an"},"content":{"rendered":"<p>                    &#8222;\u00dcberw\u00e4ltigende Resonanz&#8220;<br \/>\n                Booking.com: Mehr als 12.000 Hotels in Europa schlie\u00dfen sich Sammelklage an<\/p>\n<p>\t\t\t\t              28.08.2025, 12:31 Uhr<\/p>\n<p><b>Die angestrebte Sammelklage europ\u00e4ischer Hotels gegen die niederl\u00e4ndische Buchungsplattform Booking.com st\u00f6\u00dft nach Angaben des europ\u00e4ischen Dachverbands Hotrec auf &#8222;\u00fcberw\u00e4ltigende Resonanz&#8220;. Bislang h\u00e4tten sich bereits mehr als 15.000 Hotels aus ganz Europa f\u00fcr die Sammelklage registriert, teilte der Verband mit. Die meisten davon stammen demnach aus Italien, Deutschland, den Niederlanden, Griechenland und \u00d6sterreich. Die Frist f\u00fcr eine Registrierung l\u00e4uft am Freitag aus.<\/b><\/p>\n<p>Die Klage zielt laut dem Dachverband, der die Interessen von Hotels, Restaurants, Bars und Caf\u00e9s in Europa vertritt, darauf ab, die Hoteliers f\u00fcr finanzielle Verluste zu entsch\u00e4digen, die durch die Verwendung bestimmter Klauseln durch Booking.com entstanden seien. Sp\u00e4testens nach einem Urteil des Europ\u00e4ischen Gerichtshofs (EuGH) vom vergangenen September stehe fest, &#8222;dass diese Klauseln gegen das EU-Wettbewerbsrecht versto\u00dfen haben und europ\u00e4ischen Hotels Schadensersatz zusteht&#8220;, erkl\u00e4rte Hotrec.<\/p>\n<p>Der EuGH hatte sich in seinem Urteil mit sogenannten Bestpreisklauseln befasst, die die Buchungsplattform bis Februar 2016 Hotels auferlegt hatte. Diese durften demnach ihre Zimmer auf der eigenen Internetseite nicht preiswerter anbieten als bei Booking.com. Dabei besch\u00e4ftigte sich der EuGH auch mit der Frage, ob die Klauseln wom\u00f6glich als sogenannte Nebenabreden zul\u00e4ssig gewesen sein k\u00f6nnten, um Trittbrettfahren zu verhindern &#8211; also dass Kunden sich Hotels auf Booking.com anschauen, dann aber g\u00fcnstiger auf der hoteleigenen Website buchen. Die Hotels w\u00fcrden sich dann die Provision sparen.<\/p>\n<p>Der EuGH urteilte dann allerdings, dass Bestpreisklauseln grunds\u00e4tzlich nicht als Nebenabreden angesehen werden k\u00f6nnten. Zwar h\u00e4tten Plattformen wie Booking.com eine neutrale oder positive Auswirkung auf den Wettbewerb und erm\u00f6glichten es Verbraucherinnen und Verbrauchern, viele Angebote schnell und einfach zu vergleichen, wodurch auch die Hotels selbst sichtbarer werden k\u00f6nnten. Bestpreisklauseln seien aber nicht notwendig, um die wirtschaftliche Tragf\u00e4higkeit solcher Buchungsplattformen zu sichern.<\/p>\n<p>Die Sammelklage europ\u00e4ischer Hotels gegen Booking.com solle nun &#8222;noch vor Ende dieses Jahres&#8220; beim Bezirksgericht Amsterdam eingereicht werden, k\u00fcndigte Hotrec-Generaldirektorin Marie Audren am Donnerstag an. Hotrec-Pr\u00e4sident Alexandros Vassilikos hob die &#8222;\u00fcberw\u00e4ltigende Resonanz der europ\u00e4ischen Hotels auf unseren Aufruf zur Teilnahme an der Sammelklage&#8220; hervor. Diese beweise, &#8222;dass die Hotellerie geeint ist&#8220;, erkl\u00e4rte er. &#8222;Sie fordert, dass der marktbeherrschende Gatekeeper sein Marktverhalten \u00e4ndert und Verantwortung f\u00fcr sein Fehlverhalten \u00fcbernimmt&#8220;.<\/p>\n<p>Der Hauptgesch\u00e4ftsf\u00fchrer des Hotelverbandes Deutschland (IHA), Markus Luthe, erkl\u00e4rte, dass es nun &#8222;\u00fcber 4000 Hotels aus Deutschland&#8220; seien, die Booking.com &#8222;gerichtlich die Grenzen der Marktmacht aufzeigen&#8220;. Darunter seien rund 2000 Hotels aus Deutschland, deren bereits seit dem Jahr 2020 anh\u00e4ngige parallele Verfahren vor dem Bezirksgericht Amsterdam und dem Landgericht Berlin als Blaupause f\u00fcr die europ\u00e4ische Sammelklage dienten.<\/p>\n","protected":false},"excerpt":{"rendered":"&#8222;\u00dcberw\u00e4ltigende Resonanz&#8220; Booking.com: Mehr als 12.000 Hotels in Europa schlie\u00dfen sich Sammelklage an 28.08.2025, 12:31 Uhr Die angestrebte&hellip;\n","protected":false},"author":2,"featured_media":379506,"comment_status":"","ping_status":"","sticky":false,"template":"","format":"standard","meta":{"footnotes":""},"categories":[3933],"tags":[331,332,24950,548,663,158,3934,3935,13,1092,7473,14,15,1906,8125,12,102741],"class_list":{"0":"post-379505","1":"post","2":"type-post","3":"status-publish","4":"format-standard","5":"has-post-thumbnail","7":"category-eu","8":"tag-aktuelle-nachrichten","9":"tag-aktuelle-news","10":"tag-bookingcom","11":"tag-eu","12":"tag-europa","13":"tag-europaeische-union","14":"tag-europe","15":"tag-european-union","16":"tag-headlines","17":"tag-hotels","18":"tag-mehr","19":"tag-nachrichten","20":"tag-news","21":"tag-resonanz","22":"tag-sammelklage","23":"tag-schlagzeilen","24":"tag-ueberwaeltigende"},"share_on_mastodon":{"url":"https:\/\/pubeurope.com\/@de\/115105954933888630","error":""},"_links":{"self":[{"href":"https:\/\/www.europesays.com\/de\/wp-json\/wp\/v2\/posts\/379505","targetHints":{"allow":["GET"]}}],"collection":[{"href":"https:\/\/www.europesays.com\/de\/wp-json\/wp\/v2\/posts"}],"about":[{"href":"https:\/\/www.europesays.com\/de\/wp-json\/wp\/v2\/types\/post"}],"author":[{"embeddable":true,"href":"https:\/\/www.europesays.com\/de\/wp-json\/wp\/v2\/users\/2"}],"replies":[{"embeddable":true,"href":"https:\/\/www.europesays.com\/de\/wp-json\/wp\/v2\/comments?post=379505"}],"version-history":[{"count":0,"href":"https:\/\/www.europesays.com\/de\/wp-json\/wp\/v2\/posts\/379505\/revisions"}],"wp:featuredmedia":[{"embeddable":true,"href":"https:\/\/www.europesays.com\/de\/wp-json\/wp\/v2\/media\/379506"}],"wp:attachment":[{"href":"https:\/\/www.europesays.com\/de\/wp-json\/wp\/v2\/media?parent=379505"}],"wp:term":[{"taxonomy":"category","embeddable":true,"href":"https:\/\/www.europesays.com\/de\/wp-json\/wp\/v2\/categories?post=379505"},{"taxonomy":"post_tag","embeddable":true,"href":"https:\/\/www.europesays.com\/de\/wp-json\/wp\/v2\/tags?post=379505"}],"curies":[{"name":"wp","href":"https:\/\/api.w.org\/{rel}","templated":true}]}}