{"id":379507,"date":"2025-08-28T10:37:12","date_gmt":"2025-08-28T10:37:12","guid":{"rendered":"https:\/\/www.europesays.com\/de\/379507\/"},"modified":"2025-08-28T10:37:12","modified_gmt":"2025-08-28T10:37:12","slug":"eu-verurteilt-den-angriff-russlands-auf-ihre-delegation","status":"publish","type":"post","link":"https:\/\/www.europesays.com\/de\/379507\/","title":{"rendered":"EU verurteilt den Angriff Russlands auf ihre Delegation"},"content":{"rendered":"<p>                <strong>Vorlesen lassen? \u2191\u2191\u21d1\u21d1\u2191\u2191<\/strong> | Lesedauer des Artikels: ca.   2 Minuten &#8211; <\/p>\n<p>Die Delegation der Europ\u00e4ischen Union (EU) in Kiew wurde w\u00e4hrend der n\u00e4chtlichen Luftangriffe Russlands auf die ukrainische Hauptstadt \u201eabsichtlich\u201c besch\u00e4digt, wie der Pr\u00e4sident des Europ\u00e4ischen Rates, Ant\u00f3nio Costa, verurteilte, der sich am Donnerstag (28.08.2025) \u201eentsetzt\u201c \u00fcber diese erneute Nacht der Angriffe zeigte.<\/p>\n<p>\u201eDie EU l\u00e4sst sich nicht einsch\u00fcchtern. Die russische Aggression best\u00e4rkt uns nur in unserer Entschlossenheit, an der Seite der Ukraine und ihrer Bev\u00f6lkerung zu stehen\u201d, sagte Costa und teilte ein Foto eines B\u00fcros mit zerbrochenen Fensterscheiben und zahlreichen Zerst\u00f6rungen.<\/p>\n<p>Auch auf ihren sozialen Netzwerken best\u00e4tigte die Pr\u00e4sidentin der Europ\u00e4ischen Kommission, Ursula von der Leyen, dass alle Mitarbeiter der Delegation in Sicherheit sind, und forderte den Kreml auf, seine wahllosen Angriffe einzustellen und sich an den Verhandlungen f\u00fcr einen gerechten und dauerhaften Frieden zu beteiligen.<\/p>\n<p>                            <a class=\"gofollow external\" data-track=\"MTA2LDEsNjA=\" href=\"https:\/\/bit.ly\/3E0yjni\" target=\"_partner\" title=\"Gustav Knudsen | Michelle\" rel=\"noopener\"><img decoding=\"async\" src=\"https:\/\/www.europesays.com\/de\/wp-content\/uploads\/2025\/08\/Leseprobe-08-Michelle.jpg\" alt=\"Gustav Knudsen | Michelle\" title=\"EU verurteilt den Angriff Russlands auf ihre Delegation\"\/><\/a><\/p>\n<p>Mindestens zehn Zivilisten, darunter ein Kind, sind heute Nacht in Kiew infolge der russischen Angriffe mit Raketen und Drohnen ums Leben gekommen, wie die ukrainischen Beh\u00f6rden mitteilten. \u201eDie Zahl der Verletzten ist auf 48 gestiegen. Davon sind zehn gestorben\u201c, teilte der Chef der Milit\u00e4rverwaltung von Kiew, Timur Tkachenko, auf Telegram mit.<\/p>\n<p>Der ukrainische Pr\u00e4sident Wolodymyr Selenskyj wies darauf hin, dass sich m\u00f6glicherweise noch Menschen unter den Tr\u00fcmmern befinden, da die Rettungsarbeiten noch andauern.<\/p>\n<p>Die Pr\u00e4sidentin des Europ\u00e4ischen Parlaments, Roberta Metsola, bekundete ihre Solidarit\u00e4t mit den Mitarbeitern der europ\u00e4ischen Delegation in Kiew, die sie als \u201edie Stimme der EU vor Ort in der Ukraine\u201c bezeichnete, und erkl\u00e4rte, dass sowohl sie als auch \u201edas tapfere ukrainische Volk\u201c ein Leben in Frieden verdienen.<\/p>\n<p>Die Hohe Vertreterin der EU f\u00fcr Au\u00dfenpolitik, Kaja Kallas, bedauerte ihrerseits, dass \u201ew\u00e4hrend die Welt nach einem Weg zum Frieden sucht, Russland mit Raketen antwortet\u201d, und sagte, dass der Angriff in der vergangenen Nacht \u201eeine bewusste Entscheidung zeigt, die Spannungen zu versch\u00e4rfen und die Friedensbem\u00fchungen zu verspotten\u201d. \u201eRussland muss das T\u00f6ten beenden und verhandeln\u201d, sagte Kallas. Die EU-Kommissarin f\u00fcr Erweiterung, Marta Kos, bezeichnete den Angriff ebenfalls als \u201eein klares Zeichen daf\u00fcr, dass Russland den Frieden ablehnt und sich f\u00fcr den Terror entscheidet\u201c.<\/p>\n<p>Quelle: Agenturen<\/p>\n","protected":false},"excerpt":{"rendered":"Vorlesen lassen? \u2191\u2191\u21d1\u21d1\u2191\u2191 | Lesedauer des Artikels: ca. 2 Minuten &#8211; Die Delegation der Europ\u00e4ischen Union (EU) in&hellip;\n","protected":false},"author":2,"featured_media":370764,"comment_status":"","ping_status":"","sticky":false,"template":"","format":"standard","meta":{"footnotes":""},"categories":[3933],"tags":[331,332,548,663,158,3934,3935,13,14,15,12],"class_list":{"0":"post-379507","1":"post","2":"type-post","3":"status-publish","4":"format-standard","5":"has-post-thumbnail","7":"category-eu","8":"tag-aktuelle-nachrichten","9":"tag-aktuelle-news","10":"tag-eu","11":"tag-europa","12":"tag-europaeische-union","13":"tag-europe","14":"tag-european-union","15":"tag-headlines","16":"tag-nachrichten","17":"tag-news","18":"tag-schlagzeilen"},"share_on_mastodon":{"url":"https:\/\/pubeurope.com\/@de\/115105959806179386","error":""},"_links":{"self":[{"href":"https:\/\/www.europesays.com\/de\/wp-json\/wp\/v2\/posts\/379507","targetHints":{"allow":["GET"]}}],"collection":[{"href":"https:\/\/www.europesays.com\/de\/wp-json\/wp\/v2\/posts"}],"about":[{"href":"https:\/\/www.europesays.com\/de\/wp-json\/wp\/v2\/types\/post"}],"author":[{"embeddable":true,"href":"https:\/\/www.europesays.com\/de\/wp-json\/wp\/v2\/users\/2"}],"replies":[{"embeddable":true,"href":"https:\/\/www.europesays.com\/de\/wp-json\/wp\/v2\/comments?post=379507"}],"version-history":[{"count":0,"href":"https:\/\/www.europesays.com\/de\/wp-json\/wp\/v2\/posts\/379507\/revisions"}],"wp:featuredmedia":[{"embeddable":true,"href":"https:\/\/www.europesays.com\/de\/wp-json\/wp\/v2\/media\/370764"}],"wp:attachment":[{"href":"https:\/\/www.europesays.com\/de\/wp-json\/wp\/v2\/media?parent=379507"}],"wp:term":[{"taxonomy":"category","embeddable":true,"href":"https:\/\/www.europesays.com\/de\/wp-json\/wp\/v2\/categories?post=379507"},{"taxonomy":"post_tag","embeddable":true,"href":"https:\/\/www.europesays.com\/de\/wp-json\/wp\/v2\/tags?post=379507"}],"curies":[{"name":"wp","href":"https:\/\/api.w.org\/{rel}","templated":true}]}}