{"id":379759,"date":"2025-08-28T12:56:11","date_gmt":"2025-08-28T12:56:11","guid":{"rendered":"https:\/\/www.europesays.com\/de\/379759\/"},"modified":"2025-08-28T12:56:11","modified_gmt":"2025-08-28T12:56:11","slug":"arminia-bielefeld-reist-zu-eintracht-braunschweig-alle-infos-vor-dem-spiel","status":"publish","type":"post","link":"https:\/\/www.europesays.com\/de\/379759\/","title":{"rendered":"Arminia Bielefeld reist zu Eintracht Braunschweig: Alle Infos vor dem Spiel"},"content":{"rendered":"<ul>\n<li>\n<b class=\"bold\">M\u00f6gliche Startaufstellung Arminia: <\/b>Kersken \u2013 Hagmann, Schneider, Gro\u00dfer, Handwerker \u2013 Russo \u2013 Mehlem, Corboz \u2013 Young, Grodowski, Boakye<\/li>\n<li>\n<b class=\"bold\">Bilanz:<\/b> Bundesliga oder 2. Bundesliga &#8211; das sind die Felder, auf denen sich Arminia und Braunschweig begegnen. Zuletzt gab es ein 3:3 im M\u00e4rz 2023. Eine torreiche Saison, denn das Hinspiel endete mit einem 4:1 f\u00fcr den DSC. Von 27 Duellen hat Braunschweig 12 gewonnen. Der DSC siegte neun Mal.<\/li>\n<li>\n<b class=\"bold\">Wetter: <\/b>F\u00fcr Samstag sind bis zu 24 Grad, Wolken und ein frischer Wind vorhergesagt.<\/li>\n<\/ul>\n<p>Arminia Bielefeld trifft auf selbstbewussten Gegner<\/p>\n<p class=\"em_text\">Angst hat Mitch Kniat vor keinem Gegner. Aber das, was er am vergangenen Dienstag in Braunschweig erlebt hat, d\u00fcrfte Eindruck beim Bielefelder Coach gemacht haben. Die Eintracht erzielte gegen den Pokalsieger vier Tore aus dem Spiel heraus. Das war dem DSC im Endspiel von Berlin gegen den VfB Stuttgart nicht (ganz) gelungen. Der Braunschweiger Trainer Heiner Backhaus rief sein Team entsprechend auch zum Sieger aus, auch wenn das Elfmeterschie\u00dfen zugunsten der G\u00e4ste ausging. Trotzdem d\u00fcrfte die Eintracht selbstbewusst in das Duell gegen die Arminia gehen, bei der die ganz gro\u00dfen Emotionen nach der Niederlage gegen Dresden etwas abgeflaut sind.<\/p>\n<p>Alle Informationen vor dem Spiel<br \/>\n Das Spiel im Liveticker<\/p>\n","protected":false},"excerpt":{"rendered":"M\u00f6gliche Startaufstellung Arminia: Kersken \u2013 Hagmann, Schneider, Gro\u00dfer, Handwerker \u2013 Russo \u2013 Mehlem, Corboz \u2013 Young, Grodowski, Boakye&hellip;\n","protected":false},"author":2,"featured_media":379760,"comment_status":"","ping_status":"","sticky":false,"template":"","format":"standard","meta":{"footnotes":""},"categories":[1850],"tags":[2368,6429,3364,29,2386,8704,548,663,3934,30,13,4281,9307,1611,16345,1609,2379,9308,9310,2377,16344,1608,16346,2381,2380,1613,14,15,1411,16343,12,12534],"class_list":{"0":"post-379759","1":"post","2":"type-post","3":"status-publish","4":"format-standard","5":"has-post-thumbnail","7":"category-braunschweig","8":"tag-arminia-bielefeld","9":"tag-braunschweig","10":"tag-de","11":"tag-deutschland","12":"tag-dresden","13":"tag-eintracht-braunschweig","14":"tag-eu","15":"tag-europa","16":"tag-europe","17":"tag-germany","18":"tag-headlines","19":"tag-label_arminia","20":"tag-label_foto","21":"tag-label_informiere-mich","22":"tag-label_liveticker","23":"tag-label_plus-ok","24":"tag-label_push","25":"tag-label_republish","26":"tag-label_social","27":"tag-label_startseite","28":"tag-label_ticker","29":"tag-label_top-news","30":"tag-meta_artikelklasse_sonstiges","31":"tag-meta_copyrights_rgowl_freier_mitarbeiter","32":"tag-meta_themen_arminia_bielefeld","33":"tag-meta_userneeds_informieremich","34":"tag-nachrichten","35":"tag-news","36":"tag-niedersachsen","37":"tag-russo","38":"tag-schlagzeilen","39":"tag-startaufstellung"},"share_on_mastodon":{"url":"","error":"Validation failed: Text character limit of 500 exceeded"},"_links":{"self":[{"href":"https:\/\/www.europesays.com\/de\/wp-json\/wp\/v2\/posts\/379759","targetHints":{"allow":["GET"]}}],"collection":[{"href":"https:\/\/www.europesays.com\/de\/wp-json\/wp\/v2\/posts"}],"about":[{"href":"https:\/\/www.europesays.com\/de\/wp-json\/wp\/v2\/types\/post"}],"author":[{"embeddable":true,"href":"https:\/\/www.europesays.com\/de\/wp-json\/wp\/v2\/users\/2"}],"replies":[{"embeddable":true,"href":"https:\/\/www.europesays.com\/de\/wp-json\/wp\/v2\/comments?post=379759"}],"version-history":[{"count":0,"href":"https:\/\/www.europesays.com\/de\/wp-json\/wp\/v2\/posts\/379759\/revisions"}],"wp:featuredmedia":[{"embeddable":true,"href":"https:\/\/www.europesays.com\/de\/wp-json\/wp\/v2\/media\/379760"}],"wp:attachment":[{"href":"https:\/\/www.europesays.com\/de\/wp-json\/wp\/v2\/media?parent=379759"}],"wp:term":[{"taxonomy":"category","embeddable":true,"href":"https:\/\/www.europesays.com\/de\/wp-json\/wp\/v2\/categories?post=379759"},{"taxonomy":"post_tag","embeddable":true,"href":"https:\/\/www.europesays.com\/de\/wp-json\/wp\/v2\/tags?post=379759"}],"curies":[{"name":"wp","href":"https:\/\/api.w.org\/{rel}","templated":true}]}}