{"id":379761,"date":"2025-08-28T12:57:10","date_gmt":"2025-08-28T12:57:10","guid":{"rendered":"https:\/\/www.europesays.com\/de\/379761\/"},"modified":"2025-08-28T12:57:10","modified_gmt":"2025-08-28T12:57:10","slug":"unfall-auf-a46-zwischen-moenchengladbach-und-erkelenz","status":"publish","type":"post","link":"https:\/\/www.europesays.com\/de\/379761\/","title":{"rendered":"Unfall auf A46 zwischen M\u00f6nchengladbach und Erkelenz"},"content":{"rendered":"<p class=\"text_ohne_einzug richtext text-em-55 !leading-serif mx-6 desktop:mx-0\"> Bei einem Unfall auf der Autobahn\u200946 zwischen Erkelenz-Ost und M\u00f6nchengladbach-Wanlo ist am Donnerstagvormittag, 28.\u2005August, ein Mann schwer verletzt worden. Das berichtet die zust\u00e4ndige <a href=\"https:\/\/rp-online.de\/thema\/polizei\/\" rel=\"nofollow noopener\" target=\"_blank\">Polizei<\/a> D\u00fcsseldorf. Im Bereich des Unfallorts m\u00fcsse mit \u201eerheblichen Verkehrsbeeintr\u00e4chtigungen\u201c gerechnet werden, warnt die Beh\u00f6rde und bittet, diesen \u201ewenn m\u00f6glich, gro\u00dfr\u00e4umig zu umfahren und auf den Verkehrswarnfunk zu achten\u201c. Die <a href=\"https:\/\/rp-online.de\/thema\/a46\/\" rel=\"nofollow noopener\" target=\"_blank\">A46<\/a> ist (Stand 12\u2005Uhr) in Richtung <a href=\"https:\/\/rp-online.de\/thema\/brilon\/\" rel=\"nofollow noopener\" target=\"_blank\">Brilon<\/a> voll gesperrt.<\/p>\n","protected":false},"excerpt":{"rendered":"Bei einem Unfall auf der Autobahn\u200946 zwischen Erkelenz-Ost und M\u00f6nchengladbach-Wanlo ist am Donnerstagvormittag, 28.\u2005August, ein Mann schwer verletzt&hellip;\n","protected":false},"author":2,"featured_media":379762,"comment_status":"","ping_status":"","sticky":false,"template":"","format":"standard","meta":{"footnotes":""},"categories":[1849],"tags":[3364,29,548,663,3934,30,13,4455,14,15,1209,12,1284],"class_list":{"0":"post-379761","1":"post","2":"type-post","3":"status-publish","4":"format-standard","5":"has-post-thumbnail","7":"category-moenchengladbach","8":"tag-de","9":"tag-deutschland","10":"tag-eu","11":"tag-europa","12":"tag-europe","13":"tag-germany","14":"tag-headlines","15":"tag-moenchengladbach","16":"tag-nachrichten","17":"tag-news","18":"tag-nordrhein-westfalen","19":"tag-schlagzeilen","20":"tag-unfall"},"share_on_mastodon":{"url":"https:\/\/pubeurope.com\/@de\/115106509361467590","error":""},"_links":{"self":[{"href":"https:\/\/www.europesays.com\/de\/wp-json\/wp\/v2\/posts\/379761","targetHints":{"allow":["GET"]}}],"collection":[{"href":"https:\/\/www.europesays.com\/de\/wp-json\/wp\/v2\/posts"}],"about":[{"href":"https:\/\/www.europesays.com\/de\/wp-json\/wp\/v2\/types\/post"}],"author":[{"embeddable":true,"href":"https:\/\/www.europesays.com\/de\/wp-json\/wp\/v2\/users\/2"}],"replies":[{"embeddable":true,"href":"https:\/\/www.europesays.com\/de\/wp-json\/wp\/v2\/comments?post=379761"}],"version-history":[{"count":0,"href":"https:\/\/www.europesays.com\/de\/wp-json\/wp\/v2\/posts\/379761\/revisions"}],"wp:featuredmedia":[{"embeddable":true,"href":"https:\/\/www.europesays.com\/de\/wp-json\/wp\/v2\/media\/379762"}],"wp:attachment":[{"href":"https:\/\/www.europesays.com\/de\/wp-json\/wp\/v2\/media?parent=379761"}],"wp:term":[{"taxonomy":"category","embeddable":true,"href":"https:\/\/www.europesays.com\/de\/wp-json\/wp\/v2\/categories?post=379761"},{"taxonomy":"post_tag","embeddable":true,"href":"https:\/\/www.europesays.com\/de\/wp-json\/wp\/v2\/tags?post=379761"}],"curies":[{"name":"wp","href":"https:\/\/api.w.org\/{rel}","templated":true}]}}