{"id":379763,"date":"2025-08-28T12:58:21","date_gmt":"2025-08-28T12:58:21","guid":{"rendered":"https:\/\/www.europesays.com\/de\/379763\/"},"modified":"2025-08-28T12:58:21","modified_gmt":"2025-08-28T12:58:21","slug":"schalke-arena-bietet-taylor-swift-kapelle-als-hochzeitsort-an","status":"publish","type":"post","link":"https:\/\/www.europesays.com\/de\/379763\/","title":{"rendered":"Schalke-Arena bietet Taylor Swift Kapelle als Hochzeitsort an"},"content":{"rendered":"<p class=\"expressive-copy-lg-body\">In einer knappen Stunde zehn Millionen Likes? Da muss etwas Weltbewegendes passiert sein! Es ist eine Lovestory der Superlative, die sich wie ein Lauffeuer verbreitet: Pop\u2011Superstar\u00a0Taylor\u00a0Swift\u00a0und NFL\u2011Spieler Travis Kelce haben sich verlobt.\u00a0Und sofort \u00fcberschlagen sich die Fragen im Netz und in den Klatschbl\u00e4ttern weltweit: Wann hat er wohl um ihre Hand angehalten? K\u00f6nnte der neue kurze Haarschnitt von Kelce ein Indiz f\u00fcr den Zeitpunkt sein? Im Juli waren seine Haare noch l\u00e4nger, kl\u00e4rt der Internetdienst \u201eTMZ.com\u201c auf.  Und vor allem: Wann und wo werden sie heiraten? In Gelsenkirchen?\u00a0<\/p>\n<p>   Gelsenkirchen-Newsletter: Jetzt anmelden!<\/p>\n<p class=\"text-body2 mt-2\">Nachrichten, Service, Reportagen: Jeden Tag wissen, was in unserer Stadt los ist.<\/p>\n<p class=\"text-caption text-copy-secondary\">\n          Mit meiner Anmeldung zum Newsletter stimme ich der<br \/>\n          <a href=\"https:\/\/www.waz.de\/services\/newsletter-adconsent\" class=\"text-overline text-copy-accent-negative dark:underline\" rel=\"nofollow noopener\" target=\"_blank\">Werbevereinbarung<\/a><br \/>\n          zu.\n        <\/p>\n<p class=\"expressive-copy-lg-body\">Nach der Verlobung von Taylor Swift mit Travis Kelce hat die Veltins-Arena in\u00a0Gelsenkirchen\u00a0der S\u00e4ngerin ihre eigene Kapelle als Hochzeitsort angeboten. Die Arena ver\u00f6ffentlichte dazu am Mittwoch ein Video auf ihrem Instagram-Kanal mit der Frage \u201eLooking for a wedding location?\u201c.<\/p>\n<p>    Auch interessant<\/p>\n<p>    <img decoding=\"async\" src=\"https:\/\/www.europesays.com\/de\/wp-content\/uploads\/2025\/06\/406829313_1721315031_v1_1_200.jpeg\" class=\"block w-full object-cover relative z-10 aspect-[1\/1] \" alt=\"Taylor Swift in Gelsenkirchen \" title=\"Taylor Town in Gelsenkirchen: Die Veranstalter hatten im Vorfeld nicht weniger als \u201eein Paradies f\u00fcr Fans der amerikanischen S\u00e4ngerin\u201c versprochen \u2013 und ihr Versprechen gehalten.\" loading=\"lazy\"\/><\/p>\n<p class=\"expressive-copy-lg-body\">Swift hatte im Sommer 2024 drei ausverkaufte Konzerte in der Arena gegeben. Damals hatte sich die Stadt zu dem Anlass zeitweise in \u201e<a href=\"https:\/\/www.waz.de\/lokales\/gelsenkirchen\/article409371626\/swiftkirchen-ruf-von-gelsenkirchen-nachhaltig-gestaerkt.html\" data-category-full-path=\"https:\/\/www.waz.de\/lokales\/gelsenkirchen\/\" data-paid-status=\"free\" data-article-publish-date=\"1751037716\" rel=\"nofollow noopener\" target=\"_blank\">Swiftkirchen<\/a>\u201c umbenannt, was auch international Beachtung fand. Erst k\u00fcrzlich erz\u00e4hlte Kelce in seinem\u00a0Podcast, ihm sei die<a href=\"https:\/\/www.waz.de\/lokales\/gelsenkirchen\/article409743496\/taylor-swift-beeindruckt-von-gelsenkirchen-noch-nie-erlebt.html\" data-category-full-path=\"https:\/\/www.waz.de\/lokales\/gelsenkirchen\/\" data-paid-status=\"free\" data-article-publish-date=\"1755161166\" rel=\"nofollow noopener\" target=\"_blank\"> tolle Choreographie der Fans in\u00a0Gelsenkirchen<\/a>\u00a0in Erinnerung geblieben. Auch Swift zeigte sich begeistert: \u201eDas war so sch\u00f6n! Die waren so begeistert dabei!\u201c<\/p>\n<p>    <img decoding=\"async\" src=\"https:\/\/www.europesays.com\/de\/wp-content\/uploads\/2025\/08\/407923854_1734468387_v16_9_1200.jpeg\" class=\"block w-full object-cover relative z-10 aspect-[16\/9] \" alt=\"Gelsenkirchen hatte sich in Swiftkirchen umbenannt.\" title=\"Gelsenkirchen hatte sich in Swiftkirchen umbenannt.\" loading=\"lazy\"\/><\/p>\n<p>\n      Gelsenkirchen hatte sich in Swiftkirchen umbenannt.<br \/>\n      \u00a9 dpa | Bernd Thissen\n    <\/p>\n<p class=\"expressive-copy-lg-body\">Die Stadt hatte zuletzt auch einen renommierten Preis f\u00fcr ihre Taylor-Swift-Kampagne erhalten: F\u00fcr \u201eherausragende Markenarbeit\u201c rund um den Ortsnamen \u201eSwiftkirchen\u201c ging der German Brand Award 2025 in Gold an die Emscherstadt.<\/p>\n<p class=\"expressive-copy-lg-body\">Mit dem aktuellen Angebot kn\u00fcpft die Arena an die besondere Fan-Resonanz der Konzerte an. Experten und Fans halten es jedoch f\u00fcr unwahrscheinlich, dass Swift und Kelce tats\u00e4chlich in Deutschland heiraten k\u00f6nnten.<\/p>\n<p>    Mehr zum Thema<\/p>\n","protected":false},"excerpt":{"rendered":"In einer knappen Stunde zehn Millionen Likes? Da muss etwas Weltbewegendes passiert sein! Es ist eine Lovestory der&hellip;\n","protected":false},"author":2,"featured_media":379764,"comment_status":"","ping_status":"","sticky":false,"template":"","format":"standard","meta":{"footnotes":""},"categories":[1848],"tags":[3364,29,548,663,3934,3658,30,13,14,15,1209,12],"class_list":{"0":"post-379763","1":"post","2":"type-post","3":"status-publish","4":"format-standard","5":"has-post-thumbnail","7":"category-gelsenkirchen","8":"tag-de","9":"tag-deutschland","10":"tag-eu","11":"tag-europa","12":"tag-europe","13":"tag-gelsenkirchen","14":"tag-germany","15":"tag-headlines","16":"tag-nachrichten","17":"tag-news","18":"tag-nordrhein-westfalen","19":"tag-schlagzeilen"},"share_on_mastodon":{"url":"https:\/\/pubeurope.com\/@de\/115106513211243021","error":""},"_links":{"self":[{"href":"https:\/\/www.europesays.com\/de\/wp-json\/wp\/v2\/posts\/379763","targetHints":{"allow":["GET"]}}],"collection":[{"href":"https:\/\/www.europesays.com\/de\/wp-json\/wp\/v2\/posts"}],"about":[{"href":"https:\/\/www.europesays.com\/de\/wp-json\/wp\/v2\/types\/post"}],"author":[{"embeddable":true,"href":"https:\/\/www.europesays.com\/de\/wp-json\/wp\/v2\/users\/2"}],"replies":[{"embeddable":true,"href":"https:\/\/www.europesays.com\/de\/wp-json\/wp\/v2\/comments?post=379763"}],"version-history":[{"count":0,"href":"https:\/\/www.europesays.com\/de\/wp-json\/wp\/v2\/posts\/379763\/revisions"}],"wp:featuredmedia":[{"embeddable":true,"href":"https:\/\/www.europesays.com\/de\/wp-json\/wp\/v2\/media\/379764"}],"wp:attachment":[{"href":"https:\/\/www.europesays.com\/de\/wp-json\/wp\/v2\/media?parent=379763"}],"wp:term":[{"taxonomy":"category","embeddable":true,"href":"https:\/\/www.europesays.com\/de\/wp-json\/wp\/v2\/categories?post=379763"},{"taxonomy":"post_tag","embeddable":true,"href":"https:\/\/www.europesays.com\/de\/wp-json\/wp\/v2\/tags?post=379763"}],"curies":[{"name":"wp","href":"https:\/\/api.w.org\/{rel}","templated":true}]}}