{"id":379777,"date":"2025-08-28T13:05:10","date_gmt":"2025-08-28T13:05:10","guid":{"rendered":"https:\/\/www.europesays.com\/de\/379777\/"},"modified":"2025-08-28T13:05:10","modified_gmt":"2025-08-28T13:05:10","slug":"muenster-angriff-in-supermarkt-auf-mann-regional","status":"publish","type":"post","link":"https:\/\/www.europesays.com\/de\/379777\/","title":{"rendered":"M\u00fcnster: Angriff in Supermarkt auf Mann | Regional"},"content":{"rendered":"<p>M\u00fcnster \u2013 <b>Ein 21-J\u00e4hriger wurde in einem Supermarkt in der Westhoffstra\u00dfe Opfer einer brutalen Attacke.<\/b><\/p>\n<p>Am 27.08.2025 gegen 09.23 Uhr gerieten der junge Mann und ein Unbekannter in einen Streit. Pl\u00f6tzlich eskalierte die Situation: Der Angreifer versetzte dem M\u00fcnsteraner einen Kopfsto\u00df und schlug ihm mehrfach ins Gesicht, bevor er die Flucht ergriff.<\/p>\n<p>Der Rettungsdienst versorgte das Opfer noch vor Ort.<\/p>\n<p>Dieser Text basiert auf einer offiziellen Beh\u00f6rden-Information und wurde mit Hilfe von KI erstellt.<\/p>\n","protected":false},"excerpt":{"rendered":"M\u00fcnster \u2013 Ein 21-J\u00e4hriger wurde in einem Supermarkt in der Westhoffstra\u00dfe Opfer einer brutalen Attacke. Am 27.08.2025 gegen&hellip;\n","protected":false},"author":2,"featured_media":316581,"comment_status":"","ping_status":"","sticky":false,"template":"","format":"standard","meta":{"footnotes":""},"categories":[1843],"tags":[3364,29,30,1000,2509,8970,1209,121,45,1995],"class_list":{"0":"post-379777","1":"post","2":"type-post","3":"status-publish","4":"format-standard","5":"has-post-thumbnail","7":"category-muenster","8":"tag-de","9":"tag-deutschland","10":"tag-germany","11":"tag-gewalt","12":"tag-ki-ots","13":"tag-muenster","14":"tag-nordrhein-westfalen","15":"tag-polizei","16":"tag-texttospeech","17":"tag-verbrechen"},"share_on_mastodon":{"url":"https:\/\/pubeurope.com\/@de\/115106540733710696","error":""},"_links":{"self":[{"href":"https:\/\/www.europesays.com\/de\/wp-json\/wp\/v2\/posts\/379777","targetHints":{"allow":["GET"]}}],"collection":[{"href":"https:\/\/www.europesays.com\/de\/wp-json\/wp\/v2\/posts"}],"about":[{"href":"https:\/\/www.europesays.com\/de\/wp-json\/wp\/v2\/types\/post"}],"author":[{"embeddable":true,"href":"https:\/\/www.europesays.com\/de\/wp-json\/wp\/v2\/users\/2"}],"replies":[{"embeddable":true,"href":"https:\/\/www.europesays.com\/de\/wp-json\/wp\/v2\/comments?post=379777"}],"version-history":[{"count":0,"href":"https:\/\/www.europesays.com\/de\/wp-json\/wp\/v2\/posts\/379777\/revisions"}],"wp:featuredmedia":[{"embeddable":true,"href":"https:\/\/www.europesays.com\/de\/wp-json\/wp\/v2\/media\/316581"}],"wp:attachment":[{"href":"https:\/\/www.europesays.com\/de\/wp-json\/wp\/v2\/media?parent=379777"}],"wp:term":[{"taxonomy":"category","embeddable":true,"href":"https:\/\/www.europesays.com\/de\/wp-json\/wp\/v2\/categories?post=379777"},{"taxonomy":"post_tag","embeddable":true,"href":"https:\/\/www.europesays.com\/de\/wp-json\/wp\/v2\/tags?post=379777"}],"curies":[{"name":"wp","href":"https:\/\/api.w.org\/{rel}","templated":true}]}}