{"id":379885,"date":"2025-08-28T14:40:10","date_gmt":"2025-08-28T14:40:10","guid":{"rendered":"https:\/\/www.europesays.com\/de\/379885\/"},"modified":"2025-08-28T14:40:10","modified_gmt":"2025-08-28T14:40:10","slug":"mediterrane-diaet-koennte-auswirkungen-der-genvariante-apoe-%ce%b54-abschwaechen-news-deutsches-aerzteblatt","status":"publish","type":"post","link":"https:\/\/www.europesays.com\/de\/379885\/","title":{"rendered":"Mediterrane Di\u00e4t k\u00f6nnte Auswirkungen der Genvariante ApoE-\u03b54 abschw\u00e4chen \u2013 News \u2013 Deutsches \u00c4rzteblatt"},"content":{"rendered":"<p class=\"leading-relaxed mb-5\">Boston \u2013 Eine lebenslange mediterrane Di\u00e4t kann m\u00f6glicherweise das Demenzrisiko im Alter senken. Am gr\u00f6\u00dften k\u00f6nnte die Schutzwirkung bei Menschen sein, die aufgrund der Genvariante ApoE-\u03b54 das h\u00f6chste Risiko f\u00fcr einen Morbus Alzheimer haben. Darauf deuten neue Studienergebnisse in Nature Medicine (2025; DOI: <a class=\"text-primary dark:text-primaryDark underline hyphens-auto\" target=\"_blank\" href=\"https:\/\/doi.org\/10.1038\/s41591-025-03891-5\" rel=\"nofollow noopener\">10.1038\/s41591-025-03891-5<\/a>) hin, die auch die Stoffwechselwege erforscht haben.<\/p>\n<p class=\"leading-relaxed mb-5\">Die Variante \u03b54 des Gens ApoE ist der wichtigste bekannte Risikofaktor f\u00fcr Morbus Alzheimer. Die etwa 25 % der Bev\u00f6lkerung, die \u03b54 auf einem der beiden Chromosomen 19 haben (heterozygot), erkranken 3- bis 4-fach h\u00e4ufiger an Morbus Alzheimer. Die 2 % der Bev\u00f6lkerung, die homozygot auf das Merkmal \u03b54 sind, haben sogar ein 12-fach erh\u00f6htes Risiko. <\/p>\n<p data-cy=\"author\" class=\"author text-sm text-gray mt-2 font-condensed italic\">rme<\/p>\n<p class=\"font-condensed font-medium tracking-wide mb-4 text-lg text-primary dark:text-primaryDark\">Zum Weiterlesen anmelden<\/p>\n<p class=\"text-sm\">Liebe Leserinnen und Leser,<\/p>\n<p class=\"text-sm\">dieser Beitrag ist nur f\u00fcr <strong>eingeloggte Benutzer<\/strong> sichtbar.<\/p>\n<p class=\"text-sm\">Bitte melden Sie sich an oder registrieren Sie sich neu.<\/p>\n<p class=\"text-sm\">Mit der <strong>kostenlosen Registrierung<\/strong> profitieren Sie von folgenden Vorteilen:<\/p>\n<p class=\"text-sm\">Erhalten Sie Zugriff auf nicht \u00f6ffentliche Inhalte<\/p>\n<ul class=\"flex flex-wrap text-md\">Fachgebiete:<\/p>\n<li class=\"text-primary dark:text-primaryDark mr-6 md:mr-4\"><a title=\"Alle Inhalte zum Fachgebiet \u201eNeurologie\u201c\" class=\"hover:underline\" href=\"https:\/\/www.aerzteblatt.de\/fachgebiete\/neurologie\" rel=\"nofollow noopener\" target=\"_blank\">Neurologie<\/a><\/li>\n<li class=\"text-primary dark:text-primaryDark mr-6 md:mr-4\"><a title=\"Alle Inhalte zum Fachgebiet \u201ePsychiatrie und Psychotherapie\u201c\" class=\"hover:underline\" href=\"https:\/\/www.aerzteblatt.de\/fachgebiete\/psychiatrie-und-psychotherapie\" rel=\"nofollow noopener\" target=\"_blank\">Psychiatrie und Psychotherapie<\/a><\/li>\n<\/ul>\n","protected":false},"excerpt":{"rendered":"Boston \u2013 Eine lebenslange mediterrane Di\u00e4t kann m\u00f6glicherweise das Demenzrisiko im Alter senken. Am gr\u00f6\u00dften k\u00f6nnte die Schutzwirkung&hellip;\n","protected":false},"author":2,"featured_media":379886,"comment_status":"","ping_status":"","sticky":false,"template":"","format":"standard","meta":{"footnotes":""},"categories":[137],"tags":[29,30,141,232],"class_list":{"0":"post-379885","1":"post","2":"type-post","3":"status-publish","4":"format-standard","5":"has-post-thumbnail","7":"category-gesundheit","8":"tag-deutschland","9":"tag-germany","10":"tag-gesundheit","11":"tag-health"},"share_on_mastodon":{"url":"https:\/\/pubeurope.com\/@de\/115106914705993168","error":""},"_links":{"self":[{"href":"https:\/\/www.europesays.com\/de\/wp-json\/wp\/v2\/posts\/379885","targetHints":{"allow":["GET"]}}],"collection":[{"href":"https:\/\/www.europesays.com\/de\/wp-json\/wp\/v2\/posts"}],"about":[{"href":"https:\/\/www.europesays.com\/de\/wp-json\/wp\/v2\/types\/post"}],"author":[{"embeddable":true,"href":"https:\/\/www.europesays.com\/de\/wp-json\/wp\/v2\/users\/2"}],"replies":[{"embeddable":true,"href":"https:\/\/www.europesays.com\/de\/wp-json\/wp\/v2\/comments?post=379885"}],"version-history":[{"count":0,"href":"https:\/\/www.europesays.com\/de\/wp-json\/wp\/v2\/posts\/379885\/revisions"}],"wp:featuredmedia":[{"embeddable":true,"href":"https:\/\/www.europesays.com\/de\/wp-json\/wp\/v2\/media\/379886"}],"wp:attachment":[{"href":"https:\/\/www.europesays.com\/de\/wp-json\/wp\/v2\/media?parent=379885"}],"wp:term":[{"taxonomy":"category","embeddable":true,"href":"https:\/\/www.europesays.com\/de\/wp-json\/wp\/v2\/categories?post=379885"},{"taxonomy":"post_tag","embeddable":true,"href":"https:\/\/www.europesays.com\/de\/wp-json\/wp\/v2\/tags?post=379885"}],"curies":[{"name":"wp","href":"https:\/\/api.w.org\/{rel}","templated":true}]}}