{"id":37989,"date":"2025-04-17T02:06:14","date_gmt":"2025-04-17T02:06:14","guid":{"rendered":"https:\/\/www.europesays.com\/de\/37989\/"},"modified":"2025-04-17T02:06:14","modified_gmt":"2025-04-17T02:06:14","slug":"wegen-verfahrensfehler-bundesgerichtshof-hebt-urteil-im-mordfall-hanna-auf","status":"publish","type":"post","link":"https:\/\/www.europesays.com\/de\/37989\/","title":{"rendered":"Wegen Verfahrensfehler: Bundesgerichtshof hebt Urteil im Mordfall Hanna auf"},"content":{"rendered":"<p>                    Wegen Verfahrensfehler<br \/>\n                Bundesgerichtshof hebt Urteil im Mordfall Hanna auf<\/p>\n<p>\t\t\t\t              16.04.2025, 20:20 Uhr<\/p>\n<p>\t\t\t\t\t       Artikel anh\u00f6ren<\/p>\n<p>\t\t\t\t\t\t\tDiese Audioversion wurde k\u00fcnstlich generiert. <a href=\"https:\/\/www.n-tv.de\/23249898\" target=\"_blank\" rel=\"noopener\">Mehr Infos<\/a><\/p>\n<p><strong>Eine Studentin wird nach einem Besuch eines Clubs im Oktober 2022 tot aus einem Fluss in Bayern geborgen. In einem langen Indizienprozess wird ein junger Mann vor einem Jahr des Mordes schuldig gesprochen. Doch nun muss der Fall neu verhandelt werden.<\/strong><\/p>\n<p>Der Bundesgerichtshof (BGH) hat das Urteil des Landgerichts Traunstein gegen einen jungen Mann wegen Mordes an der Medizinstudentin Hanna aufgehoben. Die Karlsruher Richter entschieden, dass der Fall neu verhandelt werden muss, wie der BGH nun mitteilte. <\/p>\n<p>Das Landgericht Traunstein hatte den inzwischen 23-j\u00e4hrigen Sebastian T. im M\u00e4rz vergangenen Jahres in einem langwierigen Indizienprozess <a href=\"https:\/\/www.n-tv.de\/panorama\/Hannas-Moerder-zu-neun-Jahren-Haft-verurteilt-article24814886.html\" rel=\"Follow noopener\" target=\"_blank\">zu einer Jugendstrafe von neun Jahren<\/a> wegen gef\u00e4hrlicher K\u00f6rperverletzung und Mordes verurteilt. Nach Auffassung der Kammer hatte der damals 20-J\u00e4hrige die Medizinstudentin am fr\u00fchen Morgen des 3. Oktober 2022 auf ihrem Heimweg von dem Club &#8222;Eiskeller&#8220; in Aschau im Chiemgau aus sexuellen Motiven von hinten angegriffen und dann in einen nahen Bach geworfen.<\/p>\n<p>Die Verteidigung legte Revision ein. Sie sah auch nach mehr als 30 Verhandlungstagen keine Beweise f\u00fcr die Schuld ihres Mandanten und hatte auf Freispruch pl\u00e4diert. Die Pflichtverteidiger Harald Baumg\u00e4rtl und Markus Frank sowie die Anw\u00e4ltin Regina Rick hatten die M\u00f6glichkeit nicht ausgeschlossen, dass die junge Frau, die bei ihrem Tod etwa zwei Promille Alkohol im Blut hatte, ohne fremdes Zutun in den Bach st\u00fcrzte.<\/p>\n<p>Die 23 Jahre alte Studentin war nach einem Besuch des Musikklubs &#8222;Eiskeller&#8220; in Aschau Anfang Oktober 2022 tot aus dem Fluss Prien geborgen worden. Der damals 20-j\u00e4hrige Angeklagte war zur n\u00e4chtlichen Tatzeit als Jogger vorbeigekommen. Die Vorsitzende Richterin am Landgericht Traunstein sprach damals von einer &#8222;Spontantat&#8220; aus sexuellen Motiven. Zu einer Vergewaltigung Hannas kam es jedoch nicht. <\/p>\n<p>Zweifel an Unparteilichkeit geweckt<\/p>\n<p>Der Senat des BGH begr\u00fcndet seine Entscheidung nun mit einem Verfahrensfehler, den auch die Verteidigung im Prozess ger\u00fcgt hatte. Die Vorsitzende der Jugendkammer h\u00e4tte an dem Urteil nicht mehr mitwirken d\u00fcrfen, entschied der BGH. Die Richterin hatte sich Anfang Januar 2024 in E-Mails mit dem Staatsanwalt \u00fcber die rechtliche W\u00fcrdigung von Erkenntnissen aus dem Prozess ausgetauscht, die Verteidigung hier\u00fcber aber in Unkenntnis gelassen.<\/p>\n<p>Die Verteidigung habe das erst mehr als einen Monat sp\u00e4ter erfahren, argumentierte der BGH. Die Verteidigung stellte damals einen Befangenheitsantrag, der aber abgelehnt wurde. Dies hielt der Nachpr\u00fcfung durch den Karlsruher Senat nicht stand. &#8222;Mit dem heimlichen Vorgehen konnte beim Angeklagten der Eindruck entstehen, dass die Vorsitzende sich nicht mehr unparteilich ihm gegen\u00fcber verhielt&#8220;, teilt der BGH nun mit. Nun muss eine andere Jugendkammer des Landgerichts Traunstein den Fall erneut verhandeln. Wann ein neues Verfahren starten k\u00f6nnte, war zun\u00e4chst offen.<\/p>\n","protected":false},"excerpt":{"rendered":"Wegen Verfahrensfehler Bundesgerichtshof hebt Urteil im Mordfall Hanna auf 16.04.2025, 20:20 Uhr Artikel anh\u00f6ren Diese Audioversion wurde k\u00fcnstlich&hellip;\n","protected":false},"author":2,"featured_media":37990,"comment_status":"","ping_status":"","sticky":false,"template":"","format":"standard","meta":{"footnotes":""},"categories":[5],"tags":[772,6644,13,984,11752,14,15,12,10,8,9,11,11747],"class_list":{"0":"post-37989","1":"post","2":"type-post","3":"status-publish","4":"format-standard","5":"has-post-thumbnail","7":"category-nachrichten","8":"tag-bayern","9":"tag-bundesgerichtshof","10":"tag-headlines","11":"tag-international","12":"tag-mord-und-totschlag","13":"tag-nachrichten","14":"tag-news","15":"tag-schlagzeilen","16":"tag-top-news","17":"tag-top-meldungen","18":"tag-topmeldungen","19":"tag-topnews","20":"tag-urteile"},"share_on_mastodon":{"url":"https:\/\/pubeurope.com\/@de\/114350862038029104","error":""},"_links":{"self":[{"href":"https:\/\/www.europesays.com\/de\/wp-json\/wp\/v2\/posts\/37989","targetHints":{"allow":["GET"]}}],"collection":[{"href":"https:\/\/www.europesays.com\/de\/wp-json\/wp\/v2\/posts"}],"about":[{"href":"https:\/\/www.europesays.com\/de\/wp-json\/wp\/v2\/types\/post"}],"author":[{"embeddable":true,"href":"https:\/\/www.europesays.com\/de\/wp-json\/wp\/v2\/users\/2"}],"replies":[{"embeddable":true,"href":"https:\/\/www.europesays.com\/de\/wp-json\/wp\/v2\/comments?post=37989"}],"version-history":[{"count":0,"href":"https:\/\/www.europesays.com\/de\/wp-json\/wp\/v2\/posts\/37989\/revisions"}],"wp:featuredmedia":[{"embeddable":true,"href":"https:\/\/www.europesays.com\/de\/wp-json\/wp\/v2\/media\/37990"}],"wp:attachment":[{"href":"https:\/\/www.europesays.com\/de\/wp-json\/wp\/v2\/media?parent=37989"}],"wp:term":[{"taxonomy":"category","embeddable":true,"href":"https:\/\/www.europesays.com\/de\/wp-json\/wp\/v2\/categories?post=37989"},{"taxonomy":"post_tag","embeddable":true,"href":"https:\/\/www.europesays.com\/de\/wp-json\/wp\/v2\/tags?post=37989"}],"curies":[{"name":"wp","href":"https:\/\/api.w.org\/{rel}","templated":true}]}}