{"id":380017,"date":"2025-08-28T16:18:13","date_gmt":"2025-08-28T16:18:13","guid":{"rendered":"https:\/\/www.europesays.com\/de\/380017\/"},"modified":"2025-08-28T16:18:13","modified_gmt":"2025-08-28T16:18:13","slug":"grosser-polizeieinsatz-in-teilbesetztem-haus-in-rigaer-strasse","status":"publish","type":"post","link":"https:\/\/www.europesays.com\/de\/380017\/","title":{"rendered":"Gro\u00dfer Polizeieinsatz in teilbesetztem Haus in Rigaer Stra\u00dfe"},"content":{"rendered":"<p>                    <img decoding=\"async\" loading=\"lazy\" class=\"internal-image\" title=\"Transparente h\u00e4ngen von den Balkonen an dem Haus Rigaer Strasse 96. Das teilbesetzte Geb\u00e4ude gilt als Symbol der linksradikalen Szene. \" alt=\"Transparente h\u00e4ngen von den Balkonen an dem Haus Rigaer Strasse 96. Das teilbesetzte Geb\u00e4ude gilt als Symbol der linksradikalen Szene. \" src=\"https:\/\/www.europesays.com\/de\/wp-content\/uploads\/2025\/08\/teilbesetztes-haus-rigaer-strasse-berlin-100-1920x1080.jpg\" \/><\/p>\n<p>                  Gro\u00dfer Polizeieinsatz in teilbesetztem Haus in Rigaer Stra\u00dfe (Carsten Koall\/dpa)<\/p>\n<p>An der Aktion und ihrer Absicherung waren rund 700 Polizisten beteiligt. Die Polizei erkl\u00e4rte auf X, Ziel sei, die aktuellen Bewohner zu identifizieren. Daf\u00fcr l\u00e4gen Durchsuchungsbeschl\u00fcsse eines Gerichts vor.<\/p>\n<p>Das Haus Rigaer Stra\u00dfe 94 gilt als eine der letzten Hochburgen der gewaltbereiten linksextremen Szene in der Hauptstadt. Um das Geb\u00e4ude gibt es seit vielen Jahren einen Rechtsstreit. Der Eigent\u00fcmer versucht immer wieder, die Bewohner aus dem Haus zu klagen. Anfang der Woche hatten Unbekannte das B\u00fcro eines Berliners verw\u00fcstet, dem die britische Eigent\u00fcmergesellschaft mehrheitlich geh\u00f6rt.<\/p>\n<p>Diese Nachricht wurde am 28.08.2025 im Programm Deutschlandfunk gesendet.<\/p>\n","protected":false},"excerpt":{"rendered":"Gro\u00dfer Polizeieinsatz in teilbesetztem Haus in Rigaer Stra\u00dfe (Carsten Koall\/dpa) An der Aktion und ihrer Absicherung waren rund&hellip;\n","protected":false},"author":2,"featured_media":380018,"comment_status":"","ping_status":"","sticky":false,"template":"","format":"standard","meta":{"footnotes":""},"categories":[1825],"tags":[1941,1939,296,1937,29,30,1940,1938],"class_list":{"0":"post-380017","1":"post","2":"type-post","3":"status-publish","4":"format-standard","5":"has-post-thumbnail","7":"category-berlin","8":"tag-aktuelle-nachrichten-aus-berlin","9":"tag-aktuelle-news-aus-berlin","10":"tag-berlin","11":"tag-berlin-news","12":"tag-deutschland","13":"tag-germany","14":"tag-nachrichten-aus-berlin","15":"tag-news-aus-berlin"},"share_on_mastodon":{"url":"https:\/\/pubeurope.com\/@de\/115107299651818250","error":""},"_links":{"self":[{"href":"https:\/\/www.europesays.com\/de\/wp-json\/wp\/v2\/posts\/380017","targetHints":{"allow":["GET"]}}],"collection":[{"href":"https:\/\/www.europesays.com\/de\/wp-json\/wp\/v2\/posts"}],"about":[{"href":"https:\/\/www.europesays.com\/de\/wp-json\/wp\/v2\/types\/post"}],"author":[{"embeddable":true,"href":"https:\/\/www.europesays.com\/de\/wp-json\/wp\/v2\/users\/2"}],"replies":[{"embeddable":true,"href":"https:\/\/www.europesays.com\/de\/wp-json\/wp\/v2\/comments?post=380017"}],"version-history":[{"count":0,"href":"https:\/\/www.europesays.com\/de\/wp-json\/wp\/v2\/posts\/380017\/revisions"}],"wp:featuredmedia":[{"embeddable":true,"href":"https:\/\/www.europesays.com\/de\/wp-json\/wp\/v2\/media\/380018"}],"wp:attachment":[{"href":"https:\/\/www.europesays.com\/de\/wp-json\/wp\/v2\/media?parent=380017"}],"wp:term":[{"taxonomy":"category","embeddable":true,"href":"https:\/\/www.europesays.com\/de\/wp-json\/wp\/v2\/categories?post=380017"},{"taxonomy":"post_tag","embeddable":true,"href":"https:\/\/www.europesays.com\/de\/wp-json\/wp\/v2\/tags?post=380017"}],"curies":[{"name":"wp","href":"https:\/\/api.w.org\/{rel}","templated":true}]}}