{"id":380019,"date":"2025-08-28T16:19:16","date_gmt":"2025-08-28T16:19:16","guid":{"rendered":"https:\/\/www.europesays.com\/de\/380019\/"},"modified":"2025-08-28T16:19:16","modified_gmt":"2025-08-28T16:19:16","slug":"privatwohnung-von-berliner-immobilienmakler-angegriffen","status":"publish","type":"post","link":"https:\/\/www.europesays.com\/de\/380019\/","title":{"rendered":"Privatwohnung von Berliner Immobilienmakler angegriffen"},"content":{"rendered":"<p class=\"tspAOg2\">Das Zeichen ist krakelig, aber eindeutig: Ein Hakenkreuz prangt an der Wohnungst\u00fcr von Erdal Kiyildi, Immobilienunternehmer aus Berlin. In der Nacht zu Dienstag sind Unbekannte in das Treppenhaus eingedrungen und hatten das NS-Symbol hinterlassen. Die Polizei ermittelt wegen Sachbesch\u00e4digung und der Verwendung verfassungsfeindlicher Kennzeichen, wie die Beh\u00f6rde auf Anfrage mitteilt. Der Staatsschutz leitet die Ermittlungen. <\/p>\n<p class=\"tspAOg2\">Kiyildi stand schon zuvor im Fokus von Rechtsau\u00dfen: Eines seiner H\u00e4user im s\u00e4chsischen Sebnitz wurde wiederholt mit rassistischen Parolen beschmiert. In dem Wohnhaus leben ukrainische Gefl\u00fcchtete. Kiyildi hat die Vorf\u00e4lle \u00f6ffentlich gemacht, richtete <a href=\"https:\/\/www.tagesspiegel.de\/politik\/ausschlaggebend-ist-der-faschismus-ein-berliner-immobilienmakler-hat-abgeschlossen-mit-sachsen-14175605.html?icid=in-text-link_14242031\" class=\"link link--internal\" data-gtm-class=\"article-text-link\" data-gtm-val=\"internal\" target=\"_blank\" rel=\"noopener\">sich gegen den sich ausbreitenden Faschismus in Sachsen auch im Tagesspiegel<\/a>. Nun wurde er offenkundig an seiner Privatadresse in Berlin heimgesucht. <\/p>\n<p> Taschenlampen und Spiritus-Geruch <\/p>\n<p class=\"tspAOg2\">Gegen 1 Uhr sei er in dieser Nacht nach Hause gekommen, berichtet Kiyildi im Gespr\u00e4ch mit dem Tagesspiegel. Als er wenig sp\u00e4ter ins Bad ging, habe er Ger\u00e4usche an seiner Appartement-T\u00fcr wahrgenommen, schaute durch den Spion und sah zwei Taschenlampen im Dunkeln. \u201eIch hab\u2019 dann laut gegen die T\u00fcr geschlagen, Alarm gemacht, dann sind sie weggerannt\u201d, sagt er.<\/p>\n<p class=\"tspAOg2\">Als er die T\u00fcr \u00f6ffnete, sah er das Hakenkreuz, zudem habe sich eine fl\u00fcssige Substanz an der T\u00fcr befunden, die nach Grillanz\u00fcnder gerochen habe. Kiyildi geht davon aus, dass es sich um Brandbeschleuniger gehandelt habe. Die Polizei konnte am Donnerstag noch keine Angaben zu der Substanz machen. Kiyildi verst\u00e4ndigte die Beamten kurz nach der Tat gegen 1.30 Uhr, fast eine Stunde sp\u00e4ter waren sie vor Ort.<\/p>\n<p class=\"tspAOg2\">Seit dem Vorfall schl\u00e4ft Kiyildi in wechselnden Hotels, zu seiner Familie h\u00e4lt er aktuell Abstand \u2013 aus Sicherheitsgr\u00fcnden. Dar\u00fcber hinaus habe er noch weitere Schutzma\u00dfnahmen ergriffen, berichtet er. \u201eIch war fr\u00fcher mal Personensch\u00fctzer. Aber ich h\u00e4tte nie gedacht, dass ich diese F\u00e4higkeiten mal einsetzen muss, um mich selbst zu sch\u00fctzen\u201d, sagt der 52-J\u00e4hrige. <\/p>\n<p> Mehr zum Thema Rechtsextremismus in Berlin <a href=\"https:\/\/www.tagesspiegel.de\/potsdam\/brandenburg\/verschworungsideologe-in-falkensee-ken-jebsen-will-in-offentlicher-halle-auftreten--und-die-stadt-gibt-sich-machtlos-14173367.html?icid=topic-list_14242031___\" data-gtm-class=\"article-mzt-link\" class=\"tspCMoe\" target=\"_blank\" rel=\"noopener\">Verschw\u00f6rungsideologe in Falkensee Ken Jebsen will in \u00f6ffentlicher Halle auftreten \u2013 und die Stadt gibt sich machtlos <\/a><a href=\"https:\/\/www.tagesspiegel.de\/berlin\/rechtsextremisten-kamen-aus-bautzen-attacke-am-ostkreuz-dann-antifa-solidaritat-am-alex-14161892.html?icid=topic-list_14242031___\" data-gtm-class=\"article-mzt-link\" class=\"tspCMoe\" target=\"_blank\" rel=\"noopener\">Rechtsextremisten kamen aus Bautzen  Erst Attacke am Ostkreuz, dann Antifa-Solidarit\u00e4t am Alex  <\/a><a href=\"https:\/\/www.tagesspiegel.de\/berlin\/revision-im-neukolln-komplex-abgewiesen-berliner-neonazis-mussen-nach-brandanschlagen-in-haft-14135891.html?icid=topic-list_14242031___\" data-gtm-class=\"article-mzt-link\" class=\"tspCMoe\" target=\"_blank\" rel=\"noopener\">Revision im Neuk\u00f6lln-Komplex verworfen Berliner Neonazis m\u00fcssen nach Brandanschl\u00e4gen in Haft <\/a><\/p>\n<p class=\"tspAOg2\">Hakenkreuz-Schmierereien, ob in Sebnitz oder an seiner Privatwohnung in Berlin, seien weitaus mehr als einfache Sachbesch\u00e4digungen, sagt Kiyildi: \u201eEs sind gezielte Einsch\u00fcchterungsversuche. Sie sollen Angst verbreiten\u201c. Dem m\u00fcsse die Zivilgesellschaft \u201eZusammenhalt, Menschlichkeit und Solidarit\u00e4t\u201c entgegensetzen. \u201eWegschauen darf keine Option sein\u201c, sagt der Berliner Unternehmer.<\/p>\n","protected":false},"excerpt":{"rendered":"Das Zeichen ist krakelig, aber eindeutig: Ein Hakenkreuz prangt an der Wohnungst\u00fcr von Erdal Kiyildi, Immobilienunternehmer aus Berlin.&hellip;\n","protected":false},"author":2,"featured_media":380020,"comment_status":"","ping_status":"","sticky":false,"template":"","format":"standard","meta":{"footnotes":""},"categories":[1825],"tags":[6154,296,29,30,121,770,859],"class_list":{"0":"post-380019","1":"post","2":"type-post","3":"status-publish","4":"format-standard","5":"has-post-thumbnail","7":"category-berlin","8":"tag-auslaenderfeindlichkeit","9":"tag-berlin","10":"tag-deutschland","11":"tag-germany","12":"tag-polizei","13":"tag-rechtsextremismus","14":"tag-sachsen"},"share_on_mastodon":{"url":"https:\/\/pubeurope.com\/@de\/115107303423014423","error":""},"_links":{"self":[{"href":"https:\/\/www.europesays.com\/de\/wp-json\/wp\/v2\/posts\/380019","targetHints":{"allow":["GET"]}}],"collection":[{"href":"https:\/\/www.europesays.com\/de\/wp-json\/wp\/v2\/posts"}],"about":[{"href":"https:\/\/www.europesays.com\/de\/wp-json\/wp\/v2\/types\/post"}],"author":[{"embeddable":true,"href":"https:\/\/www.europesays.com\/de\/wp-json\/wp\/v2\/users\/2"}],"replies":[{"embeddable":true,"href":"https:\/\/www.europesays.com\/de\/wp-json\/wp\/v2\/comments?post=380019"}],"version-history":[{"count":0,"href":"https:\/\/www.europesays.com\/de\/wp-json\/wp\/v2\/posts\/380019\/revisions"}],"wp:featuredmedia":[{"embeddable":true,"href":"https:\/\/www.europesays.com\/de\/wp-json\/wp\/v2\/media\/380020"}],"wp:attachment":[{"href":"https:\/\/www.europesays.com\/de\/wp-json\/wp\/v2\/media?parent=380019"}],"wp:term":[{"taxonomy":"category","embeddable":true,"href":"https:\/\/www.europesays.com\/de\/wp-json\/wp\/v2\/categories?post=380019"},{"taxonomy":"post_tag","embeddable":true,"href":"https:\/\/www.europesays.com\/de\/wp-json\/wp\/v2\/tags?post=380019"}],"curies":[{"name":"wp","href":"https:\/\/api.w.org\/{rel}","templated":true}]}}