{"id":380021,"date":"2025-08-28T16:25:12","date_gmt":"2025-08-28T16:25:12","guid":{"rendered":"https:\/\/www.europesays.com\/de\/380021\/"},"modified":"2025-08-28T16:25:12","modified_gmt":"2025-08-28T16:25:12","slug":"berlin-fuenfstoeckiges-wohnhaus-droht-der-einsturz-feuerwehr-raeumt-gebaeude","status":"publish","type":"post","link":"https:\/\/www.europesays.com\/de\/380021\/","title":{"rendered":"Berlin: F\u00fcnfst\u00f6ckiges Wohnhaus droht der Einsturz \u2013 Feuerwehr r\u00e4umt Geb\u00e4ude"},"content":{"rendered":"<p>Der Dachstuhl eines Hauses in Berlin hat sich so stark verschoben, dass ein Einsturz droht. Die Bewohner mussten das Geb\u00e4ude verlassen. Nun versucht das Technische Hilfswerk, das Schlimmste zu verhindern.<\/p>\n<p class=\"is-first-paragraph\" data-external=\"Article.FirstParagraph\">In Berlin-Mitte ist unweit des Friedrichstadtpalasts ein f\u00fcnfst\u00f6ckiges Wohn- und Gesch\u00e4ftsgeb\u00e4ude wegen Einsturzgefahr ger\u00e4umt worden. Wie die Feuerwehr mitteilte, waren 13 Menschen von der R\u00e4umung des Hauses in der Reinhardtstra\u00dfe, nahe der Ecke zur Friedrichstra\u00dfe, betroffen. In dem Geb\u00e4ude wohnen demnach aber noch mehr Menschen, sie waren zun\u00e4chst nicht anwesend und beispielsweise im Urlaub.<\/p>\n<p>F\u00fcr die Nacht m\u00fcssen sich die Bewohner wohl eine alternative Unterkunft suchen: Das <a class=\"is-link c-block-items__link c-link--rich-text-renderer\" href=\"https:\/\/www.welt.de\/themen\/technisches-hilfswerk\/\" data-internal-tracking-enabled=\"true\" data-internal-tracking=\"{&quot;action&quot;:&quot;click&quot;,&quot;label&quot;:&quot;link&quot;,&quot;name&quot;:&quot;Inline Element&quot;,&quot;data&quot;:{&quot;source&quot;:&quot;&quot;,&quot;target&quot;:&quot;https:\/\/www.welt.de\/themen\/technisches-hilfswerk\/&quot;,&quot;trackingName&quot;:&quot;&quot;,&quot;trackingLabel&quot;:&quot;&quot;}}\" rel=\"nofollow noopener\" target=\"_blank\">Technische Hilfswerk (THW)<\/a> begann am Nachmittag mit einem gro\u00dfen Einsatz, um ein weiteres Abrutschen des Daches zu verhindern. Das THW war eigenen Angaben zufolge mit etwa 50 Einsatzkr\u00e4ften und schwerem Ger\u00e4t vor Ort, unter anderem mit einem Kran.<\/p>\n<p>\u201eAktuell gehen wir davon aus, dass wir den Dachstuhl in seiner jetzigen Form feststellen k\u00f6nnen, also mittels Stahlseilen an einem weiteren Verrutschen sichern k\u00f6nnen\u201c, sagte THW-Fachberater Friedrich Engel. Der Einsatz d\u00fcrfte demnach bis tief in die Nacht andauern.<\/p>\n<p>\u201eDie Feuerwehr hat mich geweckt, sonst h\u00e4tten sie den Schl\u00fcsseldienst geholt\u201c, sagte ein junger Bewohner des Hauses, als er seine Wohnung verlassen musste. \u201eIch habe ein paar Anziehsachen eingepackt, Zahnb\u00fcrste. Was man halt so braucht.\u201c Den folgenreichen Schaden am Dach habe er nicht kommen sehen.<\/p>\n<p>Wann die Bewohner wieder in das Geb\u00e4ude ziehen k\u00f6nnen, blieb unklar. \u201eZum Umfang der schlussendlich notwendigen Bauma\u00dfnahmen kann zum jetzigen Zeitpunkt keine Auskunft gegeben werden, da der Umfang des Schadens noch nicht feststeht\u201c, teilte das Bezirksamt Mitte mit.<\/p>\n<p>Laut THW hat sich an dem betroffenen Geb\u00e4ude der Dachstuhl nach vorn Richtung Stra\u00dfe geschoben. Dachstuhl und Fassade w\u00fcrden Richtung Stra\u00dfe gedr\u00fcckt und drohten herunterzust\u00fcrzen. Die Reinhardtstra\u00dfe wurde von der Kreuzung Friedrichstra\u00dfe bis zur Albrechtstra\u00dfe komplett gesperrt und ist in diesem Abschnitt auch f\u00fcr Fu\u00dfg\u00e4nger derzeit nicht begehbar.<\/p>\n<p>Der Schaden ist der Feuerwehr zufolge schon vor einigen Tagen aufgefallen. Zun\u00e4chst sei ein Statiker informiert worden. \u201eWeil weitere Ver\u00e4nderungen nicht ausgeschlossen werden konnten, wurde heute auch die Feuerwehr mit hinzugezogen\u201c, sagte ein Feuerwehrsprecher.<\/p>\n<p>dpa\/gub<\/p>\n","protected":false},"excerpt":{"rendered":"Der Dachstuhl eines Hauses in Berlin hat sich so stark verschoben, dass ein Einsturz droht. Die Bewohner mussten&hellip;\n","protected":false},"author":2,"featured_media":380022,"comment_status":"","ping_status":"","sticky":false,"template":"","format":"standard","meta":{"footnotes":""},"categories":[1825],"tags":[296,2572,29,985,102840,30,110],"class_list":{"0":"post-380021","1":"post","2":"type-post","3":"status-publish","4":"format-standard","5":"has-post-thumbnail","7":"category-berlin","8":"tag-berlin","9":"tag-berlin-mitte","10":"tag-deutschland","11":"tag-feuerwehr","12":"tag-gebaeude-ks","13":"tag-germany","14":"tag-newsteam"},"share_on_mastodon":{"url":"","error":""},"_links":{"self":[{"href":"https:\/\/www.europesays.com\/de\/wp-json\/wp\/v2\/posts\/380021","targetHints":{"allow":["GET"]}}],"collection":[{"href":"https:\/\/www.europesays.com\/de\/wp-json\/wp\/v2\/posts"}],"about":[{"href":"https:\/\/www.europesays.com\/de\/wp-json\/wp\/v2\/types\/post"}],"author":[{"embeddable":true,"href":"https:\/\/www.europesays.com\/de\/wp-json\/wp\/v2\/users\/2"}],"replies":[{"embeddable":true,"href":"https:\/\/www.europesays.com\/de\/wp-json\/wp\/v2\/comments?post=380021"}],"version-history":[{"count":0,"href":"https:\/\/www.europesays.com\/de\/wp-json\/wp\/v2\/posts\/380021\/revisions"}],"wp:featuredmedia":[{"embeddable":true,"href":"https:\/\/www.europesays.com\/de\/wp-json\/wp\/v2\/media\/380022"}],"wp:attachment":[{"href":"https:\/\/www.europesays.com\/de\/wp-json\/wp\/v2\/media?parent=380021"}],"wp:term":[{"taxonomy":"category","embeddable":true,"href":"https:\/\/www.europesays.com\/de\/wp-json\/wp\/v2\/categories?post=380021"},{"taxonomy":"post_tag","embeddable":true,"href":"https:\/\/www.europesays.com\/de\/wp-json\/wp\/v2\/tags?post=380021"}],"curies":[{"name":"wp","href":"https:\/\/api.w.org\/{rel}","templated":true}]}}